{"id":10548,"date":"2018-10-29T12:45:31","date_gmt":"2018-10-29T15:45:31","guid":{"rendered":"http:\/\/www.jornaldaconstrucaocivil.com.br\/?p=10548"},"modified":"2018-10-29T12:45:31","modified_gmt":"2018-10-29T15:45:31","slug":"jovens-moradores-do-jardim-gramacho-recebem-projeto-de-fotografia-sustentavel-olhares-da-rua","status":"publish","type":"post","link":"https:\/\/construcaocivil.siriusmarketingedesign.com.br\/?p=10548","title":{"rendered":"Jovens moradores do Jardim Gramacho recebem projeto de fotografia sustent\u00e1vel \u2018Olhares da Rua\u2019"},"content":{"rendered":"<p dir=\"ltr\" style=\"text-align: justify;\"><span style=\"color: #993300;\">Outubro, 2018<\/span> &#8211; Cerca de 20 jovens moradores do Jardim Gramacho receber\u00e3o um desafio de 04 a 09 de novembro: retratar o local que j\u00e1 foi o maior aterro sanit\u00e1rio da Am\u00e9rica Latina com sua pr\u00f3pria perspectiva. O Projeto \u2018Eyes of The Street&#8217; \/ Olhares da Rua (em portugu\u00eas) chega pela primeira vez ao Rio de Janeiro, oferecendo oficinas de fotografia participativa para os jovens que vivem no local. Em parceria com a ONG Resgate da Inf\u00e2ncia Social (RISO), com a produtora Mairar\u00ea, e com a empresa social canadense Plastic Bank, o projeto far\u00e1 a exposi\u00e7\u00e3o das imagens no dia 10, na pr\u00f3pria comunidade, mostrando que Gramacho \u00e9 um espa\u00e7o de sobreviv\u00eancia e esperan\u00e7a e est\u00e1 pronto para alavancar um futuro diferente.<\/p>\n<figure id=\"attachment_10550\" aria-describedby=\"caption-attachment-10550\" style=\"width: 300px\" class=\"wp-caption alignleft\"><img loading=\"lazy\" decoding=\"async\" class=\"size-medium wp-image-10550\" src=\"http:\/\/www.jornaldaconstrucaocivil.com.br\/wp-content\/uploads\/2018\/10\/Projeto-Eyes-of-the-Street_Divulga\u00e7\u00e3o-5_peq-300x200.jpg\" alt=\"\" width=\"300\" height=\"200\" srcset=\"https:\/\/construcaocivil.siriusmarketingedesign.com.br\/wp-content\/uploads\/2018\/10\/Projeto-Eyes-of-the-Street_Divulga\u00e7\u00e3o-5_peq-300x200.jpg 300w, https:\/\/construcaocivil.siriusmarketingedesign.com.br\/wp-content\/uploads\/2018\/10\/Projeto-Eyes-of-the-Street_Divulga\u00e7\u00e3o-5_peq-450x300.jpg 450w, https:\/\/construcaocivil.siriusmarketingedesign.com.br\/wp-content\/uploads\/2018\/10\/Projeto-Eyes-of-the-Street_Divulga\u00e7\u00e3o-5_peq.jpg 600w\" sizes=\"auto, (max-width: 300px) 100vw, 300px\" \/><figcaption id=\"caption-attachment-10550\" class=\"wp-caption-text\">Projeto Eyes of the Street. Divulga\u00e7\u00e3o<\/figcaption><\/figure>\n<p dir=\"ltr\" style=\"text-align: justify;\">\u201cO Jardim Gramacho \u00e9 um ambiente de descarte social, com problemas complexos. A mensagem do bairro \u00e9 relevante para todo o mundo, pois o lixo \u00e9 um subproduto de qualquer pessoa que consome, indiferente de sua posi\u00e7\u00e3o social. O nosso desejo \u00e9 plantar uma semente de esperan\u00e7a e compartilhar com os jovens participantes a oportunidade que a fotografia nos traz, como ferramenta de observa\u00e7\u00e3o e reflex\u00e3o, de expressar quem n\u00f3s somos. Assim a gente cria la\u00e7os, desafia estere\u00f3tipos, e investe na autoestima dos participantes\u201d, destaca Giselle Barboza, empreendedora social, antrop\u00f3loga e co-fundadora do projeto.<\/p>\n<figure id=\"attachment_10551\" aria-describedby=\"caption-attachment-10551\" style=\"width: 300px\" class=\"wp-caption alignright\"><img loading=\"lazy\" decoding=\"async\" class=\"size-medium wp-image-10551\" src=\"http:\/\/www.jornaldaconstrucaocivil.com.br\/wp-content\/uploads\/2018\/10\/Projeto-Eyes-of-the-Street_Divulga\u00e7\u00e3o-2_peq-300x200.jpg\" alt=\"\" width=\"300\" height=\"200\" srcset=\"https:\/\/construcaocivil.siriusmarketingedesign.com.br\/wp-content\/uploads\/2018\/10\/Projeto-Eyes-of-the-Street_Divulga\u00e7\u00e3o-2_peq-300x200.jpg 300w, https:\/\/construcaocivil.siriusmarketingedesign.com.br\/wp-content\/uploads\/2018\/10\/Projeto-Eyes-of-the-Street_Divulga\u00e7\u00e3o-2_peq-450x300.jpg 450w, https:\/\/construcaocivil.siriusmarketingedesign.com.br\/wp-content\/uploads\/2018\/10\/Projeto-Eyes-of-the-Street_Divulga\u00e7\u00e3o-2_peq.jpg 600w\" sizes=\"auto, (max-width: 300px) 100vw, 300px\" \/><figcaption id=\"caption-attachment-10551\" class=\"wp-caption-text\">Projeto Eyes of the Street. Divulga\u00e7\u00e3o<\/figcaption><\/figure>\n<p dir=\"ltr\" style=\"text-align: justify;\">O projeto Eyes of The Street, que j\u00e1 teve edi\u00e7\u00f5es em Recife, Nova Guin\u00e9, e Portugal, conta com um time de empreendedores sociais e film makers para dialogar com os jovens sobre as imagens que ser\u00e3o feitas pelos pr\u00f3prios moradores; construir habilidades t\u00e9cnicas e interpessoais. Todo o equipamento levado para a comunidade, como c\u00e2meras, materiais did\u00e1ticos e metodologia, ser\u00e3o doados para a ONG RISO dar continuidade ao projeto. Sustentabilidade tamb\u00e9m ser\u00e1 pautada nas oficinas pela empresa social canadense Plastic Bank, premiada pelas Na\u00e7\u00f5es Unidas por criar uma economia criativa que reduz o lixo pl\u00e1stico enquanto combate \u00e0 pobreza. O objetivo nessa frente \u00e9 implementar uma infraestrutura de economia solid\u00e1ria em Gramacho, de modo que os catadores possam trocar pl\u00e1stico por bens de consumo e alimentos.<\/p>\n<p dir=\"ltr\" style=\"text-align: justify;\">O projeto dar\u00e1 voz \u00e0 hist\u00f3rias das pessoas que fazem de Gramacho um local de sobreviv\u00eancia, como a jovem Evelin Silva, 19 anos, m\u00e3e solteira de Kevin, cinco anos, que vive no local com mais duas amigas e v\u00ea nessa oportunidade uma forma de mostrar como \u00e9 a realidade de quem vive no Jardim Gramacho. \u201c\u00c9 algo diferente. Vai ajudar a gente a mostrar como vivemos. Sofremos muito preconceito por morar aqui na comunidade. Aqui tem muita gente com sonhos, de bem\u201d.<\/p>\n<p dir=\"ltr\" style=\"text-align: justify;\">No dia 10 de novembro haver\u00e1 a exposi\u00e7\u00e3o fotogr\u00e1fica com as fotos feitas pelos pr\u00f3prios participantes na comunidade e depois as fotos seguem para Londres para uma exposi\u00e7\u00e3o em 2019. A exposi\u00e7\u00e3o \u00e9 gratuita e aberta ao p\u00fablico e todos est\u00e3o convidados para comparecer no dia 10 e conhecer os olhares e afetos dos jovens moradores do Gramacho.<\/p>\n<p dir=\"ltr\" style=\"text-align: justify;\"><span style=\"color: #0000ff;\">Incentivo a exposi\u00e7\u00e3o<\/span><\/p>\n<p dir=\"ltr\" style=\"text-align: justify;\">Al\u00e9m da exposi\u00e7\u00e3o dentro da comunidade, o projeto incentiva, como parte da estrat\u00e9gia de dar voz aos jovens moradores do Jardim Gramacho e criar oportunidades para os participantes, parceria com as galerias de arte do Rio de Janeiro, e em todo o Brasil, dando oportunidade para inclus\u00e3o da exposi\u00e7\u00e3o em seus espa\u00e7os. Para as galerias que quiserem abrir um espa\u00e7o para as obras, o contato pode ser feito atrav\u00e9s do site<span style=\"color: #0000ff;\"> <a style=\"color: #0000ff;\" href=\"https:\/\/www.eyesofthestreet.org\/\" target=\"_blank\" rel=\"noopener\" data-saferedirecturl=\"https:\/\/www.google.com\/url?q=https:\/\/www.eyesofthestreet.org\/&amp;source=gmail&amp;ust=1540911049473000&amp;usg=AFQjCNFAS7LjFc2aSfXY2SAvYHndpRSvfQ\">https:\/\/www.eyesofthestreet.<wbr \/>org\/<\/a><\/span><\/p>\n<p dir=\"ltr\" style=\"text-align: justify;\"><span style=\"color: #0000ff;\">Sobre Jardim Gramacho<\/span><\/p>\n<p dir=\"ltr\" style=\"text-align: justify;\">Localizado na regi\u00e3o metropolitana do Rio de Janeiro, por quase 40 anos Jardim Gramacho foi o maior aterro sanit\u00e1rio da Am\u00e9rica Latina. Ocupando uma \u00e1rea de 1,3 milh\u00f5es de metros quadrados, ficou conhecido mundialmente atrav\u00e9s do document\u00e1rio Lixo Extraordin\u00e1rio (2011) e do \u00faltimo filme de Stephen Daldry (Trash, 2015). Fechado em 2012, o aterro deixou mais de 1.000 fam\u00edlias de ex catadores, incluindo seus filhos, vivendo no local. A maioria deles vive em habita\u00e7\u00f5es prec\u00e1rias, feitas de madeira compensada, papel\u00e3o, metal e qualquer material que possam encontrar. Gramacho n\u00e3o possui saneamento adequado nem um suprimento confi\u00e1vel de \u00e1gua.<\/p>\n<p dir=\"ltr\" style=\"text-align: justify;\"><strong><span style=\"color: #0000ff;\">Quem faz<\/span><\/strong><\/p>\n<p dir=\"ltr\" style=\"text-align: justify;\">Site:<span style=\"color: #0000ff;\"> <a style=\"color: #0000ff;\" href=\"http:\/\/www.ongriso.com.br\/\" target=\"_blank\" rel=\"noopener\" data-saferedirecturl=\"https:\/\/www.google.com\/url?q=http:\/\/www.ongriso.com.br&amp;source=gmail&amp;ust=1540911049473000&amp;usg=AFQjCNGeLmCcMYUVkYT5Vx8jYVwD-5EW7g\">www.ongriso.com.br<\/a><\/span><\/p>\n<p dir=\"ltr\" style=\"text-align: justify;\">\u00a0Site:<span style=\"color: #0000ff;\"> <a style=\"color: #0000ff;\" href=\"http:\/\/www.mairareprodutora.com\/\" target=\"_blank\" rel=\"noopener\" data-saferedirecturl=\"https:\/\/www.google.com\/url?q=http:\/\/www.mairareprodutora.com&amp;source=gmail&amp;ust=1540911049473000&amp;usg=AFQjCNFXF5hjp3GBUF2wFhAT1ilBRHyRYg\">www.mairareprodutora.com<\/a><\/span><\/p>\n<p dir=\"ltr\" style=\"text-align: justify;\">Site: <span style=\"color: #0000ff;\"><a style=\"color: #0000ff;\" href=\"http:\/\/www.plasticbank.org\/\" target=\"_blank\" rel=\"noopener\" data-saferedirecturl=\"https:\/\/www.google.com\/url?q=http:\/\/www.plasticbank.org&amp;source=gmail&amp;ust=1540911049473000&amp;usg=AFQjCNEYTILdmFEWKPEWMShiEOI-zF4ZeA\">www.plasticbank.org<\/a> <\/span><\/p>\n<p dir=\"ltr\">Servi\u00e7o:<\/p>\n<p dir=\"ltr\"><span style=\"font-family: tahoma, sans-serif;\"><strong><span style=\"color: #0000ff;\">Exposi\u00e7\u00e3o Eyes of The Street<\/span><\/strong><br class=\"m_4077728992320489841m_5669912240764855262m_-1770135738174731312m_7557935370068069279m_-8171472171629880948m_-770154805321481851m_-4865852029402661398m_-3783097223167446491m_309092543600787230gmail-m_7503755291989509364gmail-kix-line-break\" \/>Local: <span style=\"color: #000000;\">Rua Tocantins 30 &#8211; institui\u00e7\u00e3o Casa Amarela <span class=\"gmail_default\">&#8211; <\/span>Jardim Gramacho<\/span><br class=\"m_4077728992320489841m_5669912240764855262m_-1770135738174731312m_7557935370068069279m_-8171472171629880948m_-770154805321481851m_-4865852029402661398m_-3783097223167446491m_309092543600787230gmail-m_7503755291989509364gmail-kix-line-break\" \/>Data: 10 de novembro<br class=\"m_4077728992320489841m_5669912240764855262m_-1770135738174731312m_7557935370068069279m_-8171472171629880948m_-770154805321481851m_-4865852029402661398m_-3783097223167446491m_309092543600787230gmail-m_7503755291989509364gmail-kix-line-break\" \/>Hor\u00e1rio: <span class=\"gmail_default\">14h <\/span><br class=\"m_4077728992320489841m_5669912240764855262m_-1770135738174731312m_7557935370068069279m_-8171472171629880948m_-770154805321481851m_-4865852029402661398m_-3783097223167446491m_309092543600787230gmail-m_7503755291989509364gmail-kix-line-break\" \/>Entrada Franca<br class=\"m_4077728992320489841m_5669912240764855262m_-1770135738174731312m_7557935370068069279m_-8171472171629880948m_-770154805321481851m_-4865852029402661398m_-3783097223167446491m_309092543600787230gmail-m_7503755291989509364gmail-kix-line-break\" \/>Informa\u00e7\u00f5es:<span style=\"color: #0000ff;\"> <a style=\"color: #0000ff;\" href=\"https:\/\/www.eyesofthestreet.org\/\" target=\"_blank\" rel=\"noopener\" data-saferedirecturl=\"https:\/\/www.google.com\/url?q=https:\/\/www.eyesofthestreet.org\/&amp;source=gmail&amp;ust=1540911049473000&amp;usg=AFQjCNFAS7LjFc2aSfXY2SAvYHndpRSvfQ\">https:\/\/www.eyesofthestreet.<wbr \/>org\/<\/a><\/span><\/span><\/p>\n<p dir=\"ltr\">\n","protected":false},"excerpt":{"rendered":"<p>Outubro, 2018 &#8211; Cerca de 20 jovens moradores do Jardim Gramacho receber\u00e3o um desafio de 04 a 09 de novembro: retratar o local que j\u00e1 foi o maior aterro sanit\u00e1rio da Am\u00e9rica Latina com sua pr\u00f3pria perspectiva. O Projeto \u2018Eyes of The Street&#8217; \/ Olhares da Rua (em portugu\u00eas) chega pela primeira vez ao Rio [&hellip;]<\/p>\n","protected":false},"author":1,"featured_media":10549,"comment_status":"open","ping_status":"open","sticky":false,"template":"","format":"standard","meta":{"_uag_custom_page_level_css":"","footnotes":""},"categories":[37],"tags":[1067,1217,12853,3834,14101,14106,14104,14099,14108,14098,14105,14100,14103,14107,14102,9732,9945,12868],"class_list":["post-10548","post","type-post","status-publish","format-standard","has-post-thumbnail","hentry","category-sustentabilidade","tag-aterro-sanitario","tag-baixada-fluminense","tag-criancas-e-jovens","tag-duque-de-caxias-rj","tag-e-portugal","tag-empreendedores-sociais","tag-exposicao-entrada-gratuita","tag-exposicao-fotografica","tag-instituicao-casa-amarela","tag-jardim-gramacho-rj","tag-lixo-plastico","tag-nova-guine","tag-ong-resgate-da-infancia-social-riso","tag-onu-ods","tag-plastic-bank","tag-projeto-social","tag-recife","tag-sustentabilidade-e-cidadania"],"blocksy_meta":[],"spectra_blocks_featured_image_url":{"thumbnail":{"url":"https:\/\/construcaocivil.siriusmarketingedesign.com.br\/wp-content\/uploads\/2018\/10\/Projeto-Eyes-of-the-Street_Divulga\u00e7\u00e3o-7_peq-150x150.jpg","width":150,"height":150},"medium":{"url":"https:\/\/construcaocivil.siriusmarketingedesign.com.br\/wp-content\/uploads\/2018\/10\/Projeto-Eyes-of-the-Street_Divulga\u00e7\u00e3o-7_peq-300x200.jpg","width":300,"height":200},"medium_large":{"url":"https:\/\/construcaocivil.siriusmarketingedesign.com.br\/wp-content\/uploads\/2018\/10\/Projeto-Eyes-of-the-Street_Divulga\u00e7\u00e3o-7_peq.jpg","width":600,"height":400},"large":{"url":"https:\/\/construcaocivil.siriusmarketingedesign.com.br\/wp-content\/uploads\/2018\/10\/Projeto-Eyes-of-the-Street_Divulga\u00e7\u00e3o-7_peq.jpg","width":600,"height":400},"full":{"url":"https:\/\/construcaocivil.siriusmarketingedesign.com.br\/wp-content\/uploads\/2018\/10\/Projeto-Eyes-of-the-Street_Divulga\u00e7\u00e3o-7_peq.jpg","width":600,"height":400}},"spectra_blocks_author_info":{"display_name":"Jornal da Constru\u00e7\u00e3o Civil","avatar_url":"https:\/\/secure.gravatar.com\/avatar\/973c9774fd44ddaceb026973c4962faa70fc512bc4c9da68e8ebb40fecee6540?s=96&d=mm&r=g","author_link":"https:\/\/construcaocivil.siriusmarketingedesign.com.br\/?author=1","description":"Desde de 2013, levando muitas informa\u00e7\u00f5es, lan\u00e7amentos e produtos de qualidade para toda cadeia produtiva da constru\u00e7\u00e3o. O Futuro da constru\u00e7\u00e3o passa por aqui,"},"uagb_featured_image_src":{"full":["https:\/\/construcaocivil.siriusmarketingedesign.com.br\/wp-content\/uploads\/2018\/10\/Projeto-Eyes-of-the-Street_Divulga\u00e7\u00e3o-7_peq.jpg",600,400,false],"thumbnail":["https:\/\/construcaocivil.siriusmarketingedesign.com.br\/wp-content\/uploads\/2018\/10\/Projeto-Eyes-of-the-Street_Divulga\u00e7\u00e3o-7_peq-150x150.jpg",150,150,true],"medium":["https:\/\/construcaocivil.siriusmarketingedesign.com.br\/wp-content\/uploads\/2018\/10\/Projeto-Eyes-of-the-Street_Divulga\u00e7\u00e3o-7_peq-300x200.jpg",300,200,true],"medium_large":["https:\/\/construcaocivil.siriusmarketingedesign.com.br\/wp-content\/uploads\/2018\/10\/Projeto-Eyes-of-the-Street_Divulga\u00e7\u00e3o-7_peq.jpg",600,400,false],"large":["https:\/\/construcaocivil.siriusmarketingedesign.com.br\/wp-content\/uploads\/2018\/10\/Projeto-Eyes-of-the-Street_Divulga\u00e7\u00e3o-7_peq.jpg",600,400,false],"1536x1536":["https:\/\/construcaocivil.siriusmarketingedesign.com.br\/wp-content\/uploads\/2018\/10\/Projeto-Eyes-of-the-Street_Divulga\u00e7\u00e3o-7_peq.jpg",600,400,false],"2048x2048":["https:\/\/construcaocivil.siriusmarketingedesign.com.br\/wp-content\/uploads\/2018\/10\/Projeto-Eyes-of-the-Street_Divulga\u00e7\u00e3o-7_peq.jpg",600,400,false]},"uagb_author_info":{"display_name":"Jornal da Constru\u00e7\u00e3o Civil","author_link":"https:\/\/construcaocivil.siriusmarketingedesign.com.br\/?author=1"},"uagb_comment_info":0,"uagb_excerpt":"Outubro, 2018 &#8211; Cerca de 20 jovens moradores do Jardim Gramacho receber\u00e3o um desafio de 04 a 09 de novembro: retratar o local que j\u00e1 foi o maior aterro sanit\u00e1rio da Am\u00e9rica Latina com sua pr\u00f3pria perspectiva. O Projeto \u2018Eyes of The Street&#8217; \/ Olhares da Rua (em portugu\u00eas) chega pela primeira vez ao Rio&hellip;","_links":{"self":[{"href":"https:\/\/construcaocivil.siriusmarketingedesign.com.br\/index.php?rest_route=\/wp\/v2\/posts\/10548","targetHints":{"allow":["GET"]}}],"collection":[{"href":"https:\/\/construcaocivil.siriusmarketingedesign.com.br\/index.php?rest_route=\/wp\/v2\/posts"}],"about":[{"href":"https:\/\/construcaocivil.siriusmarketingedesign.com.br\/index.php?rest_route=\/wp\/v2\/types\/post"}],"author":[{"embeddable":true,"href":"https:\/\/construcaocivil.siriusmarketingedesign.com.br\/index.php?rest_route=\/wp\/v2\/users\/1"}],"replies":[{"embeddable":true,"href":"https:\/\/construcaocivil.siriusmarketingedesign.com.br\/index.php?rest_route=%2Fwp%2Fv2%2Fcomments&post=10548"}],"version-history":[{"count":0,"href":"https:\/\/construcaocivil.siriusmarketingedesign.com.br\/index.php?rest_route=\/wp\/v2\/posts\/10548\/revisions"}],"wp:featuredmedia":[{"embeddable":true,"href":"https:\/\/construcaocivil.siriusmarketingedesign.com.br\/index.php?rest_route=\/wp\/v2\/media\/10549"}],"wp:attachment":[{"href":"https:\/\/construcaocivil.siriusmarketingedesign.com.br\/index.php?rest_route=%2Fwp%2Fv2%2Fmedia&parent=10548"}],"wp:term":[{"taxonomy":"category","embeddable":true,"href":"https:\/\/construcaocivil.siriusmarketingedesign.com.br\/index.php?rest_route=%2Fwp%2Fv2%2Fcategories&post=10548"},{"taxonomy":"post_tag","embeddable":true,"href":"https:\/\/construcaocivil.siriusmarketingedesign.com.br\/index.php?rest_route=%2Fwp%2Fv2%2Ftags&post=10548"}],"curies":[{"name":"wp","href":"https:\/\/api.w.org\/{rel}","templated":true}]}}