{"id":1055,"date":"2016-03-11T17:46:22","date_gmt":"2016-03-11T17:46:22","guid":{"rendered":"http:\/\/www.jornaldaconstrucaocivil.com.br\/?p=1055"},"modified":"2016-03-11T17:46:22","modified_gmt":"2016-03-11T17:46:22","slug":"foton-caminhoes-inicia-etapa-definitiva-para-construcao-de-sua-fabrica-no-rio-grande-do-sul","status":"publish","type":"post","link":"https:\/\/construcaocivil.siriusmarketingedesign.com.br\/?p=1055","title":{"rendered":"Foton Caminh\u00f5es inicia etapa definitiva para constru\u00e7\u00e3o de sua f\u00e1brica no Rio Grande do Sul"},"content":{"rendered":"<p><strong><span style=\"color: #000080;\">Empresa anuncia aprova\u00e7\u00e3o pela equipe t\u00e9cnica do BNDES do empr\u00e9stimo de 65 milh\u00f5es de reais que se destinar\u00e3o \u00e0 constru\u00e7\u00e3o dos galp\u00f5es industriais e aquisi\u00e7\u00e3o do maquin\u00e1rio.<\/span><\/strong><\/p>\n<p><span style=\"color: #000000;\">Foi tamb\u00e9m assinado com o Governo do Estado um segundo aditivo ao Protocolo de Inten\u00e7\u00f5es &#8211; que define e regula o projeto de instala\u00e7\u00e3o da Foton Aumark do Brasil no munic\u00edpio de Gua\u00edba &#8211; e que incorpora a linha de Vans e SUVs \u00e0 dos caminh\u00f5es leves de at\u00e9 24 toneladas de peso bruto para serem produzidos no local.<\/span><\/p>\n<p><span style=\"color: #000000;\">A Foton Caminh\u00f5es d\u00e1 mais um importante passo para constru\u00e7\u00e3o de suas instala\u00e7\u00f5es industriais na cidade de Gua\u00edba, no Rio Grande do Sul. No dia 10, quinta-feira, a empresa comunicou oficialmente ao Governo do RS que o BNDES aprovou &#8211; em seu n\u00edvel t\u00e9cnico &#8211; o empr\u00e9stimo de 65 milh\u00f5es de reais que a empresa utilizar\u00e1 na constru\u00e7\u00e3o de sua unidade industrial.<\/span><\/p>\n<figure id=\"attachment_1056\" aria-describedby=\"caption-attachment-1056\" style=\"width: 300px\" class=\"wp-caption alignleft\"><a href=\"http:\/\/www.jornaldaconstrucaocivil.com.br\/wp-content\/uploads\/2016\/03\/FOTON-OK.jpg\"><img loading=\"lazy\" decoding=\"async\" class=\"wp-image-1056 size-medium\" src=\"http:\/\/www.jornaldaconstrucaocivil.com.br\/wp-content\/uploads\/2016\/03\/FOTON-OK-300x200.jpg\" alt=\"FOTON OK\" width=\"300\" height=\"200\" \/><\/a><figcaption id=\"caption-attachment-1056\" class=\"wp-caption-text\"><span style=\"color: #ff0000;\"><span style=\"color: #000080;\">O Evento contou com as presen\u00e7as:<\/span> Governador do Rio Grande do Sul, Jos\u00e9 Ivo Sartori, o Secret\u00e1rio do Desenvolvimento Econ\u00f4mico, F\u00e1bio Branco, e o Prefeito de Gua\u00edba, Henrique Tavares. Do quadro executivo da Foton, o Presidente do Conselho, Luiz Carlos Mendon\u00e7a de Barros e o CEO, Bernardo Hamacek. <span style=\"color: #000080;\">Foto: Foton Caminh\u00f5es<\/span><\/span><\/figcaption><\/figure>\n<p><span style=\"color: #000000;\">O encontro oficial, realizado na prefeitura de Gua\u00edba, contou com a presen\u00e7a do Governador do Rio Grande do Sul, Jos\u00e9 Ivo Sartori, o Secret\u00e1rio do Desenvolvimento Econ\u00f4mico, F\u00e1bio Branco, e o Prefeito de Gua\u00edba, Henrique Tavares. Do quadro executivo da Foton, o Presidente do Conselho, Luiz Carlos Mendon\u00e7a de Barros e o CEO, Bernardo Hamacek, comunicaram o in\u00edcio da segunda parte das obras, que prev\u00ea as instala\u00e7\u00f5es industriais da f\u00e1brica.<\/span><\/p>\n<p><span style=\"color: #000000;\">\u201cToda a infraestrutura est\u00e1 pronta, j\u00e1 terraplanamos e cercamos todo o terreno e as exig\u00eancias ambientais foram todas cumpridas, ou seja, o terreno est\u00e1 pronto agora para receber as instala\u00e7\u00f5es industriais. Al\u00e9m disso, j\u00e1 temos os primeiros ve\u00edculos da s\u00e9rie pr\u00e9-operacional, com elevado grau de componentes nacionais, aprovados nos testes exigidos pelas autoridades competentes para seu registro\u201d, diz Mendon\u00e7a de Barros. A despeito das atuais incertezas pol\u00edticas com consequentes dificuldades econ\u00f4micas, o executivo ressalta que a Foton Caminh\u00f5es ir\u00e1 manter intactos seus planos de longo prazo no Brasil. \u201cAcreditamos tanto no extraordin\u00e1rio potencial do mercado brasileiro como na incr\u00edvel capacidade de retomada de crescimento econ\u00f4mico, t\u00e3o logo os empres\u00e1rios observem sinais de estabilidade\u201d.<\/span><\/p>\n<p><span style=\"color: #000000;\">As obras para constru\u00e7\u00e3o da f\u00e1brica da Foton no Brasil contam com um plano de investimentos total da ordem de R$ 250 milh\u00f5es (deste montante, R$ 160 milh\u00f5es ser\u00e3o direcionados para a constru\u00e7\u00e3o da f\u00e1brica e o restante para uma nova \u00e1rea de desenvolvimento de produtos) e capacidade de produ\u00e7\u00e3o de 20 mil caminh\u00f5es por ano. O espa\u00e7o ter\u00e1 190 mil metros quadrados de \u00e1rea constru\u00edda.<\/span><\/p>\n<p><span style=\"color: #000000;\">\u201cEsta unidade industrial da Foton Caminh\u00f5es em Gua\u00edba ser\u00e1 uma das mais importantes e estrat\u00e9gicas para a matriz uma vez que est\u00e3o em nossos planos torn\u00e1-la um polo de exporta\u00e7\u00e3o da marca para todos os pa\u00edses da Am\u00e9rica Latina\u201d, destaca Hamacek.<\/span><\/p>\n<p><span style=\"color: #000000;\">Com o in\u00edcio da segunda parte do projeto de constru\u00e7\u00e3o da f\u00e1brica de Gua\u00edba, a previs\u00e3o \u00e9 que a mesma comece a operar no primeiro semestre do ano que vem. Enquanto aguarda a constru\u00e7\u00e3o de sua f\u00e1brica pr\u00f3pria e com o objetivo de manter rigorosamente seus planos de produ\u00e7\u00e3o de ve\u00edculos comerciais no Brasil ainda neste ano, a Foton produzir\u00e1 seus caminh\u00f5es de 3.5 e 10 toneladas nas instala\u00e7\u00f5es industriais de um parceiro, por tempo determinado.<\/span><\/p>\n","protected":false},"excerpt":{"rendered":"<p>Empresa anuncia aprova\u00e7\u00e3o pela equipe t\u00e9cnica do BNDES do empr\u00e9stimo de 65 milh\u00f5es de reais que se destinar\u00e3o \u00e0 constru\u00e7\u00e3o dos galp\u00f5es industriais e aquisi\u00e7\u00e3o do maquin\u00e1rio. Foi tamb\u00e9m assinado com o Governo do Estado um segundo aditivo ao Protocolo de Inten\u00e7\u00f5es &#8211; que define e regula o projeto de instala\u00e7\u00e3o da Foton Aumark do [&hellip;]<\/p>\n","protected":false},"author":1,"featured_media":1056,"comment_status":"open","ping_status":"open","sticky":false,"template":"","format":"standard","meta":{"_uag_custom_page_level_css":"","footnotes":""},"categories":[32],"tags":[122,1535,2142,2848,5221,5528,5703,7067,10384],"class_list":["post-1055","post","type-post","status-publish","format-standard","has-post-thumbnail","hentry","category-maquinas-e-equipamentos","tag-20-mil-caminhoes","tag-brasil","tag-ceo-bernardo-hamacek","tag-construcao-da-fabrica","tag-foton-caminhoes","tag-governador-jose-ivo-sartori","tag-guaiba","tag-luis-carlos-mendonca-de-barros","tag-rio-grande-do-sul"],"blocksy_meta":[],"spectra_blocks_featured_image_url":[],"spectra_blocks_author_info":{"display_name":"Jornal da Constru\u00e7\u00e3o Civil","avatar_url":"https:\/\/secure.gravatar.com\/avatar\/973c9774fd44ddaceb026973c4962faa70fc512bc4c9da68e8ebb40fecee6540?s=96&d=mm&r=g","author_link":"https:\/\/construcaocivil.siriusmarketingedesign.com.br\/?author=1","description":"Desde de 2013, levando muitas informa\u00e7\u00f5es, lan\u00e7amentos e produtos de qualidade para toda cadeia produtiva da constru\u00e7\u00e3o. O Futuro da constru\u00e7\u00e3o passa por aqui,"},"uagb_featured_image_src":{"full":false,"thumbnail":false,"medium":false,"medium_large":false,"large":false,"1536x1536":false,"2048x2048":false},"uagb_author_info":{"display_name":"Jornal da Constru\u00e7\u00e3o Civil","author_link":"https:\/\/construcaocivil.siriusmarketingedesign.com.br\/?author=1"},"uagb_comment_info":0,"uagb_excerpt":"Empresa anuncia aprova\u00e7\u00e3o pela equipe t\u00e9cnica do BNDES do empr\u00e9stimo de 65 milh\u00f5es de reais que se destinar\u00e3o \u00e0 constru\u00e7\u00e3o dos galp\u00f5es industriais e aquisi\u00e7\u00e3o do maquin\u00e1rio. Foi tamb\u00e9m assinado com o Governo do Estado um segundo aditivo ao Protocolo de Inten\u00e7\u00f5es &#8211; que define e regula o projeto de instala\u00e7\u00e3o da Foton Aumark do&hellip;","_links":{"self":[{"href":"https:\/\/construcaocivil.siriusmarketingedesign.com.br\/index.php?rest_route=\/wp\/v2\/posts\/1055","targetHints":{"allow":["GET"]}}],"collection":[{"href":"https:\/\/construcaocivil.siriusmarketingedesign.com.br\/index.php?rest_route=\/wp\/v2\/posts"}],"about":[{"href":"https:\/\/construcaocivil.siriusmarketingedesign.com.br\/index.php?rest_route=\/wp\/v2\/types\/post"}],"author":[{"embeddable":true,"href":"https:\/\/construcaocivil.siriusmarketingedesign.com.br\/index.php?rest_route=\/wp\/v2\/users\/1"}],"replies":[{"embeddable":true,"href":"https:\/\/construcaocivil.siriusmarketingedesign.com.br\/index.php?rest_route=%2Fwp%2Fv2%2Fcomments&post=1055"}],"version-history":[{"count":0,"href":"https:\/\/construcaocivil.siriusmarketingedesign.com.br\/index.php?rest_route=\/wp\/v2\/posts\/1055\/revisions"}],"wp:attachment":[{"href":"https:\/\/construcaocivil.siriusmarketingedesign.com.br\/index.php?rest_route=%2Fwp%2Fv2%2Fmedia&parent=1055"}],"wp:term":[{"taxonomy":"category","embeddable":true,"href":"https:\/\/construcaocivil.siriusmarketingedesign.com.br\/index.php?rest_route=%2Fwp%2Fv2%2Fcategories&post=1055"},{"taxonomy":"post_tag","embeddable":true,"href":"https:\/\/construcaocivil.siriusmarketingedesign.com.br\/index.php?rest_route=%2Fwp%2Fv2%2Ftags&post=1055"}],"curies":[{"name":"wp","href":"https:\/\/api.w.org\/{rel}","templated":true}]}}