{"id":10566,"date":"2018-11-01T15:03:54","date_gmt":"2018-11-01T18:03:54","guid":{"rendered":"http:\/\/www.jornaldaconstrucaocivil.com.br\/?p=10566"},"modified":"2018-11-01T15:03:54","modified_gmt":"2018-11-01T18:03:54","slug":"suvinil-e-elephant-parade-levam-os-elefantes-mais-famosos-do-mundo-para-as-ruas-do-rio-de-janeiro","status":"publish","type":"post","link":"https:\/\/construcaocivil.siriusmarketingedesign.com.br\/?p=10566","title":{"rendered":"Suvinil e Elephant Parade levam os elefantes mais famosos do mundo para as ruas do Rio de Janeiro"},"content":{"rendered":"<p class=\"m_-5419700449526444340FormatStandard\" style=\"text-align: justify;\"><span style=\"color: #000000;\"><b><span lang=\"PT\">01 de novembro de 2018 &#8211;<\/span><\/b><span lang=\"PT\">\u00a0Depois de passar por 26 cidades em 17 pa\u00edses, a Elephant Parade chega as ruas da cidade do Rio de Janeiro no dia de hoje (01\/11). Com 66 est\u00e1tuas customizadas por grandes artistas nacionais, esta ser\u00e1 uma das maiores exposi\u00e7\u00f5es de arte ao ar livre da hist\u00f3ria da cidade.<u><\/u><u><\/u><\/span><\/span><\/p>\n<p class=\"m_-5419700449526444340FormatStandard\" style=\"text-align: justify;\"><span lang=\"PT\" style=\"color: #000000;\">As esculturas, no tamanho real de um beb\u00ea elefante, ao final da exposi\u00e7\u00e3o ser\u00e3o leiloadas e parte da quantia arrecadada ser\u00e1 destinada a filantropia local, projetos de preserva\u00e7\u00e3o dos elefantes e aos artistas participantes.<u><\/u><u><\/u><\/span><\/p>\n<figure id=\"attachment_10568\" aria-describedby=\"caption-attachment-10568\" style=\"width: 300px\" class=\"wp-caption alignleft\"><img loading=\"lazy\" decoding=\"async\" class=\"size-medium wp-image-10568\" src=\"http:\/\/www.jornaldaconstrucaocivil.com.br\/wp-content\/uploads\/2018\/11\/ELEFANT-II-300x225.jpg\" alt=\"\" width=\"300\" height=\"225\" srcset=\"https:\/\/construcaocivil.siriusmarketingedesign.com.br\/wp-content\/uploads\/2018\/11\/ELEFANT-II-300x225.jpg 300w, https:\/\/construcaocivil.siriusmarketingedesign.com.br\/wp-content\/uploads\/2018\/11\/ELEFANT-II-86x64.jpg 86w, https:\/\/construcaocivil.siriusmarketingedesign.com.br\/wp-content\/uploads\/2018\/11\/ELEFANT-II.jpg 656w\" sizes=\"auto, (max-width: 300px) 100vw, 300px\" \/><figcaption id=\"caption-attachment-10568\" class=\"wp-caption-text\">Elephant Parade faz parte do projeto Suvinil Al\u00e9m da Cor. Divulga\u00e7\u00e3o<\/figcaption><\/figure>\n<p class=\"m_-5419700449526444340FormatStandard\" style=\"text-align: justify;\"><span lang=\"PT\" style=\"color: #000000;\">A participa\u00e7\u00e3o da Suvinil na Elephant Parade faz parte do projeto\u00a0<b>Suvinil Al\u00e9m da Cor<\/b>, que tem como objetivo apoiar iniciativas que tragam benef\u00edcios \u00e0 sociedade, transformando por meio das cores a vida das pessoas que possuem uma rela\u00e7\u00e3o com um espa\u00e7o ou bem p\u00fablico.\u00a0<u><\/u><u><\/u><\/span><\/p>\n<p class=\"m_-5419700449526444340FormatStandard\" style=\"text-align: justify;\"><span lang=\"PT\" style=\"color: #000000;\">\u201cPor meio do projeto Suvinil Al\u00e9m da Cor, damos cor e vida ao transformar a rela\u00e7\u00e3o das pessoas com diferentes ambientes, seja investindo em um museu, colorindo os muros das casas de uma comunidade, ou chamando a aten\u00e7\u00e3o das pessoas para uma causa social, como a da Elephant Parade\u201d, comenta Rafael Conejo, gerente de Comunica\u00e7\u00e3o e Marca da Suvinil.<u><\/u><u><\/u><\/span><\/p>\n<p class=\"m_-5419700449526444340Corpo\" style=\"text-align: justify;\"><span lang=\"PT\" style=\"color: #000000;\">Entre as 66 est\u00e1tuas que colorir\u00e3o os principais pontos tur\u00edsticos do Rio de Janeiro, oito s\u00e3o uma homenagem da Suvinil para a cidade maravilhosa. As obras Elephant in WonderLand (Rog\u00e9rio Fernandes), Que seja doce (\u00c9rica Morais), Steampunk (Ricardo Dantas), Fant\u00e1stico (Renan Cristian), Suhki (Babi Wrobel), Jasmim Manga (Flow), \u00d4 abre alas, que eu quero brincar (Levi Cintra) e Tributo a Van Gogh (Dion\u00e9ia Israel Fraga), poder\u00e3o ser visitadas nas seguintes localidades:<\/span><\/p>\n<ul>\n<li><span style=\"color: #800000;\">Bondinho P\u00e3o de A\u00e7\u00facar\u00a0&#8211; Av. Pasteur, 520 &#8211; Urca<\/span><\/li>\n<li><span style=\"color: #800000;\">Av. Vieira Souto X Esquina com Farm de Amoedo &#8211; Ipanema<\/span><\/li>\n<li><span style=\"color: #800000;\">BarraShopping &#8211; Av. das Am\u00e9ricas , 4.666 &#8211; Barra da Tijuca<\/span><\/li>\n<li><span style=\"color: #800000;\">Yndu Lounge &#8211; Av. do Pep\u00ea, s\/n\u00ba &#8211; Barra da Tijuca<\/span><\/li>\n<li><span style=\"color: #800000;\">Av. Atl\u00e2ntica, 1702 &#8211; pr\u00f3ximo ao Belmond Copacabana Palace &#8211; Copacabana<\/span><\/li>\n<li><span style=\"color: #800000;\">Pra\u00e7a Jornalista Mario Filho, s\/n\u00ba (esquina com Rua Oleg\u00e1rio Maciel) &#8211; Barra da Tijuca<\/span><\/li>\n<li><span style=\"color: #800000;\">Pra\u00e7a Mau\u00e1 n\u00ba1 \u2013 pr\u00f3ximo ao AcquaRio &#8211; Centro<\/span><\/li>\n<li><span style=\"color: #800000;\">Av. L\u00facio Costa, n\u00ba 6849 (pr\u00f3ximo ao Apha Barra) &#8211; Barra da Tijuca<\/span><\/li>\n<\/ul>\n<p style=\"text-align: justify;\">\nCada uma delas conta uma hist\u00f3ria e retrata uma realidade. Pintadas por artistas convidados pela Suvinil, os elefantes estar\u00e3o nas ruas at\u00e9 o dia 29 de novembro.<\/p>\n<p style=\"text-align: justify;\">As outras obras estar\u00e3o nos principais pontos tur\u00edsticos do Rio de Janeiro como o P\u00e3o de A\u00e7\u00facar, as Orlas da Zona Sul e Barra da Tijuca, o Centro Hist\u00f3rico, a Pra\u00e7a Mau\u00e1, o Parque Laje e o Jardim Bot\u00e2nico.<\/p>\n<p><strong>Servi\u00e7o:<\/strong><\/p>\n<p><strong>Elephant Parede<\/strong><\/p>\n<p><strong>Data:<\/strong>\u00a0de 01 a 29 de novembro<\/p>\n<p><strong>Acesse o site e descubra o mapa da manada:<\/strong><span style=\"color: #0000ff;\">\u00a0<a style=\"color: #0000ff;\" href=\"http:\/\/www.elephantparade.com.br\/\" data-saferedirecturl=\"https:\/\/www.google.com\/url?q=http:\/\/www.elephantparade.com.br&amp;source=gmail&amp;ust=1541180143145000&amp;usg=AFQjCNH8W0Cb_BSSoMznZzGXzhxZxL780A\">www.elephantparade.com.br<\/a><\/span><\/p>\n<p>Conhe\u00e7a a plataforma on-line com todo o hist\u00f3rico de interven\u00e7\u00f5es promovidas pelo Suvinil<\/p>\n<p><strong>Al\u00e9m da Cor:\u00a0<\/strong><span style=\"color: #0000ff;\"><a style=\"color: #0000ff;\" href=\"https:\/\/www.suvinil.com.br\/alemdacor\" data-saferedirecturl=\"https:\/\/www.google.com\/url?q=https:\/\/www.suvinil.com.br\/alemdacor&amp;source=gmail&amp;ust=1541180143145000&amp;usg=AFQjCNGLL33A7hu3cKcJRKHmleydohWzSQ\">https:\/\/www.suvinil.com.br\/alemdacor<\/a><\/span><\/p>\n<p>Fonte: Imprensa\/Suvinil<\/p>\n<p>&nbsp;<\/p>\n<p><strong>\u00a0\u00a0\u00a0\u00a0\u00a0\u00a0\u00a0\u00a0\u00a0\u00a0\u00a0\u00a0\u00a0\u00a0\u00a0\u00a0\u00a0\u00a0\u00a0<\/strong><\/p>\n<p>&nbsp;<\/p>\n<p><strong>\u00a0<\/strong><\/p>\n<p>&nbsp;<\/p>\n<p>&nbsp;<\/p>\n<p>&nbsp;<\/p>\n<p>&nbsp;<\/p>\n<p>&nbsp;<\/p>\n<p>&nbsp;<\/p>\n<p>&#8230;<\/p>\n<p>[Mensagem reduzida]\u00a0\u00a0<a href=\"https:\/\/mail.google.com\/mail\/u\/0?ui=2&amp;ik=3a27c13c33&amp;view=lg&amp;permmsgid=msg-f%3A1615951094240213092&amp;ser=1\">Ver toda a mensagem<\/a><\/p>\n<p>\u00c1rea de anexos<\/p>\n","protected":false},"excerpt":{"rendered":"<p>01 de novembro de 2018 &#8211;\u00a0Depois de passar por 26 cidades em 17 pa\u00edses, a Elephant Parade chega as ruas da cidade do Rio de Janeiro no dia de hoje (01\/11). Com 66 est\u00e1tuas customizadas por grandes artistas nacionais, esta ser\u00e1 uma das maiores exposi\u00e7\u00f5es de arte ao ar livre da hist\u00f3ria da cidade. As [&hellip;]<\/p>\n","protected":false},"author":1,"featured_media":10567,"comment_status":"open","ping_status":"open","sticky":false,"template":"","format":"standard","meta":{"_uag_custom_page_level_css":"","footnotes":""},"categories":[37],"tags":[14145,14144,14142,14140,14137,6472,14143,14141,10375,10679,14139,14138,14146],"class_list":["post-10566","post","type-post","status-publish","format-standard","has-post-thumbnail","hentry","category-sustentabilidade","tag-artistas-brasileiros","tag-bebe-elefante","tag-centro-historico","tag-elephant-parede-toma-conta-do-rio","tag-extincao-dos-elefantes","tag-jardim-botanico","tag-parque-laje","tag-projetos-de-preservacao-dos-elefantes","tag-rio-de-janeiro","tag-sao-paulo-sp","tag-sustentabilidade-e-preservacao-do-ecossistema","tag-suvinil-alem-da-cor","tag-tintas-e-cores-variadas"],"blocksy_meta":[],"spectra_blocks_featured_image_url":{"thumbnail":{"url":"https:\/\/construcaocivil.siriusmarketingedesign.com.br\/wp-content\/uploads\/2018\/11\/ELEFANT-150x150.jpg","width":150,"height":150},"medium":{"url":"https:\/\/construcaocivil.siriusmarketingedesign.com.br\/wp-content\/uploads\/2018\/11\/ELEFANT-300x240.jpg","width":300,"height":240},"medium_large":{"url":"https:\/\/construcaocivil.siriusmarketingedesign.com.br\/wp-content\/uploads\/2018\/11\/ELEFANT.jpg","width":635,"height":508},"large":{"url":"https:\/\/construcaocivil.siriusmarketingedesign.com.br\/wp-content\/uploads\/2018\/11\/ELEFANT.jpg","width":635,"height":508},"full":{"url":"https:\/\/construcaocivil.siriusmarketingedesign.com.br\/wp-content\/uploads\/2018\/11\/ELEFANT.jpg","width":635,"height":508}},"spectra_blocks_author_info":{"display_name":"Jornal da Constru\u00e7\u00e3o Civil","avatar_url":"https:\/\/secure.gravatar.com\/avatar\/973c9774fd44ddaceb026973c4962faa70fc512bc4c9da68e8ebb40fecee6540?s=96&d=mm&r=g","author_link":"https:\/\/construcaocivil.siriusmarketingedesign.com.br\/?author=1","description":"Desde de 2013, levando muitas informa\u00e7\u00f5es, lan\u00e7amentos e produtos de qualidade para toda cadeia produtiva da constru\u00e7\u00e3o. O Futuro da constru\u00e7\u00e3o passa por aqui,"},"uagb_featured_image_src":{"full":["https:\/\/construcaocivil.siriusmarketingedesign.com.br\/wp-content\/uploads\/2018\/11\/ELEFANT.jpg",635,508,false],"thumbnail":["https:\/\/construcaocivil.siriusmarketingedesign.com.br\/wp-content\/uploads\/2018\/11\/ELEFANT-150x150.jpg",150,150,true],"medium":["https:\/\/construcaocivil.siriusmarketingedesign.com.br\/wp-content\/uploads\/2018\/11\/ELEFANT-300x240.jpg",300,240,true],"medium_large":["https:\/\/construcaocivil.siriusmarketingedesign.com.br\/wp-content\/uploads\/2018\/11\/ELEFANT.jpg",635,508,false],"large":["https:\/\/construcaocivil.siriusmarketingedesign.com.br\/wp-content\/uploads\/2018\/11\/ELEFANT.jpg",635,508,false],"1536x1536":["https:\/\/construcaocivil.siriusmarketingedesign.com.br\/wp-content\/uploads\/2018\/11\/ELEFANT.jpg",635,508,false],"2048x2048":["https:\/\/construcaocivil.siriusmarketingedesign.com.br\/wp-content\/uploads\/2018\/11\/ELEFANT.jpg",635,508,false]},"uagb_author_info":{"display_name":"Jornal da Constru\u00e7\u00e3o Civil","author_link":"https:\/\/construcaocivil.siriusmarketingedesign.com.br\/?author=1"},"uagb_comment_info":0,"uagb_excerpt":"01 de novembro de 2018 &#8211;\u00a0Depois de passar por 26 cidades em 17 pa\u00edses, a Elephant Parade chega as ruas da cidade do Rio de Janeiro no dia de hoje (01\/11). Com 66 est\u00e1tuas customizadas por grandes artistas nacionais, esta ser\u00e1 uma das maiores exposi\u00e7\u00f5es de arte ao ar livre da hist\u00f3ria da cidade. As&hellip;","_links":{"self":[{"href":"https:\/\/construcaocivil.siriusmarketingedesign.com.br\/index.php?rest_route=\/wp\/v2\/posts\/10566","targetHints":{"allow":["GET"]}}],"collection":[{"href":"https:\/\/construcaocivil.siriusmarketingedesign.com.br\/index.php?rest_route=\/wp\/v2\/posts"}],"about":[{"href":"https:\/\/construcaocivil.siriusmarketingedesign.com.br\/index.php?rest_route=\/wp\/v2\/types\/post"}],"author":[{"embeddable":true,"href":"https:\/\/construcaocivil.siriusmarketingedesign.com.br\/index.php?rest_route=\/wp\/v2\/users\/1"}],"replies":[{"embeddable":true,"href":"https:\/\/construcaocivil.siriusmarketingedesign.com.br\/index.php?rest_route=%2Fwp%2Fv2%2Fcomments&post=10566"}],"version-history":[{"count":0,"href":"https:\/\/construcaocivil.siriusmarketingedesign.com.br\/index.php?rest_route=\/wp\/v2\/posts\/10566\/revisions"}],"wp:featuredmedia":[{"embeddable":true,"href":"https:\/\/construcaocivil.siriusmarketingedesign.com.br\/index.php?rest_route=\/wp\/v2\/media\/10567"}],"wp:attachment":[{"href":"https:\/\/construcaocivil.siriusmarketingedesign.com.br\/index.php?rest_route=%2Fwp%2Fv2%2Fmedia&parent=10566"}],"wp:term":[{"taxonomy":"category","embeddable":true,"href":"https:\/\/construcaocivil.siriusmarketingedesign.com.br\/index.php?rest_route=%2Fwp%2Fv2%2Fcategories&post=10566"},{"taxonomy":"post_tag","embeddable":true,"href":"https:\/\/construcaocivil.siriusmarketingedesign.com.br\/index.php?rest_route=%2Fwp%2Fv2%2Ftags&post=10566"}],"curies":[{"name":"wp","href":"https:\/\/api.w.org\/{rel}","templated":true}]}}