{"id":10581,"date":"2018-11-03T13:57:05","date_gmt":"2018-11-03T16:57:05","guid":{"rendered":"http:\/\/www.jornaldaconstrucaocivil.com.br\/?p=10581"},"modified":"2018-11-03T13:57:05","modified_gmt":"2018-11-03T16:57:05","slug":"sem-nocao-anuncio-da-fusao-dos-ministerios-da-agricultura-e-meio-ambiente-preocupa-a-coalizao-brasil","status":"publish","type":"post","link":"https:\/\/construcaocivil.siriusmarketingedesign.com.br\/?p=10581","title":{"rendered":"Sem no\u00e7\u00e3o: An\u00fancio da fus\u00e3o dos minist\u00e9rios da Agricultura e Meio Ambiente preocupa a Coaliz\u00e3o Brasil"},"content":{"rendered":"<p class=\"m_-5584918245419335848padding-copy\" style=\"text-align: justify;\">Novembro de 2018 \u2013 A\u00a0<span style=\"color: #0000ff;\"><a style=\"color: #0000ff;\" href=\"https:\/\/app.workr.com.br\/LinkOpen.aspx?mid=07aa4043-f4cf-4c54-b33b-d53e2e3e3616&amp;lid=V0YI3UK3iL6Gu9gn+lFkhw==\" target=\"_blank\" rel=\"noopener\" data-saferedirecturl=\"https:\/\/www.google.com\/url?q=https:\/\/app.workr.com.br\/LinkOpen.aspx?mid%3D07aa4043-f4cf-4c54-b33b-d53e2e3e3616%26lid%3DV0YI3UK3iL6Gu9gn%2BlFkhw%3D%3D&amp;source=gmail&amp;ust=1541347934291000&amp;usg=AFQjCNEPccRHnmNQ0Rp-dsbj4a6bOF67aQ\"><em>Coaliz\u00e3o Brasil Clima, Florestas e Agricultura<\/em><\/a><\/span>\u00a0recebeu com preocupa\u00e7\u00e3o a not\u00edcia de que o presidente eleito, Jair Bolsonaro, e sua equipe consideram fundir os minist\u00e9rios do Meio Ambiente e da Agricultura.<\/p>\n<p class=\"m_-5584918245419335848padding-copy\" style=\"text-align: justify;\">Conforme\u00a0<span style=\"color: #0000ff;\"><a style=\"color: #0000ff;\" href=\"https:\/\/app.workr.com.br\/LinkOpen.aspx?mid=07aa4043-f4cf-4c54-b33b-d53e2e3e3616&amp;lid=O6cJtOisk+og8h4m2kZVIw==\" target=\"_blank\" rel=\"noopener\" data-saferedirecturl=\"https:\/\/www.google.com\/url?q=https:\/\/app.workr.com.br\/LinkOpen.aspx?mid%3D07aa4043-f4cf-4c54-b33b-d53e2e3e3616%26lid%3DO6cJtOisk%2Bog8h4m2kZVIw%3D%3D&amp;source=gmail&amp;ust=1541347934291000&amp;usg=AFQjCNGbsGaGj5RWUerV5ZNVSyKg1cDZHA\">carta divulgada em 18 de outubro, endere\u00e7ada aos candidatos \u00e0s elei\u00e7\u00f5es presidenciais do segundo turno<\/a><\/span>, a\u00a0<em>Coaliz\u00e3o Brasil<\/em>\u00a0ressalta que a uni\u00e3o desses minist\u00e9rios pode p\u00f4r em xeque um necess\u00e1rio equil\u00edbrio de for\u00e7as que precisa ser respeitado no \u00e2mbito das pol\u00edticas p\u00fablicas. Um \u00f3rg\u00e3o regulador n\u00e3o pode estar submetido a um setor regulado, por uma quest\u00e3o de coer\u00eancia e boa governan\u00e7a.<\/p>\n<p class=\"m_-5584918245419335848padding-copy\" style=\"text-align: justify;\">Nos \u00faltimos anos, a\u00a0<em>Coaliz\u00e3o Brasil<\/em>\u00a0tem trabalhado junto a esses minist\u00e9rios com o objetivo de contribuir para a sinergia e complementariedade das pol\u00edticas p\u00fablicas dessas pastas. Ambas as agendas (meio ambiente e agricultura) s\u00e3o fundamentais para garantir o balan\u00e7o entre a conserva\u00e7\u00e3o ambiental e a produ\u00e7\u00e3o sustent\u00e1vel e devem ter o mesmo peso na tomada de decis\u00e3o do governo.<\/p>\n<p class=\"m_-5584918245419335848padding-copy\" style=\"text-align: justify;\">Al\u00e9m disso, a atua\u00e7\u00e3o do Minist\u00e9rio do Meio Ambiente vai al\u00e9m das quest\u00f5es agr\u00edcola e florestal, envolvendo tamb\u00e9m, entre outras, o licenciamento de obras, o controle da polui\u00e7\u00e3o, o uso de produtos qu\u00edmicos e a seguran\u00e7a h\u00eddrica. O fortalecimento das institui\u00e7\u00f5es federais, como o IBAMA e o ICMBio, \u00e9 condi\u00e7\u00e3o essencial para assegurar o papel do Estado nestas agendas. Portanto, a agenda ambiental \u00e9 muito mais ampla do que somente a pasta da Agricultura.<\/p>\n<p class=\"m_-5584918245419335848padding-copy\" style=\"text-align: justify;\">Os membros da\u00a0<em>Coaliz\u00e3o Brasil<\/em>\u00a0\u2013 representantes do agroneg\u00f3cio, das entidades de defesa do meio ambiente, da academia e do setor financeiro \u2013 est\u00e3o \u00e0 disposi\u00e7\u00e3o do governo eleito para apresentar em mais detalhes os riscos envolvidos nessa fus\u00e3o, assim como apresentar as in\u00fameras oportunidades que o pa\u00eds tem ao usufruir de uma economia de baixo carbono. A\u00a0<em>Coaliz\u00e3o Brasil<\/em>\u00a0\u00e9 um movimento apartid\u00e1rio, que apresentou\u00a0<span style=\"color: #0000ff;\"><a style=\"color: #0000ff;\" href=\"https:\/\/app.workr.com.br\/LinkOpen.aspx?mid=07aa4043-f4cf-4c54-b33b-d53e2e3e3616&amp;lid=snyT+hO7qlihNFA5KLDU7g==\" target=\"_blank\" rel=\"noopener\" data-saferedirecturl=\"https:\/\/www.google.com\/url?q=https:\/\/app.workr.com.br\/LinkOpen.aspx?mid%3D07aa4043-f4cf-4c54-b33b-d53e2e3e3616%26lid%3DsnyT%2BhO7qlihNFA5KLDU7g%3D%3D&amp;source=gmail&amp;ust=1541347934291000&amp;usg=AFQjCNE76a6ueSV3L8STnVYiwZzojbzDig\">28 propostas<\/a><\/span>\u00a0aos principais candidatos \u00e0s elei\u00e7\u00f5es deste ano e que segue aberta a contribuir para o desenvolvimento sustent\u00e1vel do pa\u00eds.<\/p>\n<p>Fonte: imprensa\/<em>Coaliz\u00e3o Brasil\u00a0<\/em>\u2013\u00a0<span style=\"color: #0000ff;\"><a style=\"color: #0000ff;\" href=\"https:\/\/app.workr.com.br\/LinkOpen.aspx?mid=07aa4043-f4cf-4c54-b33b-d53e2e3e3616&amp;lid=t\/ABSPaYAFnM6qe\/2jawig==\" target=\"_blank\" rel=\"noopener\" data-saferedirecturl=\"https:\/\/www.google.com\/url?q=https:\/\/app.workr.com.br\/LinkOpen.aspx?mid%3D07aa4043-f4cf-4c54-b33b-d53e2e3e3616%26lid%3Dt\/ABSPaYAFnM6qe\/2jawig%3D%3D&amp;source=gmail&amp;ust=1541347934291000&amp;usg=AFQjCNG7sWCVzm0hQPflzwGB7qt578vphQ\">coalizaobr.com.br<\/a><\/span><\/p>\n","protected":false},"excerpt":{"rendered":"<p>Novembro de 2018 \u2013 A\u00a0Coaliz\u00e3o Brasil Clima, Florestas e Agricultura\u00a0recebeu com preocupa\u00e7\u00e3o a not\u00edcia de que o presidente eleito, Jair Bolsonaro, e sua equipe consideram fundir os minist\u00e9rios do Meio Ambiente e da Agricultura. Conforme\u00a0carta divulgada em 18 de outubro, endere\u00e7ada aos candidatos \u00e0s elei\u00e7\u00f5es presidenciais do segundo turno, a\u00a0Coaliz\u00e3o Brasil\u00a0ressalta que a uni\u00e3o desses [&hellip;]<\/p>\n","protected":false},"author":1,"featured_media":10582,"comment_status":"open","ping_status":"open","sticky":false,"template":"","format":"standard","meta":{"_uag_custom_page_level_css":"","footnotes":""},"categories":[27],"tags":[529,829,14173,1220,14174,14171,14177,14175,14172,7438,14176],"class_list":["post-10581","post","type-post","status-publish","format-standard","has-post-thumbnail","hentry","category-acontece","tag-agricultura","tag-aquecimento-global","tag-atrapalhada-do-governo-eleito-pode-causar-prejuizos-para-o-brasil","tag-baixo-carbono","tag-clima-e-florestas","tag-coalizao-brasil-e-contra-fusao-do-mma-com-ma","tag-conservacao-ambiental","tag-entidades-sao-contra-fusao-do-mma-e-ma","tag-governo-eleito-recusa-sobre-fusao-de-ministerios","tag-meio-ambiente","tag-seguranca-hidrica"],"blocksy_meta":[],"spectra_blocks_featured_image_url":{"thumbnail":{"url":"https:\/\/construcaocivil.siriusmarketingedesign.com.br\/wp-content\/uploads\/2018\/11\/ECO-oq-faz-o-mma-150x150.jpg","width":150,"height":150},"medium":{"url":"https:\/\/construcaocivil.siriusmarketingedesign.com.br\/wp-content\/uploads\/2018\/11\/ECO-oq-faz-o-mma-300x200.jpg","width":300,"height":200},"medium_large":{"url":"https:\/\/construcaocivil.siriusmarketingedesign.com.br\/wp-content\/uploads\/2018\/11\/ECO-oq-faz-o-mma-768x511.jpg","width":768,"height":511},"large":{"url":"https:\/\/construcaocivil.siriusmarketingedesign.com.br\/wp-content\/uploads\/2018\/11\/ECO-oq-faz-o-mma.jpg","width":811,"height":540},"full":{"url":"https:\/\/construcaocivil.siriusmarketingedesign.com.br\/wp-content\/uploads\/2018\/11\/ECO-oq-faz-o-mma.jpg","width":811,"height":540}},"spectra_blocks_author_info":{"display_name":"Jornal da Constru\u00e7\u00e3o Civil","avatar_url":"https:\/\/secure.gravatar.com\/avatar\/973c9774fd44ddaceb026973c4962faa70fc512bc4c9da68e8ebb40fecee6540?s=96&d=mm&r=g","author_link":"https:\/\/construcaocivil.siriusmarketingedesign.com.br\/?author=1","description":"Desde de 2013, levando muitas informa\u00e7\u00f5es, lan\u00e7amentos e produtos de qualidade para toda cadeia produtiva da constru\u00e7\u00e3o. O Futuro da constru\u00e7\u00e3o passa por aqui,"},"uagb_featured_image_src":{"full":["https:\/\/construcaocivil.siriusmarketingedesign.com.br\/wp-content\/uploads\/2018\/11\/ECO-oq-faz-o-mma.jpg",811,540,false],"thumbnail":["https:\/\/construcaocivil.siriusmarketingedesign.com.br\/wp-content\/uploads\/2018\/11\/ECO-oq-faz-o-mma-150x150.jpg",150,150,true],"medium":["https:\/\/construcaocivil.siriusmarketingedesign.com.br\/wp-content\/uploads\/2018\/11\/ECO-oq-faz-o-mma-300x200.jpg",300,200,true],"medium_large":["https:\/\/construcaocivil.siriusmarketingedesign.com.br\/wp-content\/uploads\/2018\/11\/ECO-oq-faz-o-mma-768x511.jpg",768,511,true],"large":["https:\/\/construcaocivil.siriusmarketingedesign.com.br\/wp-content\/uploads\/2018\/11\/ECO-oq-faz-o-mma.jpg",811,540,false],"1536x1536":["https:\/\/construcaocivil.siriusmarketingedesign.com.br\/wp-content\/uploads\/2018\/11\/ECO-oq-faz-o-mma.jpg",811,540,false],"2048x2048":["https:\/\/construcaocivil.siriusmarketingedesign.com.br\/wp-content\/uploads\/2018\/11\/ECO-oq-faz-o-mma.jpg",811,540,false]},"uagb_author_info":{"display_name":"Jornal da Constru\u00e7\u00e3o Civil","author_link":"https:\/\/construcaocivil.siriusmarketingedesign.com.br\/?author=1"},"uagb_comment_info":0,"uagb_excerpt":"Novembro de 2018 \u2013 A\u00a0Coaliz\u00e3o Brasil Clima, Florestas e Agricultura\u00a0recebeu com preocupa\u00e7\u00e3o a not\u00edcia de que o presidente eleito, Jair Bolsonaro, e sua equipe consideram fundir os minist\u00e9rios do Meio Ambiente e da Agricultura. Conforme\u00a0carta divulgada em 18 de outubro, endere\u00e7ada aos candidatos \u00e0s elei\u00e7\u00f5es presidenciais do segundo turno, a\u00a0Coaliz\u00e3o Brasil\u00a0ressalta que a uni\u00e3o desses&hellip;","_links":{"self":[{"href":"https:\/\/construcaocivil.siriusmarketingedesign.com.br\/index.php?rest_route=\/wp\/v2\/posts\/10581","targetHints":{"allow":["GET"]}}],"collection":[{"href":"https:\/\/construcaocivil.siriusmarketingedesign.com.br\/index.php?rest_route=\/wp\/v2\/posts"}],"about":[{"href":"https:\/\/construcaocivil.siriusmarketingedesign.com.br\/index.php?rest_route=\/wp\/v2\/types\/post"}],"author":[{"embeddable":true,"href":"https:\/\/construcaocivil.siriusmarketingedesign.com.br\/index.php?rest_route=\/wp\/v2\/users\/1"}],"replies":[{"embeddable":true,"href":"https:\/\/construcaocivil.siriusmarketingedesign.com.br\/index.php?rest_route=%2Fwp%2Fv2%2Fcomments&post=10581"}],"version-history":[{"count":0,"href":"https:\/\/construcaocivil.siriusmarketingedesign.com.br\/index.php?rest_route=\/wp\/v2\/posts\/10581\/revisions"}],"wp:featuredmedia":[{"embeddable":true,"href":"https:\/\/construcaocivil.siriusmarketingedesign.com.br\/index.php?rest_route=\/wp\/v2\/media\/10582"}],"wp:attachment":[{"href":"https:\/\/construcaocivil.siriusmarketingedesign.com.br\/index.php?rest_route=%2Fwp%2Fv2%2Fmedia&parent=10581"}],"wp:term":[{"taxonomy":"category","embeddable":true,"href":"https:\/\/construcaocivil.siriusmarketingedesign.com.br\/index.php?rest_route=%2Fwp%2Fv2%2Fcategories&post=10581"},{"taxonomy":"post_tag","embeddable":true,"href":"https:\/\/construcaocivil.siriusmarketingedesign.com.br\/index.php?rest_route=%2Fwp%2Fv2%2Ftags&post=10581"}],"curies":[{"name":"wp","href":"https:\/\/api.w.org\/{rel}","templated":true}]}}