{"id":10595,"date":"2018-11-07T14:36:20","date_gmt":"2018-11-07T16:36:20","guid":{"rendered":"http:\/\/www.jornaldaconstrucaocivil.com.br\/?p=10595"},"modified":"2018-11-07T14:36:20","modified_gmt":"2018-11-07T16:36:20","slug":"setor-privado-debatera-seguranca-hidrica-e-saneamento-no-rio-water-week","status":"publish","type":"post","link":"https:\/\/construcaocivil.siriusmarketingedesign.com.br\/?p=10595","title":{"rendered":"Setor privado debater\u00e1 seguran\u00e7a h\u00eddrica e saneamento no Rio Water Week"},"content":{"rendered":"<p style=\"text-align: justify;\"><span style=\"color: #0000ff;\">Novembro, 2018<\/span> &#8211; <span style=\"color: #993300;\">Qual o papel do setor privado nos desafios da seguran\u00e7a h\u00eddrica global?<\/span> Para discutir e apresentar resultados positivos de neg\u00f3cios que incluem gest\u00e3o de \u00e1gua e saneamento, o Conselho Empresarial Brasileiro para o Desenvolvimento Sustent\u00e1vel (CEBDS), Confedera\u00e7\u00e3o Nacional da Ind\u00fastria (CNI) e Pacto Global promover\u00e3o, no dia 27\/11, a plen\u00e1ria Water and Business. O evento \u00e9 parte da programa\u00e7\u00e3o do Rio Water Week \u2013 confer\u00eancia internacional que reunir\u00e1, entre 26 e 29 de novembro, sociedade civil, comunidade acad\u00eamica, empresas e organiza\u00e7\u00f5es internacionais para discutir desafios, pol\u00edticas p\u00fablicas e solu\u00e7\u00f5es tecnol\u00f3gicas de gest\u00e3o h\u00eddrica e saneamento. A expectativa de p\u00fablico \u00e9 de 2 mil pessoas do Brasil e do exterior.<\/p>\n<p style=\"text-align: justify;\">O Water and Business \u00e9 um desdobramento do Water Business Day realizado em mar\u00e7o deste ano em Bras\u00edlia e est\u00e1 alinhado \u00e0s metas do Objetivo de Desenvolvimento Sustent\u00e1vel 6 (ODS6), que visa assegurar a disponibilidade e gest\u00e3o da \u00e1gua e saneamento para todas e todos at\u00e9 2030. Oscar Cordeiro (Ag\u00eancia Nacional de \u00c1guas &#8211; ANA), Jason Morrison (CEO Water Mandate) e Tom Williams (WBCSD) s\u00e3o alguns nomes de destaque confirmados, al\u00e9m de representantes de empresas nacionais do setor (veja a programa\u00e7\u00e3o completa aqui).<\/p>\n<p style=\"text-align: justify;\">\u201cNa ocasi\u00e3o, faremos o lan\u00e7amento da Aquasefera, um hub de informa\u00e7\u00f5es na internet que vai concentrar os projetos e resultados das 23 empresas que assinaram o Compromisso Empresarial para a Seguran\u00e7a H\u00eddrica durante o F\u00f3rum Mundial da \u00c1gua. Ao assinar o documento, empresas como Ambev, Coca-Cola Brasil, Heineken e Anglo American se comprometeram com a gest\u00e3o respons\u00e1vel da \u00e1gua a promo\u00e7\u00e3o da efici\u00eancia h\u00eddrica nas ind\u00fastrias e o combate ao desperd\u00edcio\u201d, informa Marina Grossi, presidente do CEBDS.<\/p>\n<p style=\"text-align: justify;\">Firjan, Ambev, Coca-Cola, Nestl\u00e9 falar\u00e3o sobre as a\u00e7\u00f5es que o setor privado tem internalizado em seu neg\u00f3cio para contribuir com a seguran\u00e7a h\u00eddrica e as limita\u00e7\u00f5es legais e\/ou regulat\u00f3rias que dificultam as solu\u00e7\u00f5es encontradas. Na pauta das discuss\u00f5es do Water and Business, est\u00e1 uma das propostas da Agenda CEBDS por um Pa\u00eds Sustent\u00e1vel, entregue a todos os candidatos \u00e0 presid\u00eancia de 2018, que \u00e9 a inclus\u00e3o do reuso de \u00e1gua de processos industriais no Plano Nacional de Saneamento. A necessidade urgente de expans\u00e3o do saneamento no Pa\u00eds como forma de preven\u00e7\u00e3o a doen\u00e7as e a melhoria da infraestrutura para gera\u00e7\u00e3o de neg\u00f3cios tamb\u00e9m ser\u00e3o temas contemplados.<\/p>\n<p><strong>Water and Business<\/strong><\/p>\n<p>Data: 27\/11<\/p>\n<p>Local: Riocentro (RJ)<\/p>\n<p>Hor\u00e1rio: de 9h45 \u00e0s18h<\/p>\n<p>Programa\u00e7\u00e3o completa e inscri\u00e7\u00f5es:<span style=\"color: #0000ff;\">\u00a0<a style=\"color: #0000ff;\" href=\"http:\/\/riowaterweek.com.br\/\" target=\"_blank\" rel=\"noopener\" data-saferedirecturl=\"https:\/\/www.google.com\/url?q=http:\/\/riowaterweek.com.br\/&amp;source=gmail&amp;ust=1541694022916000&amp;usg=AFQjCNEtHfLOdDfhhmbCccF2amJeiiyhOQ\">http:\/\/riowaterweek.com.br\/<\/a><\/span><\/p>\n<p>Fonte: Imprensa\/Rio Water Week<\/p>\n","protected":false},"excerpt":{"rendered":"<p>Novembro, 2018 &#8211; Qual o papel do setor privado nos desafios da seguran\u00e7a h\u00eddrica global? Para discutir e apresentar resultados positivos de neg\u00f3cios que incluem gest\u00e3o de \u00e1gua e saneamento, o Conselho Empresarial Brasileiro para o Desenvolvimento Sustent\u00e1vel (CEBDS), Confedera\u00e7\u00e3o Nacional da Ind\u00fastria (CNI) e Pacto Global promover\u00e3o, no dia 27\/11, a plen\u00e1ria Water and [&hellip;]<\/p>\n","protected":false},"author":1,"featured_media":10596,"comment_status":"open","ping_status":"open","sticky":false,"template":"","format":"standard","meta":{"_uag_custom_page_level_css":"","footnotes":""},"categories":[37],"tags":[529,2048,2826,14200,14199,4288,14198,14203,10375,14201,14197,14202,14097],"class_list":["post-10595","post","type-post","status-publish","format-standard","has-post-thumbnail","hentry","category-sustentabilidade","tag-agricultura","tag-cebds","tag-construcao-civil","tag-desenvolvimento-sustentavel-6-ods6","tag-desperdicio-de-agua-na-industria","tag-energia","tag-forum-mundial-da-agua","tag-inscricoes-abertas-para-o-rio-water-week","tag-rio-de-janeiro","tag-rio-water-week","tag-seguranca-hidrica-para-quem","tag-solucoes-tecnologicas-para-gestao-agua","tag-water-and-business"],"blocksy_meta":[],"spectra_blocks_featured_image_url":{"thumbnail":{"url":"https:\/\/construcaocivil.siriusmarketingedesign.com.br\/wp-content\/uploads\/2018\/11\/AGGUA-unnamed-150x150.jpg","width":150,"height":150},"medium":{"url":"https:\/\/construcaocivil.siriusmarketingedesign.com.br\/wp-content\/uploads\/2018\/11\/AGGUA-unnamed-200x300.jpg","width":200,"height":300},"medium_large":{"url":"https:\/\/construcaocivil.siriusmarketingedesign.com.br\/wp-content\/uploads\/2018\/11\/AGGUA-unnamed.jpg","width":634,"height":951},"large":{"url":"https:\/\/construcaocivil.siriusmarketingedesign.com.br\/wp-content\/uploads\/2018\/11\/AGGUA-unnamed.jpg","width":634,"height":951},"full":{"url":"https:\/\/construcaocivil.siriusmarketingedesign.com.br\/wp-content\/uploads\/2018\/11\/AGGUA-unnamed.jpg","width":634,"height":951}},"spectra_blocks_author_info":{"display_name":"Jornal da Constru\u00e7\u00e3o Civil","avatar_url":"https:\/\/secure.gravatar.com\/avatar\/973c9774fd44ddaceb026973c4962faa70fc512bc4c9da68e8ebb40fecee6540?s=96&d=mm&r=g","author_link":"https:\/\/construcaocivil.siriusmarketingedesign.com.br\/?author=1","description":"Desde de 2013, levando muitas informa\u00e7\u00f5es, lan\u00e7amentos e produtos de qualidade para toda cadeia produtiva da constru\u00e7\u00e3o. O Futuro da constru\u00e7\u00e3o passa por aqui,"},"uagb_featured_image_src":{"full":["https:\/\/construcaocivil.siriusmarketingedesign.com.br\/wp-content\/uploads\/2018\/11\/AGGUA-unnamed.jpg",634,951,false],"thumbnail":["https:\/\/construcaocivil.siriusmarketingedesign.com.br\/wp-content\/uploads\/2018\/11\/AGGUA-unnamed-150x150.jpg",150,150,true],"medium":["https:\/\/construcaocivil.siriusmarketingedesign.com.br\/wp-content\/uploads\/2018\/11\/AGGUA-unnamed-200x300.jpg",200,300,true],"medium_large":["https:\/\/construcaocivil.siriusmarketingedesign.com.br\/wp-content\/uploads\/2018\/11\/AGGUA-unnamed.jpg",634,951,false],"large":["https:\/\/construcaocivil.siriusmarketingedesign.com.br\/wp-content\/uploads\/2018\/11\/AGGUA-unnamed.jpg",634,951,false],"1536x1536":["https:\/\/construcaocivil.siriusmarketingedesign.com.br\/wp-content\/uploads\/2018\/11\/AGGUA-unnamed.jpg",634,951,false],"2048x2048":["https:\/\/construcaocivil.siriusmarketingedesign.com.br\/wp-content\/uploads\/2018\/11\/AGGUA-unnamed.jpg",634,951,false]},"uagb_author_info":{"display_name":"Jornal da Constru\u00e7\u00e3o Civil","author_link":"https:\/\/construcaocivil.siriusmarketingedesign.com.br\/?author=1"},"uagb_comment_info":0,"uagb_excerpt":"Novembro, 2018 &#8211; Qual o papel do setor privado nos desafios da seguran\u00e7a h\u00eddrica global? Para discutir e apresentar resultados positivos de neg\u00f3cios que incluem gest\u00e3o de \u00e1gua e saneamento, o Conselho Empresarial Brasileiro para o Desenvolvimento Sustent\u00e1vel (CEBDS), Confedera\u00e7\u00e3o Nacional da Ind\u00fastria (CNI) e Pacto Global promover\u00e3o, no dia 27\/11, a plen\u00e1ria Water and&hellip;","_links":{"self":[{"href":"https:\/\/construcaocivil.siriusmarketingedesign.com.br\/index.php?rest_route=\/wp\/v2\/posts\/10595","targetHints":{"allow":["GET"]}}],"collection":[{"href":"https:\/\/construcaocivil.siriusmarketingedesign.com.br\/index.php?rest_route=\/wp\/v2\/posts"}],"about":[{"href":"https:\/\/construcaocivil.siriusmarketingedesign.com.br\/index.php?rest_route=\/wp\/v2\/types\/post"}],"author":[{"embeddable":true,"href":"https:\/\/construcaocivil.siriusmarketingedesign.com.br\/index.php?rest_route=\/wp\/v2\/users\/1"}],"replies":[{"embeddable":true,"href":"https:\/\/construcaocivil.siriusmarketingedesign.com.br\/index.php?rest_route=%2Fwp%2Fv2%2Fcomments&post=10595"}],"version-history":[{"count":0,"href":"https:\/\/construcaocivil.siriusmarketingedesign.com.br\/index.php?rest_route=\/wp\/v2\/posts\/10595\/revisions"}],"wp:featuredmedia":[{"embeddable":true,"href":"https:\/\/construcaocivil.siriusmarketingedesign.com.br\/index.php?rest_route=\/wp\/v2\/media\/10596"}],"wp:attachment":[{"href":"https:\/\/construcaocivil.siriusmarketingedesign.com.br\/index.php?rest_route=%2Fwp%2Fv2%2Fmedia&parent=10595"}],"wp:term":[{"taxonomy":"category","embeddable":true,"href":"https:\/\/construcaocivil.siriusmarketingedesign.com.br\/index.php?rest_route=%2Fwp%2Fv2%2Fcategories&post=10595"},{"taxonomy":"post_tag","embeddable":true,"href":"https:\/\/construcaocivil.siriusmarketingedesign.com.br\/index.php?rest_route=%2Fwp%2Fv2%2Ftags&post=10595"}],"curies":[{"name":"wp","href":"https:\/\/api.w.org\/{rel}","templated":true}]}}