{"id":10600,"date":"2018-11-07T15:11:23","date_gmt":"2018-11-07T17:11:23","guid":{"rendered":"http:\/\/www.jornaldaconstrucaocivil.com.br\/?p=10600"},"modified":"2018-11-07T15:11:23","modified_gmt":"2018-11-07T17:11:23","slug":"sustentabilidade-chega-aos-imoveis-economicos","status":"publish","type":"post","link":"https:\/\/construcaocivil.siriusmarketingedesign.com.br\/?p=10600","title":{"rendered":"Sustentabilidade chega aos im\u00f3veis econ\u00f4micos"},"content":{"rendered":"<p dir=\"ltr\" style=\"text-align: justify;\"><span style=\"color: #993300;\">Novembro, 2018<\/span> -Dos de alto padr\u00e3o aos econ\u00f4micos, construtoras e incorporadoras investem cada vez mais em solu\u00e7\u00f5es que otimizam gastos dos recursos naturais e trazem economia. Uma dessas inova\u00e7\u00f5es sustent\u00e1veis \u00e9 a capta\u00e7\u00e3o de luz solar para gera\u00e7\u00e3o de eletricidade. A MRV Engenharia quer popularizar tecnologia da energia fotovoltaica<\/p>\n<p dir=\"ltr\" style=\"text-align: justify;\">A sustentabilidade, definitivamente, passa a ser um item que o consumidor leva em considera\u00e7\u00e3o na hora de comprar um im\u00f3vel. Dos empreendimentos de alto padr\u00e3o aos econ\u00f4micos, construtoras e incorporadoras investem cada vez mais em im\u00f3veis que trazem solu\u00e7\u00f5es que otimizam os gastos de recursos naturais e trazem economia para o bolso dos moradores.<\/p>\n<figure id=\"attachment_10602\" aria-describedby=\"caption-attachment-10602\" style=\"width: 300px\" class=\"wp-caption alignleft\"><img loading=\"lazy\" decoding=\"async\" class=\"size-medium wp-image-10602\" src=\"http:\/\/www.jornaldaconstrucaocivil.com.br\/wp-content\/uploads\/2018\/11\/GRAN_VITTA_PPC_FACHADA_NOTURNA-300x169.jpg\" alt=\"\" width=\"300\" height=\"169\" srcset=\"https:\/\/construcaocivil.siriusmarketingedesign.com.br\/wp-content\/uploads\/2018\/11\/GRAN_VITTA_PPC_FACHADA_NOTURNA-300x169.jpg 300w, https:\/\/construcaocivil.siriusmarketingedesign.com.br\/wp-content\/uploads\/2018\/11\/GRAN_VITTA_PPC_FACHADA_NOTURNA-768x432.jpg 768w, https:\/\/construcaocivil.siriusmarketingedesign.com.br\/wp-content\/uploads\/2018\/11\/GRAN_VITTA_PPC_FACHADA_NOTURNA.jpg 1024w\" sizes=\"auto, (max-width: 300px) 100vw, 300px\" \/><figcaption id=\"caption-attachment-10602\" class=\"wp-caption-text\">Gran Vitta PPC &#8211; Fachada Noturna. Divulga\u00e7\u00e3o<\/figcaption><\/figure>\n<p dir=\"ltr\" style=\"text-align: justify;\">Uma dessas inova\u00e7\u00f5es sustent\u00e1veis \u00e9 a capta\u00e7\u00e3o de energia solar para gera\u00e7\u00e3o de eletricidade. Em Goi\u00e2nia, empreendimentos com esse tipo de tecnologia t\u00eam crescido, n\u00e3o s\u00f3 por uma demanda dos consumidores, mas tamb\u00e9m pelo potencial natural da cidade, que recebe forte insola\u00e7\u00e3o na maior parte do ano, devido sua localiza\u00e7\u00e3o. A MRV Engenharia, construtora l\u00edder nacional na constru\u00e7\u00e3o de im\u00f3veis econ\u00f4micos, \u00e9 uma das empresas brasileiras que t\u00eam popularizado essa tecnologia sustent\u00e1vel no mercado imobili\u00e1rio.<\/p>\n<p dir=\"ltr\" style=\"text-align: justify;\">Em Goi\u00e1s, a empresa j\u00e1 lan\u00e7ou dois empreendimentos, um em Aparecida de Goi\u00e2nia e outro em An\u00e1polis, que ter\u00e3o sistema de c\u00e9lulas fotovoltaicas para transforma\u00e7\u00e3o de luz solar em eletricidade. No pr\u00f3ximo s\u00e1bado, dia 10 de novembro, a MRV lan\u00e7a o Gran Vitta, primeiro empreendimento da regi\u00e3o Noroeste da capital preparado para gerar energia el\u00e9trica a partir da energia solar.<\/p>\n<p dir=\"ltr\" style=\"text-align: justify;\">A inten\u00e7\u00e3o, segundo o gestor regional de vendas da MRV Engenharia, Fernando Salom\u00e3o, \u00e9 aproveitar a energia captada para uso nas \u00e1reas comuns do empreendimento, como ruas internas, elevadores, sal\u00e3o de festas, \u00e1rea gourmet e piscinas do condom\u00ednio com 320 apartamentos. &#8220;Al\u00e9m da possibilidade de redu\u00e7\u00e3o de at\u00e9 85% na conta de energia do condom\u00ednio, esse investimento trar\u00e1 benef\u00edcios tamb\u00e9m para a popula\u00e7\u00e3o em geral e, por que n\u00e3o dizer, para o mundo. \u00c9 uma a\u00e7\u00e3o sustent\u00e1vel que buscamos implementar em todos os nossos empreendimentos at\u00e9 o ano de 2021&#8221;, adianta Fernando.<\/p>\n<p dir=\"ltr\" style=\"text-align: justify;\">Hoje, cerca de 30% dos empreendimentos da MRV no Pa\u00eds j\u00e1 contam com pain\u00e9is de c\u00e9lulas fotovoltaicas nas coberturas. A meta da construtora \u00e9 de que at\u00e9 2021 sejam \u00a0investidos R$ 800 milh\u00f5es nesta matriz energ\u00e9tica, por meio da entrega de 220 mil unidades com gera\u00e7\u00e3o de eletricidade a partir da luz solar. O n\u00famero representar\u00e1 energia 100% limpa em todos os seus empreendimentos.<\/p>\n<p dir=\"ltr\" style=\"text-align: justify;\"><strong><span style=\"color: #993300;\">Potencial de Goi\u00e2nia<\/span><\/strong><\/p>\n<p dir=\"ltr\" style=\"text-align: justify;\">Na avalia\u00e7\u00e3o do ge\u00f3grafo Paulo Roberto Ferreira de Aguiar J\u00fanior, a capta\u00e7\u00e3o de energia solar &#8211; uma fonte limpa e renov\u00e1vel &#8211; \u00e9 um investimento seguro em Goi\u00e2nia, do ponto de vista das condi\u00e7\u00f5es clim\u00e1ticas. Isso porque a capital, segundo o especialista, n\u00e3o tem as quatro esta\u00e7\u00f5es do ano definidas, resultando em mais dias claros, sem nuvens e de forte incid\u00eancia de raios solares. &#8220;Principalmente na \u00e9poca em que estamos, depois do ver\u00e3o e inverno seco, a luminosidade \u00e9 maior em grande parte dia, diferente da Regi\u00e3o Sul, que tem as quatro esta\u00e7\u00f5es definidas&#8221;, diz Paulo.<\/p>\n<p dir=\"ltr\" style=\"text-align: justify;\">A combina\u00e7\u00e3o de tempo seco e baixa umidade do ar resultou, no \u00faltimo dia 23 de setembro, no dia mais quente registrado neste ano em Goi\u00e2nia. Os term\u00f4metros do Instituto Nacional de Meteorologia (Inmet) marcaram 38,5\u00ba C. Apesar do calor intenso, a capital j\u00e1 esteve ainda mais quente. Em 2015, Goi\u00e2nia chegou a registrar 40,4\u00ba C no m\u00eas de outubro.<\/p>\n<p dir=\"ltr\" style=\"text-align: justify;\"><strong><span style=\"color: #993300;\">Mais sobre o empreendimento<\/span><\/strong><br class=\"gmail-kix-line-break\" \/>O Gran Vitta inaugura ainda o primeiro pet play em condom\u00ednios verticais na Regi\u00e3o Noroeste. Fernando Salom\u00e3o explica que a implanta\u00e7\u00e3o do espa\u00e7o para animais dom\u00e9sticos atende a proposta da MRV Engenharia, a maior construtora da Am\u00e9rica Latina, de privilegiar em seus projetos tamb\u00e9m os pets. De acordo com a Associa\u00e7\u00e3o Brasileira da Ind\u00fastria de Produtos para Animais de Estima\u00e7\u00e3o (Abinpet), j\u00e1 s\u00e3o 132,4 milh\u00f5es de animais dom\u00e9sticos criados nos lares brasileiros.<\/p>\n<p dir=\"ltr\" style=\"text-align: justify;\">No quesito mobilidade, a construtora est\u00e1 incentivando no Gran Vitta o uso de bicicletas dentro do condom\u00ednio e nas proximidades, por onde transitam mais de 164 mil pessoas, segundo o \u00faltimo censo do Instituto Brasileiro de Geografia e Estat\u00edstica. A ideia, tamb\u00e9m novidade na Regi\u00e3o Noroeste de Goi\u00e2nia, \u00e9 de colocar bikes compartilhadas \u00e0 disposi\u00e7\u00e3o dos moradores clientes da companhia.<\/p>\n<p dir=\"ltr\" style=\"text-align: justify;\">Os apartamentos econ\u00f4micos do Gran Vitta possuir\u00e3o acabamento de alto padr\u00e3o, com itens que variam conforme o contrato assinado junto a construtora. As op\u00e7\u00f5es v\u00e3o desde porcelanato em todo o apartamento a parede decorativa no box, em formato 3D. Cuba de sobrepor, torneira girat\u00f3ria, sistema arejador e equalizador de \u00e1gua, e pedra granito S\u00e3o Gabriel s\u00e3o outras inova\u00e7\u00f5es nos im\u00f3veis desse novo condom\u00ednio residencial.<\/p>\n<p dir=\"ltr\">Fonte: Imprensa\/MRV<\/p>\n","protected":false},"excerpt":{"rendered":"<p>Novembro, 2018 -Dos de alto padr\u00e3o aos econ\u00f4micos, construtoras e incorporadoras investem cada vez mais em solu\u00e7\u00f5es que otimizam gastos dos recursos naturais e trazem economia. Uma dessas inova\u00e7\u00f5es sustent\u00e1veis \u00e9 a capta\u00e7\u00e3o de luz solar para gera\u00e7\u00e3o de eletricidade. A MRV Engenharia quer popularizar tecnologia da energia fotovoltaica A sustentabilidade, definitivamente, passa a ser [&hellip;]<\/p>\n","protected":false},"author":1,"featured_media":10601,"comment_status":"open","ping_status":"open","sticky":false,"template":"","format":"standard","meta":{"_uag_custom_page_level_css":"","footnotes":""},"categories":[30],"tags":[14206,2079,14208,4315,14204,5514,5923,14205,7563,7959,14207],"class_list":["post-10600","post","type-post","status-publish","format-standard","has-post-thumbnail","hentry","category-imoveis","tag-apartamentos-economicos-sao-boas-opcoes","tag-centro-oeste","tag-energia-fotovoltaica-cresce-em-edificacoes-residencias","tag-energia-solar","tag-goiania-segue-no-ritmo-forte-crescimento","tag-goiania-go","tag-imoveis-comerciais","tag-investir-em-goiania","tag-mercado-imobiliario","tag-mrv-engenharia","tag-mrv-lanca-o-gran-vitta"],"blocksy_meta":[],"spectra_blocks_featured_image_url":{"thumbnail":{"url":"https:\/\/construcaocivil.siriusmarketingedesign.com.br\/wp-content\/uploads\/2018\/11\/GRAN_VITTA_PPC_FACHADA_DIURNA-150x150.jpg","width":150,"height":150},"medium":{"url":"https:\/\/construcaocivil.siriusmarketingedesign.com.br\/wp-content\/uploads\/2018\/11\/GRAN_VITTA_PPC_FACHADA_DIURNA-300x169.jpg","width":300,"height":169},"medium_large":{"url":"https:\/\/construcaocivil.siriusmarketingedesign.com.br\/wp-content\/uploads\/2018\/11\/GRAN_VITTA_PPC_FACHADA_DIURNA-768x432.jpg","width":768,"height":432},"large":{"url":"https:\/\/construcaocivil.siriusmarketingedesign.com.br\/wp-content\/uploads\/2018\/11\/GRAN_VITTA_PPC_FACHADA_DIURNA-1024x576.jpg","width":1024,"height":576},"full":{"url":"https:\/\/construcaocivil.siriusmarketingedesign.com.br\/wp-content\/uploads\/2018\/11\/GRAN_VITTA_PPC_FACHADA_DIURNA.jpg","width":1024,"height":576}},"spectra_blocks_author_info":{"display_name":"Jornal da Constru\u00e7\u00e3o Civil","avatar_url":"https:\/\/secure.gravatar.com\/avatar\/973c9774fd44ddaceb026973c4962faa70fc512bc4c9da68e8ebb40fecee6540?s=96&d=mm&r=g","author_link":"https:\/\/construcaocivil.siriusmarketingedesign.com.br\/?author=1","description":"Desde de 2013, levando muitas informa\u00e7\u00f5es, lan\u00e7amentos e produtos de qualidade para toda cadeia produtiva da constru\u00e7\u00e3o. O Futuro da constru\u00e7\u00e3o passa por aqui,"},"uagb_featured_image_src":{"full":["https:\/\/construcaocivil.siriusmarketingedesign.com.br\/wp-content\/uploads\/2018\/11\/GRAN_VITTA_PPC_FACHADA_DIURNA.jpg",1024,576,false],"thumbnail":["https:\/\/construcaocivil.siriusmarketingedesign.com.br\/wp-content\/uploads\/2018\/11\/GRAN_VITTA_PPC_FACHADA_DIURNA-150x150.jpg",150,150,true],"medium":["https:\/\/construcaocivil.siriusmarketingedesign.com.br\/wp-content\/uploads\/2018\/11\/GRAN_VITTA_PPC_FACHADA_DIURNA-300x169.jpg",300,169,true],"medium_large":["https:\/\/construcaocivil.siriusmarketingedesign.com.br\/wp-content\/uploads\/2018\/11\/GRAN_VITTA_PPC_FACHADA_DIURNA-768x432.jpg",768,432,true],"large":["https:\/\/construcaocivil.siriusmarketingedesign.com.br\/wp-content\/uploads\/2018\/11\/GRAN_VITTA_PPC_FACHADA_DIURNA-1024x576.jpg",1024,576,true],"1536x1536":["https:\/\/construcaocivil.siriusmarketingedesign.com.br\/wp-content\/uploads\/2018\/11\/GRAN_VITTA_PPC_FACHADA_DIURNA.jpg",1024,576,false],"2048x2048":["https:\/\/construcaocivil.siriusmarketingedesign.com.br\/wp-content\/uploads\/2018\/11\/GRAN_VITTA_PPC_FACHADA_DIURNA.jpg",1024,576,false]},"uagb_author_info":{"display_name":"Jornal da Constru\u00e7\u00e3o Civil","author_link":"https:\/\/construcaocivil.siriusmarketingedesign.com.br\/?author=1"},"uagb_comment_info":0,"uagb_excerpt":"Novembro, 2018 -Dos de alto padr\u00e3o aos econ\u00f4micos, construtoras e incorporadoras investem cada vez mais em solu\u00e7\u00f5es que otimizam gastos dos recursos naturais e trazem economia. Uma dessas inova\u00e7\u00f5es sustent\u00e1veis \u00e9 a capta\u00e7\u00e3o de luz solar para gera\u00e7\u00e3o de eletricidade. A MRV Engenharia quer popularizar tecnologia da energia fotovoltaica A sustentabilidade, definitivamente, passa a ser&hellip;","_links":{"self":[{"href":"https:\/\/construcaocivil.siriusmarketingedesign.com.br\/index.php?rest_route=\/wp\/v2\/posts\/10600","targetHints":{"allow":["GET"]}}],"collection":[{"href":"https:\/\/construcaocivil.siriusmarketingedesign.com.br\/index.php?rest_route=\/wp\/v2\/posts"}],"about":[{"href":"https:\/\/construcaocivil.siriusmarketingedesign.com.br\/index.php?rest_route=\/wp\/v2\/types\/post"}],"author":[{"embeddable":true,"href":"https:\/\/construcaocivil.siriusmarketingedesign.com.br\/index.php?rest_route=\/wp\/v2\/users\/1"}],"replies":[{"embeddable":true,"href":"https:\/\/construcaocivil.siriusmarketingedesign.com.br\/index.php?rest_route=%2Fwp%2Fv2%2Fcomments&post=10600"}],"version-history":[{"count":0,"href":"https:\/\/construcaocivil.siriusmarketingedesign.com.br\/index.php?rest_route=\/wp\/v2\/posts\/10600\/revisions"}],"wp:featuredmedia":[{"embeddable":true,"href":"https:\/\/construcaocivil.siriusmarketingedesign.com.br\/index.php?rest_route=\/wp\/v2\/media\/10601"}],"wp:attachment":[{"href":"https:\/\/construcaocivil.siriusmarketingedesign.com.br\/index.php?rest_route=%2Fwp%2Fv2%2Fmedia&parent=10600"}],"wp:term":[{"taxonomy":"category","embeddable":true,"href":"https:\/\/construcaocivil.siriusmarketingedesign.com.br\/index.php?rest_route=%2Fwp%2Fv2%2Fcategories&post=10600"},{"taxonomy":"post_tag","embeddable":true,"href":"https:\/\/construcaocivil.siriusmarketingedesign.com.br\/index.php?rest_route=%2Fwp%2Fv2%2Ftags&post=10600"}],"curies":[{"name":"wp","href":"https:\/\/api.w.org\/{rel}","templated":true}]}}