{"id":10611,"date":"2018-11-08T20:48:54","date_gmt":"2018-11-08T22:48:54","guid":{"rendered":"http:\/\/www.jornaldaconstrucaocivil.com.br\/?p=10611"},"modified":"2018-11-08T20:48:54","modified_gmt":"2018-11-08T22:48:54","slug":"mrv-engenharia-implementa-compartilhamento-de-carro-eletrico-em-seus-empreendimentos","status":"publish","type":"post","link":"https:\/\/construcaocivil.siriusmarketingedesign.com.br\/?p=10611","title":{"rendered":"MRV Engenharia implementa compartilhamento de carro el\u00e9trico em seus empreendimentos"},"content":{"rendered":"<p style=\"font-weight: 400; text-align: justify;\"><span style=\"color: #993300;\">Novembro, 2018<\/span> &#8211; Buscando sempre solu\u00e7\u00f5es inovadoras e sustent\u00e1veis para os seus consumidores, a MRV Engenharia, em parceria com a Renault, acaba de anunciar no Sal\u00e3o do Autom\u00f3vel de S\u00e3o Paulo seu projeto para o desenvolvimento do compartilhamento de carro el\u00e9trico em seus empreendimentos, o MRV SIM (Sustentabilidade, Inova\u00e7\u00e3o e Mobilidade).<\/p>\n<p style=\"font-weight: 400; text-align: justify;\">Pioneira na Am\u00e9rica Latina na instala\u00e7\u00e3o de placas fotovoltaicas para a gera\u00e7\u00e3o de energia solar em condom\u00ednios do segmento econ\u00f4mico, o projeto de carro compartilhado, em fase de estudo, \u00e9 mais uma iniciativa da construtora no uso da energia limpa e inesgot\u00e1vel em seus empreendimentos.<\/p>\n<figure id=\"attachment_10613\" aria-describedby=\"caption-attachment-10613\" style=\"width: 300px\" class=\"wp-caption alignleft\"><img loading=\"lazy\" decoding=\"async\" class=\"size-medium wp-image-10613\" src=\"http:\/\/www.jornaldaconstrucaocivil.com.br\/wp-content\/uploads\/2018\/11\/CARRO-20181107_mmm_eletrico_5604-300x200.jpg\" alt=\"\" width=\"300\" height=\"200\" \/><figcaption id=\"caption-attachment-10613\" class=\"wp-caption-text\">MRV SIM &#8211; Foto: Marcelo Machado de Melo<\/figcaption><\/figure>\n<p style=\"font-weight: 400; text-align: justify;\">A primeira etapa do estudo de desenvolvimento do projeto MRV SIM deixa dispon\u00edvel dois autom\u00f3veis Renault Zoe para os moradores dos principais empreendimentos com energia fotovoltaica da construtora, um localizado em Belo Horizonte (MG) e outro em S\u00e3o Paulo (SP). Os ve\u00edculos ser\u00e3o utilizados de forma compartilhada pelos moradores como uma alternativa aos meios de transporte do dia-a-dia. A gest\u00e3o do compartilhamento dos carros ser\u00e1 feita por meio do aplicativo Renault Mobility, que a marca automotiva tamb\u00e9m testa pela primeira vez com o p\u00fablico externo no pa\u00eds.<\/p>\n<p style=\"font-weight: 400; text-align: justify;\">Em sua segunda etapa, o estudo ser\u00e1 levado de forma itinerante por diversas cidades do Brasil ao longo de 2019. O Renault Zoe adquirido pela MRV ir\u00e1 rodar pelos principais empreendimentos da construtora que tenham a tecnologia de placas fotovoltaicas, promovendo que a recarga do carro seja realizada de forma sustent\u00e1vel.<\/p>\n<p style=\"font-weight: 400; text-align: justify;\">O foco destas etapas \u00e9 colher dados do p\u00fablico e da forma de uso para avaliar quest\u00f5es t\u00e9cnicas e comportamentais de uso, como a experi\u00eancia dos consumidores com o carro compartilhado. <span style=\"color: #993300;\"><em>\u201cObtendo bons resultados, o MRV SIM criar\u00e1 um ciclo sustent\u00e1vel para a mobilidade de nossos consumidores, ou seja, ser\u00e3o carros el\u00e9tricos abastecidos com energia limpa e renov\u00e1vel, atendendo de forma compartilhada consumidores da classe econ\u00f4mica. Este \u00e9 o futuro que vislumbramos em pouco tempo dentro da MRV\u201d<\/em><\/span>, explica Rafael Menin, co-presidente da MRV Engenharia.<\/p>\n<p style=\"font-weight: 400; text-align: justify;\"><span style=\"color: #993300;\"><em>\u201cA parceria sustent\u00e1vel entre a MRV e a Renault complementa o que a construtora j\u00e1 vem fazendo. At\u00e9 2022 todos os nossos lan\u00e7amentos ter\u00e3o energia fotovoltaica dispon\u00edveis para os consumidores, o que impactar\u00e1 mais de 600 mil pessoas. Esse n\u00famero equivale a popula\u00e7\u00e3o de cidades como: Aracaju, Contagem, Sorocaba e Caxias do Sul, entre diversas outras. \u00c9 a MRV democratizando a energia limpa\u201d<\/em><\/span>, afirma o executivo.<\/p>\n<p style=\"font-weight: 400; text-align: justify;\"><span style=\"color: #993300;\"><em>\u201cA Renault \u00e9 l\u00edder na venda de ve\u00edculos 100% el\u00e9tricos no Brasil, com mais de 50% de participa\u00e7\u00e3o de mercado. Desde 2015 comercializamos ve\u00edculos el\u00e9tricos a empresas com projetos de sustentabilidade. Para n\u00f3s, \u00e9 um orgulho participar de mais uma iniciativa inovadora envolvendo um ve\u00edculo de nossa gama zero emiss\u00e3o\u201d<\/em><\/span>, afirma Luiz Fernando Pedrucci, presidente da Renault para a Am\u00e9rica Latina.<\/p>\n<p>Fonte: Imprensa\/MRV Engenharia<\/p>\n","protected":false},"excerpt":{"rendered":"<p>Novembro, 2018 &#8211; Buscando sempre solu\u00e7\u00f5es inovadoras e sustent\u00e1veis para os seus consumidores, a MRV Engenharia, em parceria com a Renault, acaba de anunciar no Sal\u00e3o do Autom\u00f3vel de S\u00e3o Paulo seu projeto para o desenvolvimento do compartilhamento de carro el\u00e9trico em seus empreendimentos, o MRV SIM (Sustentabilidade, Inova\u00e7\u00e3o e Mobilidade). Pioneira na Am\u00e9rica Latina [&hellip;]<\/p>\n","protected":false},"author":1,"featured_media":10612,"comment_status":"open","ping_status":"open","sticky":false,"template":"","format":"standard","meta":{"_uag_custom_page_level_css":"","footnotes":""},"categories":[33],"tags":[1338,1877,14220,14218,4305,4306,14219,7959,14217,10183,10668,12239],"class_list":["post-10611","post","type-post","status-publish","format-standard","has-post-thumbnail","hentry","category-mercado","tag-belo-horizonte","tag-carro-eletrico","tag-condominos-sustentaveis","tag-empreendimentos-residenciais-com-energia-solar","tag-energia-limpa","tag-energia-limpa-e-renovavel","tag-inovacao-e-mobilidade","tag-mrv-engenharia","tag-mrv-sim","tag-renault","tag-sao-paulo","tag-veiculos-eletricos"],"blocksy_meta":[],"spectra_blocks_featured_image_url":{"thumbnail":{"url":"https:\/\/construcaocivil.siriusmarketingedesign.com.br\/wp-content\/uploads\/2018\/11\/MRV-20181108_rbuhrer_MRV_001-150x150.jpg","width":150,"height":150},"medium":{"url":"https:\/\/construcaocivil.siriusmarketingedesign.com.br\/wp-content\/uploads\/2018\/11\/MRV-20181108_rbuhrer_MRV_001-300x190.jpg","width":300,"height":190},"medium_large":{"url":"https:\/\/construcaocivil.siriusmarketingedesign.com.br\/wp-content\/uploads\/2018\/11\/MRV-20181108_rbuhrer_MRV_001-768x487.jpg","width":768,"height":487},"large":{"url":"https:\/\/construcaocivil.siriusmarketingedesign.com.br\/wp-content\/uploads\/2018\/11\/MRV-20181108_rbuhrer_MRV_001-1024x649.jpg","width":1024,"height":649},"full":{"url":"https:\/\/construcaocivil.siriusmarketingedesign.com.br\/wp-content\/uploads\/2018\/11\/MRV-20181108_rbuhrer_MRV_001-e1541716886220.jpg","width":900,"height":571}},"spectra_blocks_author_info":{"display_name":"Jornal da Constru\u00e7\u00e3o Civil","avatar_url":"https:\/\/secure.gravatar.com\/avatar\/973c9774fd44ddaceb026973c4962faa70fc512bc4c9da68e8ebb40fecee6540?s=96&d=mm&r=g","author_link":"https:\/\/construcaocivil.siriusmarketingedesign.com.br\/?author=1","description":"Desde de 2013, levando muitas informa\u00e7\u00f5es, lan\u00e7amentos e produtos de qualidade para toda cadeia produtiva da constru\u00e7\u00e3o. O Futuro da constru\u00e7\u00e3o passa por aqui,"},"uagb_featured_image_src":{"full":["https:\/\/construcaocivil.siriusmarketingedesign.com.br\/wp-content\/uploads\/2018\/11\/MRV-20181108_rbuhrer_MRV_001-e1541716886220.jpg",900,571,false],"thumbnail":["https:\/\/construcaocivil.siriusmarketingedesign.com.br\/wp-content\/uploads\/2018\/11\/MRV-20181108_rbuhrer_MRV_001-150x150.jpg",150,150,true],"medium":["https:\/\/construcaocivil.siriusmarketingedesign.com.br\/wp-content\/uploads\/2018\/11\/MRV-20181108_rbuhrer_MRV_001-300x190.jpg",300,190,true],"medium_large":["https:\/\/construcaocivil.siriusmarketingedesign.com.br\/wp-content\/uploads\/2018\/11\/MRV-20181108_rbuhrer_MRV_001-768x487.jpg",768,487,true],"large":["https:\/\/construcaocivil.siriusmarketingedesign.com.br\/wp-content\/uploads\/2018\/11\/MRV-20181108_rbuhrer_MRV_001-1024x649.jpg",1024,649,true],"1536x1536":["https:\/\/construcaocivil.siriusmarketingedesign.com.br\/wp-content\/uploads\/2018\/11\/MRV-20181108_rbuhrer_MRV_001-e1541716886220.jpg",900,571,false],"2048x2048":["https:\/\/construcaocivil.siriusmarketingedesign.com.br\/wp-content\/uploads\/2018\/11\/MRV-20181108_rbuhrer_MRV_001-e1541716886220.jpg",900,571,false]},"uagb_author_info":{"display_name":"Jornal da Constru\u00e7\u00e3o Civil","author_link":"https:\/\/construcaocivil.siriusmarketingedesign.com.br\/?author=1"},"uagb_comment_info":0,"uagb_excerpt":"Novembro, 2018 &#8211; Buscando sempre solu\u00e7\u00f5es inovadoras e sustent\u00e1veis para os seus consumidores, a MRV Engenharia, em parceria com a Renault, acaba de anunciar no Sal\u00e3o do Autom\u00f3vel de S\u00e3o Paulo seu projeto para o desenvolvimento do compartilhamento de carro el\u00e9trico em seus empreendimentos, o MRV SIM (Sustentabilidade, Inova\u00e7\u00e3o e Mobilidade). Pioneira na Am\u00e9rica Latina&hellip;","_links":{"self":[{"href":"https:\/\/construcaocivil.siriusmarketingedesign.com.br\/index.php?rest_route=\/wp\/v2\/posts\/10611","targetHints":{"allow":["GET"]}}],"collection":[{"href":"https:\/\/construcaocivil.siriusmarketingedesign.com.br\/index.php?rest_route=\/wp\/v2\/posts"}],"about":[{"href":"https:\/\/construcaocivil.siriusmarketingedesign.com.br\/index.php?rest_route=\/wp\/v2\/types\/post"}],"author":[{"embeddable":true,"href":"https:\/\/construcaocivil.siriusmarketingedesign.com.br\/index.php?rest_route=\/wp\/v2\/users\/1"}],"replies":[{"embeddable":true,"href":"https:\/\/construcaocivil.siriusmarketingedesign.com.br\/index.php?rest_route=%2Fwp%2Fv2%2Fcomments&post=10611"}],"version-history":[{"count":0,"href":"https:\/\/construcaocivil.siriusmarketingedesign.com.br\/index.php?rest_route=\/wp\/v2\/posts\/10611\/revisions"}],"wp:featuredmedia":[{"embeddable":true,"href":"https:\/\/construcaocivil.siriusmarketingedesign.com.br\/index.php?rest_route=\/wp\/v2\/media\/10612"}],"wp:attachment":[{"href":"https:\/\/construcaocivil.siriusmarketingedesign.com.br\/index.php?rest_route=%2Fwp%2Fv2%2Fmedia&parent=10611"}],"wp:term":[{"taxonomy":"category","embeddable":true,"href":"https:\/\/construcaocivil.siriusmarketingedesign.com.br\/index.php?rest_route=%2Fwp%2Fv2%2Fcategories&post=10611"},{"taxonomy":"post_tag","embeddable":true,"href":"https:\/\/construcaocivil.siriusmarketingedesign.com.br\/index.php?rest_route=%2Fwp%2Fv2%2Ftags&post=10611"}],"curies":[{"name":"wp","href":"https:\/\/api.w.org\/{rel}","templated":true}]}}