{"id":10637,"date":"2018-11-19T13:42:31","date_gmt":"2018-11-19T15:42:31","guid":{"rendered":"https:\/\/www.jornaldaconstrucaocivil.com.br\/?p=10637"},"modified":"2018-11-19T13:50:16","modified_gmt":"2018-11-19T15:50:16","slug":"seminario-internacional-cais-do-valongo-patrimonio-mundial-marca-a-semana-da-consciencia-negra","status":"publish","type":"post","link":"https:\/\/construcaocivil.siriusmarketingedesign.com.br\/?p=10637","title":{"rendered":"Semin\u00e1rio Internacional Cais do Valongo Patrim\u00f4nio Mundial marca a semana da Consci\u00eancia Negra"},"content":{"rendered":"<div style=\"text-align: justify;\"><span style=\"color: #0000ff;\">Novembro, 2018<\/span> &#8211; Lugar de mem\u00f3ria de uma hist\u00f3ria que a humanidade n\u00e3o pode esquecer, o Cais do Valongo, principal porto de entrada de escravos no Brasil e nas Am\u00e9ricas, foi reconhecido como Patrim\u00f4nio Mundial em 2017. No pr\u00f3ximo 23 de novembro, sexta-feira, na semana da Consci\u00eancia Negra, o Semin\u00e1rio Internacional Cais do Valongo Patrim\u00f4nio Mundial ir\u00e1 marcar a cerim\u00f4nia de entrega do t\u00edtulo conferido pela Unesco e debater os desafios da gest\u00e3o e interpreta\u00e7\u00e3o do s\u00edtio, no Museu de Arte do Rio (MAR).<\/div>\n<div style=\"text-align: justify;\"><\/div>\n<div style=\"text-align: justify;\">Desde que o Cais do Valongo foi revelado em 2011, durante escava\u00e7\u00f5es nas obras da zona portu\u00e1ria do Rio de Janeiro, o s\u00edtio arqueol\u00f3gico trouxe grandes descobertas. Os \u00fanicos vest\u00edgios materiais da chegada dos africanos no pa\u00eds estavam aterrados na regi\u00e3o portu\u00e1ria, e foram expostos ao mundo. Estima-se que, por ali, passaram cerca de um milh\u00e3o de africanos escravizados, somente no s\u00e9culo XIX. \u201cO reconhecimento de s\u00edtios sens\u00edveis como esse, coloca em evid\u00eancia a necessidade de compartilharmos nossa experi\u00eancia em prol de uma vis\u00e3o mais humanista da sociedade global\u201d, reflete a presidente do Instituto do Patrim\u00f4nio Hist\u00f3rico e Art\u00edstico Nacional (Iphan), K\u00e1tia Bog\u00e9a.<\/div>\n<p>&nbsp;<\/p>\n<figure id=\"attachment_10641\" aria-describedby=\"caption-attachment-10641\" style=\"width: 300px\" class=\"wp-caption alignleft\"><img loading=\"lazy\" decoding=\"async\" class=\"size-medium wp-image-10641\" src=\"https:\/\/www.jornaldaconstrucaocivil.com.br\/wp-content\/uploads\/2018\/11\/Valongo-300x200.jpg\" alt=\"\" width=\"300\" height=\"200\" srcset=\"https:\/\/construcaocivil.siriusmarketingedesign.com.br\/wp-content\/uploads\/2018\/11\/Valongo-300x200.jpg 300w, https:\/\/construcaocivil.siriusmarketingedesign.com.br\/wp-content\/uploads\/2018\/11\/Valongo-768x512.jpg 768w, https:\/\/construcaocivil.siriusmarketingedesign.com.br\/wp-content\/uploads\/2018\/11\/Valongo-1024x683.jpg 1024w, https:\/\/construcaocivil.siriusmarketingedesign.com.br\/wp-content\/uploads\/2018\/11\/Valongo-450x300.jpg 450w, https:\/\/construcaocivil.siriusmarketingedesign.com.br\/wp-content\/uploads\/2018\/11\/Valongo.jpg 1899w\" sizes=\"auto, (max-width: 300px) 100vw, 300px\" \/><figcaption id=\"caption-attachment-10641\" class=\"wp-caption-text\">Divulga\u00e7\u00e3o<\/figcaption><\/figure>\n<div style=\"text-align: justify;\">Com a participa\u00e7\u00e3o de especialistas internacionais em s\u00edtios de mem\u00f3ria sens\u00edvel, o semin\u00e1rio far\u00e1 uma reflex\u00e3o sobre a necessidade de se avan\u00e7ar no processo de gest\u00e3o compartilhada desse Patrim\u00f4nio Mundial. Uma realiza\u00e7\u00e3o da Prefeitura Municipal do Rio de Janeiro, em parceria com o Iphan e a Representa\u00e7\u00e3o da Unesco no Brasil, o evento tamb\u00e9m ir\u00e1 discutir a constru\u00e7\u00e3o do Museu da Hist\u00f3ria e da Cultura Afro-Brasileira, na zona portu\u00e1ria, dedicado \u00e0 escravid\u00e3o e \u00e0 heran\u00e7a afro.<\/div>\n<div>\n<div><\/div>\n<div style=\"text-align: justify;\"><strong>S\u00edtios de mem\u00f3ria sens\u00edvel\u00a0<\/strong><\/div>\n<div style=\"text-align: justify;\">Durante o Semin\u00e1rio Internacional, o diretor do Memorial AcTe, Thi\u00e9rry L\u2019Etang ir\u00e1 debater sobre o caso do Centro de Express\u00f5es e Mem\u00f3ria do Tr\u00e1fico de Escravos e Escravid\u00e3o, em Guadalupe, Fran\u00e7a. Os especialistas Deirdre Prins-Solani e Vuyo Mfanekiso apresentar\u00e3o o museu Robben Island, complexo prisional na Cidade do Cabo, \u00c1frica do Sul, onde estiveram presos l\u00edderes do movimento anti-Apartheid, inclusive Nelson Mandela, por 27 anos. A mesa ser\u00e1 mediada por Cristina Lodi, coordenadora de cria\u00e7\u00e3o do\u00a0Museu da Hist\u00f3ria e da Cultura Afro-Brasileira.<\/div>\n<div style=\"text-align: justify;\"><\/div>\n<div style=\"text-align: justify;\">A programa\u00e7\u00e3o tamb\u00e9m conta com uma apresenta\u00e7\u00e3o do caso do monumento African Burial\u00a0Ground, constru\u00eddo sobre um imenso cemit\u00e9rio de escravos em Nova Iorque, EUA. Com a media\u00e7\u00e3o diretor de Coopera\u00e7\u00e3o e Fomento do Iphan, Marcelo Brito, a mesa ter\u00e1 o especialista em interpreta\u00e7\u00e3o de s\u00edtios Marcelo Mart\u00edn, professor da Universidad Pablo de Olavid, em Sevilha, Espanha.<\/div>\n<div style=\"text-align: justify;\"><\/div>\n<div style=\"text-align: justify;\">O caso do circuito na zona portu\u00e1ria do territ\u00f3rio conhecido como Pequena \u00c1frica, no Rio de Janeiro, ser\u00e1 apresentado por representantes das institui\u00e7\u00f5es afro-brasileiras Instituto Pretos Novos, Quilombo da Pedra do Sal, Centro Cultural Pequena \u00c1frica, Remanescentes de Tia Ciata e Afox\u00e9 Filhos de Gandhi. O p\u00fablico poder\u00e1 conhecer os resultados e desafios do plano de gest\u00e3o do s\u00edtio arqueol\u00f3gico Cais do Valongo, a partir da experi\u00eancia da secret\u00e1ria de Cultura do Rio de Janeiro, Nilcemar Nogueira; a historiadora Martha Abreu; e a presidente do Instituto Rio Patrim\u00f4nio da Humanidade (IRPH), Claudia Escarlate.<\/div>\n<div style=\"text-align: justify;\"><\/div>\n<div style=\"text-align: justify;\">O novo projeto de conserva\u00e7\u00e3o do s\u00edtio arqueol\u00f3gico do Valongo, que contar\u00e1 com investimento de US$ 500 mil, em parceria com o consulado dos EUA, ser\u00e1 apresentado por Ricardo Piquet, diretor do Instituto de Desenvolvimento e Gest\u00e3o (IDG). No encerramento, haver\u00e1 ainda a posse do Conselho Consultivo do\u00a0Museu da Hist\u00f3ria e da Cultura Afro-Brasileira.<\/div>\n<div style=\"text-align: justify;\"><\/div>\n<div style=\"text-align: justify;\">A participa\u00e7\u00e3o no evento \u00e9 aberta ao p\u00fablico, com inscri\u00e7\u00f5es gratuitas e limitadas. Elas podem ser feitas at\u00e9 o dia 20 de novembro, pelo e-mail\u00a0<span style=\"color: #0000ff;\"><a style=\"color: #0000ff;\" href=\"mailto:seminariointernacionalvalongo@gmail.com\" target=\"_blank\" rel=\"noopener\">seminariointernacionalvalongo@<wbr \/>gmail.com<\/a>\u00a0<\/span><\/div>\n<div><\/div>\n<div>Fonte: Imprensa\/IPHAN<\/div>\n<\/div>\n","protected":false},"excerpt":{"rendered":"<p>Novembro, 2018 &#8211; Lugar de mem\u00f3ria de uma hist\u00f3ria que a humanidade n\u00e3o pode esquecer, o Cais do Valongo, principal porto de entrada de escravos no Brasil e nas Am\u00e9ricas, foi reconhecido como Patrim\u00f4nio Mundial em 2017. No pr\u00f3ximo 23 de novembro, sexta-feira, na semana da Consci\u00eancia Negra, o Semin\u00e1rio Internacional Cais do Valongo Patrim\u00f4nio [&hellip;]<\/p>\n","protected":false},"author":1,"featured_media":10638,"comment_status":"open","ping_status":"open","sticky":false,"template":"","format":"standard","meta":{"_uag_custom_page_level_css":"","footnotes":""},"categories":[27],"tags":[1574,14239,14241,4483,6164,6391,14244,14242,14238,14243,14246,14245,10859,14240],"class_list":["post-10637","post","type-post","status-publish","format-standard","has-post-thumbnail","hentry","category-acontece","tag-brasilia-df","tag-cais-do-valongo-patrimonio-mundial","tag-centro-de-expressoes-e-memoria-do-trafico-de-escravos-e-escravidao","tag-escravidao-no-brasil","tag-inscricoes-gratuitas","tag-iphan","tag-memorial-acte","tag-museu-da-historia-e-da-cultura-afro-brasileira","tag-museu-de-arte-do-rio-mar","tag-porto-maravilha-rj","tag-quilombo-da-pedra-do-sal","tag-riio-de-janeiro","tag-seminario-internacional","tag-sitios-de-memoria-sensivel"],"blocksy_meta":[],"spectra_blocks_featured_image_url":{"thumbnail":{"url":"https:\/\/construcaocivil.siriusmarketingedesign.com.br\/wp-content\/uploads\/2018\/11\/IPHAN-II-150x150.jpg","width":150,"height":150},"medium":{"url":"https:\/\/construcaocivil.siriusmarketingedesign.com.br\/wp-content\/uploads\/2018\/11\/IPHAN-II-300x225.jpg","width":300,"height":225},"medium_large":{"url":"https:\/\/construcaocivil.siriusmarketingedesign.com.br\/wp-content\/uploads\/2018\/11\/IPHAN-II.jpg","width":605,"height":454},"large":{"url":"https:\/\/construcaocivil.siriusmarketingedesign.com.br\/wp-content\/uploads\/2018\/11\/IPHAN-II.jpg","width":605,"height":454},"full":{"url":"https:\/\/construcaocivil.siriusmarketingedesign.com.br\/wp-content\/uploads\/2018\/11\/IPHAN-II.jpg","width":605,"height":454}},"spectra_blocks_author_info":{"display_name":"Jornal da Constru\u00e7\u00e3o Civil","avatar_url":"https:\/\/secure.gravatar.com\/avatar\/973c9774fd44ddaceb026973c4962faa70fc512bc4c9da68e8ebb40fecee6540?s=96&d=mm&r=g","author_link":"https:\/\/construcaocivil.siriusmarketingedesign.com.br\/?author=1","description":"Desde de 2013, levando muitas informa\u00e7\u00f5es, lan\u00e7amentos e produtos de qualidade para toda cadeia produtiva da constru\u00e7\u00e3o. O Futuro da constru\u00e7\u00e3o passa por aqui,"},"uagb_featured_image_src":{"full":["https:\/\/construcaocivil.siriusmarketingedesign.com.br\/wp-content\/uploads\/2018\/11\/IPHAN-II.jpg",605,454,false],"thumbnail":["https:\/\/construcaocivil.siriusmarketingedesign.com.br\/wp-content\/uploads\/2018\/11\/IPHAN-II-150x150.jpg",150,150,true],"medium":["https:\/\/construcaocivil.siriusmarketingedesign.com.br\/wp-content\/uploads\/2018\/11\/IPHAN-II-300x225.jpg",300,225,true],"medium_large":["https:\/\/construcaocivil.siriusmarketingedesign.com.br\/wp-content\/uploads\/2018\/11\/IPHAN-II.jpg",605,454,false],"large":["https:\/\/construcaocivil.siriusmarketingedesign.com.br\/wp-content\/uploads\/2018\/11\/IPHAN-II.jpg",605,454,false],"1536x1536":["https:\/\/construcaocivil.siriusmarketingedesign.com.br\/wp-content\/uploads\/2018\/11\/IPHAN-II.jpg",605,454,false],"2048x2048":["https:\/\/construcaocivil.siriusmarketingedesign.com.br\/wp-content\/uploads\/2018\/11\/IPHAN-II.jpg",605,454,false]},"uagb_author_info":{"display_name":"Jornal da Constru\u00e7\u00e3o Civil","author_link":"https:\/\/construcaocivil.siriusmarketingedesign.com.br\/?author=1"},"uagb_comment_info":0,"uagb_excerpt":"Novembro, 2018 &#8211; Lugar de mem\u00f3ria de uma hist\u00f3ria que a humanidade n\u00e3o pode esquecer, o Cais do Valongo, principal porto de entrada de escravos no Brasil e nas Am\u00e9ricas, foi reconhecido como Patrim\u00f4nio Mundial em 2017. No pr\u00f3ximo 23 de novembro, sexta-feira, na semana da Consci\u00eancia Negra, o Semin\u00e1rio Internacional Cais do Valongo Patrim\u00f4nio&hellip;","_links":{"self":[{"href":"https:\/\/construcaocivil.siriusmarketingedesign.com.br\/index.php?rest_route=\/wp\/v2\/posts\/10637","targetHints":{"allow":["GET"]}}],"collection":[{"href":"https:\/\/construcaocivil.siriusmarketingedesign.com.br\/index.php?rest_route=\/wp\/v2\/posts"}],"about":[{"href":"https:\/\/construcaocivil.siriusmarketingedesign.com.br\/index.php?rest_route=\/wp\/v2\/types\/post"}],"author":[{"embeddable":true,"href":"https:\/\/construcaocivil.siriusmarketingedesign.com.br\/index.php?rest_route=\/wp\/v2\/users\/1"}],"replies":[{"embeddable":true,"href":"https:\/\/construcaocivil.siriusmarketingedesign.com.br\/index.php?rest_route=%2Fwp%2Fv2%2Fcomments&post=10637"}],"version-history":[{"count":0,"href":"https:\/\/construcaocivil.siriusmarketingedesign.com.br\/index.php?rest_route=\/wp\/v2\/posts\/10637\/revisions"}],"wp:featuredmedia":[{"embeddable":true,"href":"https:\/\/construcaocivil.siriusmarketingedesign.com.br\/index.php?rest_route=\/wp\/v2\/media\/10638"}],"wp:attachment":[{"href":"https:\/\/construcaocivil.siriusmarketingedesign.com.br\/index.php?rest_route=%2Fwp%2Fv2%2Fmedia&parent=10637"}],"wp:term":[{"taxonomy":"category","embeddable":true,"href":"https:\/\/construcaocivil.siriusmarketingedesign.com.br\/index.php?rest_route=%2Fwp%2Fv2%2Fcategories&post=10637"},{"taxonomy":"post_tag","embeddable":true,"href":"https:\/\/construcaocivil.siriusmarketingedesign.com.br\/index.php?rest_route=%2Fwp%2Fv2%2Ftags&post=10637"}],"curies":[{"name":"wp","href":"https:\/\/api.w.org\/{rel}","templated":true}]}}