{"id":10664,"date":"2018-11-23T12:58:26","date_gmt":"2018-11-23T14:58:26","guid":{"rendered":"https:\/\/www.jornaldaconstrucaocivil.com.br\/?p=10664"},"modified":"2018-11-23T12:58:26","modified_gmt":"2018-11-23T14:58:26","slug":"populacao-de-sao-goncalo-se-mobiliza-para-revitalizacao-de-lixao","status":"publish","type":"post","link":"https:\/\/construcaocivil.siriusmarketingedesign.com.br\/?p=10664","title":{"rendered":"Popula\u00e7\u00e3o de S\u00e3o Gon\u00e7alo se mobiliza para revitaliza\u00e7\u00e3o de lix\u00e3o"},"content":{"rendered":"<p style=\"text-align: justify;\"><span style=\"color: #993300;\">Novembro, 2018<\/span> &#8211; Nesta sexta-feira e s\u00e1bado (23 e 24\/11) a comunidade de Vila Lage em S\u00e3o Gon\u00e7alo, com o apoio do SECONCI-Rio, estar\u00e1 realizando a primeira etapa\u00a0 da limpeza do espa\u00e7o onde hoje se localiza um lix\u00e3o de 3.150 m2 na Avenida Gouveia, em frente \u00e0 Escola L\u00facio Tom\u00e9 Feteira.\u00a0 A ideia surgiu a partir do inc\u00f4modo e da indigna\u00e7\u00e3o que os moradores da regi\u00e3o sentiam em ver o local completamente abandonado e se tornando cada vez mais um foco de doen\u00e7as e mau cheiro.<\/p>\n<p style=\"text-align: justify;\">Foram meses de tratativas com a Prefeitura de S\u00e3o Gon\u00e7alo \u2013 que prontamente acolheu a ideia \u2013 at\u00e9 que a a\u00e7\u00e3o fosse formatada junto aos projetos s\u00f3cio-educativos <strong><span style=\"color: #0000ff;\">&#8220;Solo&#8221;<\/span><\/strong> e <strong><span style=\"color: #0000ff;\">&#8220;Ecorrauze&#8221;<\/span><\/strong>, frutos do <span style=\"color: #0000ff;\">Edital de Apoio a Pequenos Projetos Vizinho do Bem<\/span>, realizado h\u00e1 um ano visando resultados eficazes para as comunidades no entorno do empreendimento da MRV Engenharia, o Reserva Solare, em Vila Lage.<\/p>\n<figure id=\"attachment_10666\" aria-describedby=\"caption-attachment-10666\" style=\"width: 300px\" class=\"wp-caption alignleft\"><img loading=\"lazy\" decoding=\"async\" class=\"size-medium wp-image-10666\" src=\"https:\/\/www.jornaldaconstrucaocivil.com.br\/wp-content\/uploads\/2018\/11\/Vista-a\u00e9ra-do-lix\u00e3o-300x231.png\" alt=\"\" width=\"300\" height=\"231\" srcset=\"https:\/\/construcaocivil.siriusmarketingedesign.com.br\/wp-content\/uploads\/2018\/11\/Vista-a\u00e9ra-do-lix\u00e3o-300x231.png 300w, https:\/\/construcaocivil.siriusmarketingedesign.com.br\/wp-content\/uploads\/2018\/11\/Vista-a\u00e9ra-do-lix\u00e3o-768x592.png 768w, https:\/\/construcaocivil.siriusmarketingedesign.com.br\/wp-content\/uploads\/2018\/11\/Vista-a\u00e9ra-do-lix\u00e3o-1024x789.png 1024w, https:\/\/construcaocivil.siriusmarketingedesign.com.br\/wp-content\/uploads\/2018\/11\/Vista-a\u00e9ra-do-lix\u00e3o-260x200.png 260w, https:\/\/construcaocivil.siriusmarketingedesign.com.br\/wp-content\/uploads\/2018\/11\/Vista-a\u00e9ra-do-lix\u00e3o.png 1441w\" sizes=\"auto, (max-width: 300px) 100vw, 300px\" \/><figcaption id=\"caption-attachment-10666\" class=\"wp-caption-text\">Vista a\u00e9rea do lix\u00e3o. Divulga\u00e7\u00e3o<\/figcaption><\/figure>\n<p style=\"text-align: justify;\">\u00a0A primeira etapa contar\u00e1 com um mutir\u00e3o de limpeza, das 9h \u00e0s 17h, do qual participar\u00e3o membros da comunidade inscritos pela internet, volunt\u00e1rios, passantes e crian\u00e7as do Ciep 413, escola onde o Projeto Vizinho do Bem j\u00e1 realiza algumas a\u00e7\u00f5es.<\/p>\n<p style=\"text-align: justify;\">&#8220;Come\u00e7amos a dar aulas sobre Meio-Ambiente para a comunidade e com o tempo a indigna\u00e7\u00e3o com a deteriora\u00e7\u00e3o daquele espa\u00e7o foi crescendo. Como poder\u00edamos ensinar sobre preserva\u00e7\u00e3o ecol\u00f3gica e reciclagem se na nossa frente havia um lix\u00e3o a c\u00e9u\u00a0aberto? Resolvemos abra\u00e7ar a causa, envolvemos v\u00e1rios projetos e a ades\u00e3o foi enorme&#8221; \u2013 conta Pedro Pontes, integrante do Projeto Solo que est\u00e1 \u00e1 frente da revitaliza\u00e7\u00e3o do local.<\/p>\n<p style=\"text-align: justify;\">Depois de limpo, o terreno receber\u00e1 mudas de plantas e flores, lixeiras de coleta seletiva e um banco de terra (adobe) para a cria\u00e7\u00e3o de um espa\u00e7o de conviv\u00eancia. A segunda etapa acontecer\u00e1 no fim de semana de 30\/11 e 1\/12, tamb\u00e9m das 9h \u00e0s 17h, e al\u00e9m da participa\u00e7\u00e3o dos moradores, contar\u00e1 com o entusiasmo das crian\u00e7as do col\u00e9gio L\u00facio Tom\u00e9 Feteira, que participar\u00e3o de oficinas de bio-constru\u00e7\u00e3o e compostagem, ministradas pelos integrantes do Projeto Ecorrauze.<\/p>\n<p style=\"text-align: justify;\">Todas as a\u00e7\u00f5es realizadas em Vila Lage ir\u00e3o gerar um document\u00e1rio dos Projetos do Vizinho do Bem que ficar\u00e1 dispon\u00edvel como fonte de consulta e inspira\u00e7\u00e3o para a popula\u00e7\u00e3o.<\/p>\n<p style=\"text-align: justify;\">Os interessados em participar dever\u00e3o comparecer com vestimentas pr\u00f3prias para a atividade. O Seconci oferecer\u00e1 \u00e1gua e lanche aos presentes numa tenda montada no local.\u00a0\u00a0 A inscri\u00e7\u00e3o pode ser feita\u00a0 atrav\u00e9s do <span style=\"color: #0000ff;\">telefone(21)99820-3529<\/span>.<\/p>\n<p>Fonte: Imprensa\/Seconci-Rio<\/p>\n","protected":false},"excerpt":{"rendered":"<p>Novembro, 2018 &#8211; Nesta sexta-feira e s\u00e1bado (23 e 24\/11) a comunidade de Vila Lage em S\u00e3o Gon\u00e7alo, com o apoio do SECONCI-Rio, estar\u00e1 realizando a primeira etapa\u00a0 da limpeza do espa\u00e7o onde hoje se localiza um lix\u00e3o de 3.150 m2 na Avenida Gouveia, em frente \u00e0 Escola L\u00facio Tom\u00e9 Feteira.\u00a0 A ideia surgiu a [&hellip;]<\/p>\n","protected":false},"author":1,"featured_media":10665,"comment_status":"open","ping_status":"open","sticky":false,"template":"","format":"standard","meta":{"_uag_custom_page_level_css":"","footnotes":""},"categories":[37],"tags":[14297,1207,14301,14299,7959,14302,14303,14300,10645,14298,10732],"class_list":["post-10664","post","type-post","status-publish","format-standard","has-post-thumbnail","hentry","category-sustentabilidade","tag-aterros-sanitarios-um-problema-ambiental","tag-bairro-vila-lage","tag-lixao-a-ceu-aberto-e-um-problema-grave","tag-moradores-revitalizacao-lixao","tag-mrv-engenharia","tag-mutirao-de-limpeza","tag-pequenos-projetos-vizinho-do-bem","tag-reserva-solare","tag-sao-goncalo-rj","tag-saude-e-meio-ambiente","tag-seconci-rio"],"blocksy_meta":[],"spectra_blocks_featured_image_url":{"thumbnail":{"url":"https:\/\/construcaocivil.siriusmarketingedesign.com.br\/wp-content\/uploads\/2018\/11\/Lix\u00e3o-150x150.jpg","width":150,"height":150},"medium":{"url":"https:\/\/construcaocivil.siriusmarketingedesign.com.br\/wp-content\/uploads\/2018\/11\/Lix\u00e3o-300x146.jpg","width":300,"height":146},"medium_large":{"url":"https:\/\/construcaocivil.siriusmarketingedesign.com.br\/wp-content\/uploads\/2018\/11\/Lix\u00e3o-768x373.jpg","width":768,"height":373},"large":{"url":"https:\/\/construcaocivil.siriusmarketingedesign.com.br\/wp-content\/uploads\/2018\/11\/Lix\u00e3o-1024x497.jpg","width":1024,"height":497},"full":{"url":"https:\/\/construcaocivil.siriusmarketingedesign.com.br\/wp-content\/uploads\/2018\/11\/Lix\u00e3o-e1542984640564.jpg","width":900,"height":437}},"spectra_blocks_author_info":{"display_name":"Jornal da Constru\u00e7\u00e3o Civil","avatar_url":"https:\/\/secure.gravatar.com\/avatar\/973c9774fd44ddaceb026973c4962faa70fc512bc4c9da68e8ebb40fecee6540?s=96&d=mm&r=g","author_link":"https:\/\/construcaocivil.siriusmarketingedesign.com.br\/?author=1","description":"Desde de 2013, levando muitas informa\u00e7\u00f5es, lan\u00e7amentos e produtos de qualidade para toda cadeia produtiva da constru\u00e7\u00e3o. O Futuro da constru\u00e7\u00e3o passa por aqui,"},"uagb_featured_image_src":{"full":["https:\/\/construcaocivil.siriusmarketingedesign.com.br\/wp-content\/uploads\/2018\/11\/Lix\u00e3o-e1542984640564.jpg",900,437,false],"thumbnail":["https:\/\/construcaocivil.siriusmarketingedesign.com.br\/wp-content\/uploads\/2018\/11\/Lix\u00e3o-150x150.jpg",150,150,true],"medium":["https:\/\/construcaocivil.siriusmarketingedesign.com.br\/wp-content\/uploads\/2018\/11\/Lix\u00e3o-300x146.jpg",300,146,true],"medium_large":["https:\/\/construcaocivil.siriusmarketingedesign.com.br\/wp-content\/uploads\/2018\/11\/Lix\u00e3o-768x373.jpg",768,373,true],"large":["https:\/\/construcaocivil.siriusmarketingedesign.com.br\/wp-content\/uploads\/2018\/11\/Lix\u00e3o-1024x497.jpg",1024,497,true],"1536x1536":["https:\/\/construcaocivil.siriusmarketingedesign.com.br\/wp-content\/uploads\/2018\/11\/Lix\u00e3o-e1542984640564.jpg",900,437,false],"2048x2048":["https:\/\/construcaocivil.siriusmarketingedesign.com.br\/wp-content\/uploads\/2018\/11\/Lix\u00e3o-e1542984640564.jpg",900,437,false]},"uagb_author_info":{"display_name":"Jornal da Constru\u00e7\u00e3o Civil","author_link":"https:\/\/construcaocivil.siriusmarketingedesign.com.br\/?author=1"},"uagb_comment_info":0,"uagb_excerpt":"Novembro, 2018 &#8211; Nesta sexta-feira e s\u00e1bado (23 e 24\/11) a comunidade de Vila Lage em S\u00e3o Gon\u00e7alo, com o apoio do SECONCI-Rio, estar\u00e1 realizando a primeira etapa\u00a0 da limpeza do espa\u00e7o onde hoje se localiza um lix\u00e3o de 3.150 m2 na Avenida Gouveia, em frente \u00e0 Escola L\u00facio Tom\u00e9 Feteira.\u00a0 A ideia surgiu a&hellip;","_links":{"self":[{"href":"https:\/\/construcaocivil.siriusmarketingedesign.com.br\/index.php?rest_route=\/wp\/v2\/posts\/10664","targetHints":{"allow":["GET"]}}],"collection":[{"href":"https:\/\/construcaocivil.siriusmarketingedesign.com.br\/index.php?rest_route=\/wp\/v2\/posts"}],"about":[{"href":"https:\/\/construcaocivil.siriusmarketingedesign.com.br\/index.php?rest_route=\/wp\/v2\/types\/post"}],"author":[{"embeddable":true,"href":"https:\/\/construcaocivil.siriusmarketingedesign.com.br\/index.php?rest_route=\/wp\/v2\/users\/1"}],"replies":[{"embeddable":true,"href":"https:\/\/construcaocivil.siriusmarketingedesign.com.br\/index.php?rest_route=%2Fwp%2Fv2%2Fcomments&post=10664"}],"version-history":[{"count":0,"href":"https:\/\/construcaocivil.siriusmarketingedesign.com.br\/index.php?rest_route=\/wp\/v2\/posts\/10664\/revisions"}],"wp:featuredmedia":[{"embeddable":true,"href":"https:\/\/construcaocivil.siriusmarketingedesign.com.br\/index.php?rest_route=\/wp\/v2\/media\/10665"}],"wp:attachment":[{"href":"https:\/\/construcaocivil.siriusmarketingedesign.com.br\/index.php?rest_route=%2Fwp%2Fv2%2Fmedia&parent=10664"}],"wp:term":[{"taxonomy":"category","embeddable":true,"href":"https:\/\/construcaocivil.siriusmarketingedesign.com.br\/index.php?rest_route=%2Fwp%2Fv2%2Fcategories&post=10664"},{"taxonomy":"post_tag","embeddable":true,"href":"https:\/\/construcaocivil.siriusmarketingedesign.com.br\/index.php?rest_route=%2Fwp%2Fv2%2Ftags&post=10664"}],"curies":[{"name":"wp","href":"https:\/\/api.w.org\/{rel}","templated":true}]}}