{"id":10675,"date":"2018-11-27T09:43:52","date_gmt":"2018-11-27T11:43:52","guid":{"rendered":"https:\/\/www.jornaldaconstrucaocivil.com.br\/?p=10675"},"modified":"2018-11-27T09:44:44","modified_gmt":"2018-11-27T11:44:44","slug":"mt-expo-2018-e-aberta-em-clima-de-otimismo","status":"publish","type":"post","link":"https:\/\/construcaocivil.siriusmarketingedesign.com.br\/?p=10675","title":{"rendered":"M&#038;T Expo 2018 \u00e9 aberta em clima de otimismo"},"content":{"rendered":"<p style=\"text-align: justify;\"><span style=\"color: #0000ff;\">S\u00e3o Paulo, novembro, 2018<\/span> &#8211; Em clima de confian\u00e7a numa retomada dos investimentos em obras de infraestrutura no m\u00e9dio prazo, foi aberta nesta segunda-feira (26), em S\u00e3o Paulo, a\u00a0<strong>M&amp;T Expo 2018 \u2013 10\u00aa Feira Internacional de Equipamentos para Constru\u00e7\u00e3o e Minera\u00e7\u00e3o<\/strong>, maior e mais importante feira do segmento na Am\u00e9rica Latina. \u201cOs recentes movimentos em torno da reativa\u00e7\u00e3o de obras paralisadas e as sinaliza\u00e7\u00f5es do governo eleito sobre os necess\u00e1rios e urgentes investimentos em infraestrutura, tem viabilizado um horizonte de otimismos para as empresas do nosso segmento\u201d, afirmou Afonso Mamede, presidente da Sobratema \u2013 Associa\u00e7\u00e3o Brasileira de Tecnologia para Constru\u00e7\u00e3o e Minera\u00e7\u00e3o, na solenidade de abertura do evento.<\/p>\n<p style=\"text-align: justify;\">Na sequ\u00eancia, Falk Senger, Managing Director da Messe M\u00fcnchen, parceira da Sobratema na realiza\u00e7\u00e3o da M&amp;T Expo 2018, ressaltou a import\u00e2ncia da uni\u00e3o entre as duas entidades para a concretiza\u00e7\u00e3o do evento. \u201cA M&amp;T Expo oferece uma grande oportunidade para que as empresas dos segmentos de constru\u00e7\u00e3o e minera\u00e7\u00e3o estabele\u00e7am e aprofundem os relacionamentos com seus clientes e parceiros, no sentido de realizar e ampliar neg\u00f3cios\u201d, disse Senge. Ambos os l\u00edderes destacaram o bom momento para a promo\u00e7\u00e3o da feira, uma vez que, al\u00e9m da exposi\u00e7\u00e3o das mais modernas e sofisticadas m\u00e1quinas destinadas para obras de infraestrutura, a feira contempla ainda uma s\u00e9rie de atividade relativas a agrega\u00e7\u00e3o de conte\u00fado para atualiza\u00e7\u00e3o dos conhecimentos conceituais sobre os segmentos<\/p>\n<p style=\"text-align: justify;\">A solenidade de abertura contou tamb\u00e9m com as presen\u00e7as de diversas autoridades pol\u00edticas, empresariais e militares. O secret\u00e1rio de Energia do Estado de S\u00e3o Paulo, Jo\u00e3o Carlos de Souza Meirelles, que representou o governador Marcio Fran\u00e7a, enfatizou uma mensagem de confian\u00e7a em rela\u00e7\u00e3o as oportunidades atuais do segmento. \u201cO pa\u00eds est\u00e1 pronto para explodir em desenvolvimento\u201d, assegurou, ressaltando que, nesse sentido, o Estado de S\u00e3o Paulo pode contribuir com seus modelos de concess\u00f5es, de forma a replicar em outras regi\u00f5es.<\/p>\n<p style=\"text-align: justify;\">O secret\u00e1rio municipal de Servi\u00e7os e Obras da cidade de S\u00e3o Paulo, Vitor Aly, que representou o prefeito paulistano, Bruno Covas, chamou a aten\u00e7\u00e3o para as potencialidades da feira. \u201cO tamanho da M&amp;T Expo deste ano surpreende e acredito que ser\u00e1 um sucesso em termos de neg\u00f3cios. O secret\u00e1rio enfatizou ainda a relev\u00e2ncia das Parcerias P\u00fablico-Privadas que est\u00e3o sendo licitadas pela prefeitura de S\u00e3o Paulo, com destaque para dez novos piscin\u00f5es, que dever\u00e3o ser anunciadas ainda em 2018.<\/p>\n<p style=\"text-align: justify;\">Participaram tamb\u00e9m da solenidade de abertura oficial da M&amp;T Expo o major Eduardo Mendon\u00e7a Dorneles, coronel Alexandre Lopes Nogueira, do Departamento de Engenharia e Constru\u00e7\u00e3o do Ex\u00e9rcito, Embaixador Affonso Massot, secret\u00e1rio de Rela\u00e7\u00f5es Internacionais da Prefeitura de S\u00e3o Paulo, Emir Cadar Filho, presidente da Brasinfra e Nilton Jos\u00e9 Cavalieri, diretor-adjunto do Departamento da Ind\u00fastria da Constru\u00e7\u00e3o Civil, da Fiesp \u2013 Federa\u00e7\u00e3o das Ind\u00fastria de S\u00e3o Paulo.<\/p>\n<p style=\"text-align: justify;\">Antes da abertura oficial da M&amp;T Expo, os dirigentes da exposi\u00e7\u00e3o concederam uma entrevista coletiva para jornalistas nacionais e internacionais que est\u00e3o noticiando o evento. Na ocasi\u00e3o, Collin Davis, diretor Executivo de Bens de Capital da Messe M\u00fcnchen, enfatizou que nesta primeira edi\u00e7\u00e3o promovida pela Messe do Brasil h\u00e1 uma grande confian\u00e7a de que a feira ser\u00e1 um sucesso, pois acontece no melhor momento poss\u00edvel, uma vez que as elei\u00e7\u00f5es j\u00e1 foram definidas e um novo cen\u00e1rio pol\u00edtico e econ\u00f4mico para os pr\u00f3ximos anos foi desenhado e dever\u00e1 estimular a volta do crescimento para todos os setores, incluindo a constru\u00e7\u00e3o e a minera\u00e7\u00e3o.<\/p>\n<p style=\"text-align: justify;\">Marcada entre os dias 26 e 29 de novembro, no S\u00e3o Paulo Expo, 10\u00aa M&amp;T Expo ser\u00e1 o principal ponto de encontro do setor na Am\u00e9rica Latina. Promovida, pela primeira vez, em 1995, pela Associa\u00e7\u00e3o Brasileira de Tecnologia para Constru\u00e7\u00e3o e Minera\u00e7\u00e3o (Sobratema), a edi\u00e7\u00e3o de 2018 marca o in\u00edcio do acordo de coopera\u00e7\u00e3o de longo prazo firmado entre a entidade e a Messe M\u00fcnchen, promotora da bauma, maior feira mundial da \u00e1rea de equipamentos para constru\u00e7\u00e3o. Para visitar a M&amp;T Expo 2018, basta realizar o credenciamento online no\u00a0<span style=\"color: #0000ff;\"><a style=\"color: #0000ff;\" href=\"http:\/\/www.mtexpo.com.br\/\" target=\"_blank\" rel=\"noopener noreferrer\">site oficial.<\/a><\/span><\/p>\n<p style=\"text-align: justify;\"><strong>Servi\u00e7o:<\/strong><br \/>\n<strong>M&amp;T Expo 2018 \u2013 10\u00aa Feira Internacional de Equipamentos para Constru\u00e7\u00e3o e Minera\u00e7\u00e3o<\/strong><br \/>\n<strong>Data<\/strong>: 26 a 29 de novembro de 2018<br \/>\n<strong>Hor\u00e1rios<\/strong>: 26 a 28 &#8211; 13h \u00e0s 20h<br \/>\n29 &#8211; 9h \u00e0s 16h<br \/>\n<strong>Local:<\/strong>\u00a0S\u00e3o Paulo Expo Exhibition &amp; Convention Center &#8211; Rodovia dos Imigrantes, km 1,5 \u2013 \u00c1gua Funda \u2013 S\u00e3o Paulo\/SP<br \/>\n<strong>Informa\u00e7\u00f5es e credenciamento:<\/strong><span style=\"color: #0000ff;\">\u00a0<a style=\"color: #0000ff;\" href=\"http:\/\/www.mtexpo.com.br\/\" target=\"_blank\" rel=\"noopener noreferrer\">http:\/\/www.mtexpo.com.br<\/a><\/span><\/p>\n","protected":false},"excerpt":{"rendered":"<p>S\u00e3o Paulo, novembro, 2018 &#8211; Em clima de confian\u00e7a numa retomada dos investimentos em obras de infraestrutura no m\u00e9dio prazo, foi aberta nesta segunda-feira (26), em S\u00e3o Paulo, a\u00a0M&amp;T Expo 2018 \u2013 10\u00aa Feira Internacional de Equipamentos para Constru\u00e7\u00e3o e Minera\u00e7\u00e3o, maior e mais importante feira do segmento na Am\u00e9rica Latina. \u201cOs recentes movimentos em [&hellip;]<\/p>\n","protected":false},"author":1,"featured_media":10681,"comment_status":"open","ping_status":"open","sticky":false,"template":"","format":"standard","meta":{"_uag_custom_page_level_css":"","footnotes":""},"categories":[33],"tags":[14320,14321,2826,14319,6096,6346,14322,10679,12623,12289,14323],"class_list":["post-10675","post","type-post","status-publish","format-standard","has-post-thumbnail","hentry","category-mercado","tag-bauma-2019","tag-confianca-toma-conta-do-setor-de-maquinas-e-equipamentos","tag-construcao-civil","tag-empresas-de-maquinas-e-equipamentos","tag-infraestrutura","tag-investimentos-na-construcao-civil","tag-pecas-e-maquinas-para-mineracao","tag-sao-paulo-sp","tag-sobratema","tag-vendas-de-maquinas-pesadas","tag-vendas-de-retroescavadeira-crescem-em-2018"],"blocksy_meta":[],"spectra_blocks_featured_image_url":{"thumbnail":{"url":"https:\/\/construcaocivil.siriusmarketingedesign.com.br\/wp-content\/uploads\/2018\/11\/imagem_release_1516881-150x150.jpg","width":150,"height":150},"medium":{"url":"https:\/\/construcaocivil.siriusmarketingedesign.com.br\/wp-content\/uploads\/2018\/11\/imagem_release_1516881-300x200.jpg","width":300,"height":200},"medium_large":{"url":"https:\/\/construcaocivil.siriusmarketingedesign.com.br\/wp-content\/uploads\/2018\/11\/imagem_release_1516881-768x512.jpg","width":768,"height":512},"large":{"url":"https:\/\/construcaocivil.siriusmarketingedesign.com.br\/wp-content\/uploads\/2018\/11\/imagem_release_1516881-1024x683.jpg","width":1024,"height":683},"full":{"url":"https:\/\/construcaocivil.siriusmarketingedesign.com.br\/wp-content\/uploads\/2018\/11\/imagem_release_1516881-e1543318671870.jpg","width":1200,"height":800}},"spectra_blocks_author_info":{"display_name":"Jornal da Constru\u00e7\u00e3o Civil","avatar_url":"https:\/\/secure.gravatar.com\/avatar\/973c9774fd44ddaceb026973c4962faa70fc512bc4c9da68e8ebb40fecee6540?s=96&d=mm&r=g","author_link":"https:\/\/construcaocivil.siriusmarketingedesign.com.br\/?author=1","description":"Desde de 2013, levando muitas informa\u00e7\u00f5es, lan\u00e7amentos e produtos de qualidade para toda cadeia produtiva da constru\u00e7\u00e3o. O Futuro da constru\u00e7\u00e3o passa por aqui,"},"uagb_featured_image_src":{"full":["https:\/\/construcaocivil.siriusmarketingedesign.com.br\/wp-content\/uploads\/2018\/11\/imagem_release_1516881-e1543318671870.jpg",1200,800,false],"thumbnail":["https:\/\/construcaocivil.siriusmarketingedesign.com.br\/wp-content\/uploads\/2018\/11\/imagem_release_1516881-150x150.jpg",150,150,true],"medium":["https:\/\/construcaocivil.siriusmarketingedesign.com.br\/wp-content\/uploads\/2018\/11\/imagem_release_1516881-300x200.jpg",300,200,true],"medium_large":["https:\/\/construcaocivil.siriusmarketingedesign.com.br\/wp-content\/uploads\/2018\/11\/imagem_release_1516881-768x512.jpg",768,512,true],"large":["https:\/\/construcaocivil.siriusmarketingedesign.com.br\/wp-content\/uploads\/2018\/11\/imagem_release_1516881-1024x683.jpg",1024,683,true],"1536x1536":["https:\/\/construcaocivil.siriusmarketingedesign.com.br\/wp-content\/uploads\/2018\/11\/imagem_release_1516881-e1543318671870.jpg",1200,800,false],"2048x2048":["https:\/\/construcaocivil.siriusmarketingedesign.com.br\/wp-content\/uploads\/2018\/11\/imagem_release_1516881-e1543318671870.jpg",1200,800,false]},"uagb_author_info":{"display_name":"Jornal da Constru\u00e7\u00e3o Civil","author_link":"https:\/\/construcaocivil.siriusmarketingedesign.com.br\/?author=1"},"uagb_comment_info":0,"uagb_excerpt":"S\u00e3o Paulo, novembro, 2018 &#8211; Em clima de confian\u00e7a numa retomada dos investimentos em obras de infraestrutura no m\u00e9dio prazo, foi aberta nesta segunda-feira (26), em S\u00e3o Paulo, a\u00a0M&amp;T Expo 2018 \u2013 10\u00aa Feira Internacional de Equipamentos para Constru\u00e7\u00e3o e Minera\u00e7\u00e3o, maior e mais importante feira do segmento na Am\u00e9rica Latina. \u201cOs recentes movimentos em&hellip;","_links":{"self":[{"href":"https:\/\/construcaocivil.siriusmarketingedesign.com.br\/index.php?rest_route=\/wp\/v2\/posts\/10675","targetHints":{"allow":["GET"]}}],"collection":[{"href":"https:\/\/construcaocivil.siriusmarketingedesign.com.br\/index.php?rest_route=\/wp\/v2\/posts"}],"about":[{"href":"https:\/\/construcaocivil.siriusmarketingedesign.com.br\/index.php?rest_route=\/wp\/v2\/types\/post"}],"author":[{"embeddable":true,"href":"https:\/\/construcaocivil.siriusmarketingedesign.com.br\/index.php?rest_route=\/wp\/v2\/users\/1"}],"replies":[{"embeddable":true,"href":"https:\/\/construcaocivil.siriusmarketingedesign.com.br\/index.php?rest_route=%2Fwp%2Fv2%2Fcomments&post=10675"}],"version-history":[{"count":0,"href":"https:\/\/construcaocivil.siriusmarketingedesign.com.br\/index.php?rest_route=\/wp\/v2\/posts\/10675\/revisions"}],"wp:featuredmedia":[{"embeddable":true,"href":"https:\/\/construcaocivil.siriusmarketingedesign.com.br\/index.php?rest_route=\/wp\/v2\/media\/10681"}],"wp:attachment":[{"href":"https:\/\/construcaocivil.siriusmarketingedesign.com.br\/index.php?rest_route=%2Fwp%2Fv2%2Fmedia&parent=10675"}],"wp:term":[{"taxonomy":"category","embeddable":true,"href":"https:\/\/construcaocivil.siriusmarketingedesign.com.br\/index.php?rest_route=%2Fwp%2Fv2%2Fcategories&post=10675"},{"taxonomy":"post_tag","embeddable":true,"href":"https:\/\/construcaocivil.siriusmarketingedesign.com.br\/index.php?rest_route=%2Fwp%2Fv2%2Ftags&post=10675"}],"curies":[{"name":"wp","href":"https:\/\/api.w.org\/{rel}","templated":true}]}}