{"id":10693,"date":"2018-11-28T13:25:43","date_gmt":"2018-11-28T15:25:43","guid":{"rendered":"https:\/\/www.jornaldaconstrucaocivil.com.br\/?p=10693"},"modified":"2018-11-28T13:25:43","modified_gmt":"2018-11-28T15:25:43","slug":"se-pib-crescer-2-em-2019-pode-faltar-maquinas-para-construcao-alertou-palestrante-na-mt-expo","status":"publish","type":"post","link":"https:\/\/construcaocivil.siriusmarketingedesign.com.br\/?p=10693","title":{"rendered":"Se PIB crescer 2% em 2019 pode faltar m\u00e1quinas para constru\u00e7\u00e3o, alertou palestrante na M&#038;T Expo"},"content":{"rendered":"<p style=\"text-align: justify;\">Novembro, 2018 &#8211; \u201cSe o Brasil melhorar um pouquinho em 2019 e o PIB subir 2%, deve faltar m\u00e1quina para loca\u00e7\u00e3o no mercado\u201d, previu Expedito Arena, s\u00f3cio fundador da Casa do Construtor, em palestra no 6\u00b0 Congresso\u00a0Nacional de Valoriza\u00e7\u00e3o do Rental, promovido pela Analoc (Associa\u00e7\u00e3o\u00a0Brasileira dos Sindicatos e Associa\u00e7\u00f5es Representantes dos Locadores de M\u00e1quinas, Equipamentos e Ferramentas), durante a\u00a0M&amp;T Expo 2018 \u2013 10\u00aa Feira Internacional de Equipamentos para Constru\u00e7\u00e3o e Minera\u00e7\u00e3o, que prossegue hoje no S\u00e3o Paulo Expo, em S\u00e3o Paulo.<\/p>\n<p style=\"text-align: justify;\">De acordo com Arena, o futuro aponta para a cultura do compartilhamento, o que vai ao encontro do que o setor de loca\u00e7\u00e3o de equipamentos de\u00a0constru\u00e7\u00e3o\u00a0prop\u00f5e. Para ele, alguns fatores ser\u00e3o preponderantes para que as empresas\u00a0possam avan\u00e7ar no pa\u00eds. Entre eles, citou o\u00a0<img loading=\"lazy\" decoding=\"async\" src=\"https:\/\/files.pressmanager.net\/clientes\/2056d3716a94d9a257c276c9293aff48\/imagens\/2018\/11\/28\/ee1166fe5ca6d7b7281151c2d2c6de1c_medium.jpg\" width=\"300\" height=\"200\" align=\"right\" hspace=\"10\" vspace=\"10\" \/>fortalecimento do cen\u00e1rio macroecon\u00f4mico, a retomada do cr\u00e9dito al\u00e9m de um forte incentivo governamental que desburocratize as iniciativas dos empres\u00e1rios. Comparativamente ao mercado dos EUA, Arena demonstrou que h\u00e1 muito espa\u00e7o para crescer. &#8220;O faturamento das empresas no Brasil corresponde a menos de 3% do que faturam os americanos. Estamos falando de um montante de apenas US$ 1,387 bilh\u00f5es ante US$ 52 bi&#8221;, falou.<\/p>\n<p style=\"text-align: justify;\">O Congresso Nacional de Valoriza\u00e7\u00e3o do Rental foi aberto pelo presidente da Sobratema \u2013 Associa\u00e7\u00e3o Brasileira de Tecnologia para Constru\u00e7\u00e3o e Minera\u00e7\u00e3o, Afonso Mamede, que lembrou a mudan\u00e7a de expectativas desde o meados deste ano. &#8220;As expectativas\u00a0para 2019 s\u00e3o positivas e j\u00e1 vemos a acelera\u00e7\u00e3o das vendas de m\u00e1quinas e equipamentos para o nosso segmento nesse final de ano&#8221;, revelou.<\/p>\n<p style=\"text-align: justify;\">Reynaldo Fraiha, presidente da Analoc, tamb\u00e9m celebrou a realiza\u00e7\u00e3o da M&amp;T Expo e do Congresso, destacando o apoio da entidade para a dissemina\u00e7\u00e3o de dados e conhecimento para o mercado. &#8220;Acredito que podemos colaborar muito com a gera\u00e7\u00e3o de informa\u00e7\u00f5es sobre o setor e com a proximidade dos fabricantes de equipamentos&#8221;, afirmou, enfatizando que a feira tem import\u00e2ncia fundamental n\u00e3o s\u00f3 para o mercado de loca\u00e7\u00e3o de m\u00e1quinas, para toda a cadeia envolvida na \u00e1rea de infraestrutura.\u00a0\u201cA feira permite intera\u00e7\u00e3o com todo o mercado e ter acesso ao que de mais moderno em equipamentos temos a disposi\u00e7\u00e3o. \u00c9 um evento de muita import\u00e2ncia no planejamento das empresas, pois possibilita um amplo network. J\u00e1 os congressos disseminam informa\u00e7\u00f5es valiosas ao mercado de equipamentos\u201d, finaliza.<\/p>\n<p style=\"text-align: justify;\"><strong>PPP \u00e9 a sa\u00edda para melhorar infraestrutura brasileira, sustenta advogado em palestra na M&amp;T Expo<\/strong><\/p>\n<p style=\"text-align: justify;\">As Parcerias P\u00fablico Privadas (PPPs) podem ser uma sa\u00edda para viabilizar in\u00fameros projetos em \u00e1reas que exigem investimentos e administra\u00e7\u00e3o. \u201cEssa modalidade de investimentos \u00e9 uma das solu\u00e7\u00f5es que os governos est\u00e3o utilizando para deslanchar as \u00e1reas de saneamento, ilumina\u00e7\u00e3o p\u00fablica, rodovias, entre outras\u201d, afirmou Renan Facchinatto, advogado e gestor jur\u00eddico do escrit\u00f3rio Dal Pozzo, durante a palestra promovida na Arena de Conte\u00fado na\u00a0M&amp;T Expo 2018.<\/p>\n<p style=\"text-align: justify;\">De acordo com o palestrante, uma das \u00e1reas bastante promissora para receber investimentos de PPPs, a de saneamento b\u00e1sico, j\u00e1 conta com 200 contratos. Dos 1400 contratos de PPPs, 199 s\u00e3o de ilumina\u00e7\u00e3o p\u00fablica, segundo dados da Radar Projetos. \u201cV\u00e1rias cidades brasileiras j\u00e1 est\u00e3o usufruindo os benef\u00edcios das PPS na \u00e1rea de ilumina\u00e7\u00e3o p\u00fablica. Tenho um cliente que j\u00e1 opera a \u00e1rea de ilumina\u00e7\u00e3o em uma cidade de 15 mil habitantes e que est\u00e1 muito satisfeito com o neg\u00f3cio\u201d, revela o advogado.<\/p>\n<p style=\"text-align: justify;\">Segundo Facchinatto, apesar de apresentar grandes oportunidades na \u00e1rea de PPPs, o Brasil ainda conta com uma jurisdi\u00e7\u00e3o intrincada em termos de infraestrutura. \u201c\u00c9 um pa\u00eds marcado por excessiva jurisdi\u00e7\u00e3o\u201d, reconhece Facchinato. Mas com tantos setores necessitando de investimentos, o pa\u00eds representa um interessante polo de apostas em v\u00e1rias \u00e1reas. \u201cTemos muitas oportunidades para se fazer PPPs no Brasil. Uma \u00e1rea que representa um grande fil\u00e3o \u00e9 a coleta de res\u00edduos e drenagem urbana, assim como os pres\u00eddios, onde as PPPs entram para administrar a chamada hotelaria desses locais\u201d, aponta Facchinato.<\/p>\n<p><strong>Congressista da M&amp;T Expo d\u00e1 receita para a boa sa\u00fade financeira de locadora de m\u00e1quinas<\/strong><\/p>\n<p style=\"text-align: justify;\">\u201cRegistre tudo. Quem n\u00e3o registra, n\u00e3o controla. E porque n\u00e3o controla, tamb\u00e9m n\u00e3o gerencia\u201d, ensinou o engenheiro S\u00e9rgio Palazzo, especializado na aplica\u00e7\u00e3o e opera\u00e7\u00e3o de m\u00e1quinas de constru\u00e7\u00e3o de infraestruturas e representante do Brasil no Comit\u00ea Executivo da\u00a0<em>International Society for Trenchless Technology<\/em>. A observa\u00e7\u00e3o foi feita em palestra no 6\u00b0 Congresso\u00a0Nacional Valoriza\u00e7\u00e3o do Rental, promovido pela Analoc (Associa\u00e7\u00e3o\u00a0Brasileira dos Sindicatos e Associa\u00e7\u00f5es Representantes dos Locadores de M\u00e1quinas, Equipamentos e Ferramentas), durante a\u00a0M&amp;T Expo 2018.<\/p>\n<p style=\"text-align: justify;\">Segundo Palazzo, \u00e9 fundamental monitorar e gerenciar de perto indicadores como tempo de p\u00e1tio dos equipamentos, tempo e valor de utiliza\u00e7\u00e3o e o retorno do investimento. Para que o empres\u00e1rio do mercado de loca\u00e7\u00e3o que tenha sua empresa \u201cna UTI\u201d, Palazzo disse ser indispens\u00e1vel manter a todo custo n\u00e3o s\u00f3 a sa\u00fade financeira, mas tamb\u00e9m seus relacionamentos, a reputa\u00e7\u00e3o e a integridade.<\/p>\n<p style=\"text-align: justify;\"><strong>Seis primeiros meses de governo ser\u00e3o decisivos para Bolsonaro, aponta economista na M&amp;T Expo<\/strong><\/p>\n<p style=\"text-align: justify;\">O governo Jair Bolsonaro ter\u00e1 apenas seis meses para gerar uma nova realidade econ\u00f4mica no Brasil, definiu o jornalista e economista Lu\u00eds Artur Nogueira, em palestra no\u00a0Congresso\u00a0da Analoc (Associa\u00e7\u00e3o\u00a0Brasileira dos Sindicatos e Associa\u00e7\u00f5es Representantes dos Locadores de M\u00e1quinas, Equipamentos e Ferramentas), promovido durante a\u00a0M&amp;T Expo 2018.<\/p>\n<p style=\"text-align: justify;\">\u201cEstou otimista, mas n\u00e3o vamos nos iludir. A quest\u00e3o das finan\u00e7as p\u00fablicas \u00e9 muito grave, e a economia pode n\u00e3o resistir somente por expectativas. Se Bolsonaro n\u00e3o entregar a retomada econ\u00f4mica, sua popularidade vai cair muito\u201d, disse. Segundo ele, a palavra-chave para o novo presidente \u00e9 governabilidade. Al\u00e9m disso, outro fator pode complicar a vida do novo governo: o cen\u00e1rio externo aponta para a intensifica\u00e7\u00e3o da guerra comercial entre EUA e China. \u201cAquele mar de rosas acabou e, se a quest\u00e3o com a China e o populismo econ\u00f4mico de Trump provocarem uma eleva\u00e7\u00e3o dos juros americanos, vamos quebrar a cara se n\u00e3o nos prepararmos do ponto-de-vista fiscal\u201d, sentenciou. Para ele, o crescimento nacional depende muito de investimentos em infraestrutura.<strong>\u00a0<\/strong><\/p>\n<p><strong>Falta de dados dificulta preven\u00e7\u00e3o de inc\u00eandio em edif\u00edcios, alerta engenheiro em palestra na M&amp;T Expo<\/strong><\/p>\n<p style=\"text-align: justify;\">Em palestra proferida no\u00a0Summit da\u00a0M&amp;T Expo 2018 \u2013 10\u00aa Feira Internacional de Equipamentos para Constru\u00e7\u00e3o e Minera\u00e7\u00e3o, realizada durante esta semana, em S\u00e3o Paulo, o engenheiro Jos\u00e9 F\u00e9lix Drigo, da divis\u00e3o t\u00e9cnica de engenharia de inc\u00eandio do Instituto de Engenharia de S\u00e3o Paulo, chamou a aten\u00e7\u00e3o para a falta de estat\u00edsticas confi\u00e1veis sobre inc\u00eandios em edif\u00edcios no Brasil. \u201cHoje, uma das lutas da \u00e1rea de engenharia \u00e9 introduzir uma disciplina voltada a inc\u00eandio nas escolas de Engenharia\u201d, observou.<\/p>\n<p style=\"text-align: justify;\">O engenheiro chamou a aten\u00e7\u00e3o ainda para o fato de que os inc\u00eandios hoje envolvem materiais bem mais t\u00f3xicos, quando comparados com outras \u00e9pocas em que o mobili\u00e1rio de uma resid\u00eancia era formado basicamente por m\u00f3veis de madeira. \u201cAtualmente, temos muitos itens em HCN, cianeto de hidrog\u00eanio dentro de uma casa ou escrit\u00f3rio. Um exemplo dos danos dessa subst\u00e2ncia foi a boate Kiss, cujo inc\u00eandio, em 2013, na cidade de Santa Maria, no RS, vitimou 242 pessoas\u201d. Para se ter uma ideia do quanto \u00e9 importante estar bem equipado para emerg\u00eancias, o inc\u00eandio do Memorial da Am\u00e9rica Latina de S\u00e3o Paulo, em 2013, afetou sete bombeiros, que receberam imediatamente, no hospital, o ant\u00eddoto contra o HCN. Resultado: em uma semana eles tiveram alta. \u201cO diferencial, nesse caso, \u00e9 que o pa\u00eds se preparou para a Copa do Mundo. Ent\u00e3o, essas v\u00edtimas se beneficiaram com essa precau\u00e7\u00e3o\u201d, observa Drigo.<\/p>\n<p style=\"text-align: justify;\">A 10\u00aa M&amp;T Expo \u00e9 o principal ponto de encontro do setor na Am\u00e9rica Latina. Promovida, pela primeira vez, em 1995, pela Associa\u00e7\u00e3o Brasileira de Tecnologia para Constru\u00e7\u00e3o e Minera\u00e7\u00e3o (Sobratema), a edi\u00e7\u00e3o de 2018 marca o in\u00edcio do acordo de coopera\u00e7\u00e3o de longo prazo firmado entre a entidade e a Messe M\u00fcnchen, promotora da bauma, maior feira mundial da \u00e1rea de equipamentos para constru\u00e7\u00e3o. Para visitar a M&amp;T Expo 2018, basta realizar o credenciamento online no\u00a0<span style=\"color: #0000ff;\"><a style=\"color: #0000ff;\" href=\"http:\/\/www.mtexpo.com.br\/Conteudo\/credenciamento-de-visitantes\" target=\"_blank\" rel=\"noopener noreferrer\">site oficial<\/a>.<\/span><\/p>\n<p><strong><u>Servi\u00e7o<\/u><\/strong><strong>:<\/strong><\/p>\n<p><strong>M&amp;T Expo 2018<\/strong> \u2013 10\u00aa Feira Internacional de Equipamentos para Constru\u00e7\u00e3o e Minera\u00e7\u00e3o<\/p>\n<p>Data: 26 a 29 de novembro de 2018<\/p>\n<p>Hor\u00e1rios: 26 a 28 &#8211; 13h \u00e0s 20h\u00a0\u00a0\u00a0\u00a0\u00a0\u00a0\u00a0\u00a0\u00a0\u00a0\u00a0\u00a0\u00a0\u00a0\u00a0 \u00a0\u00a0 29 &#8211; 9h \u00e0s 16h<\/p>\n<p>Local: S\u00e3o Paulo Expo Exhibition &amp; Convention Center &#8211; Rodovia dos Imigrantes, km 1,5 \u2013 \u00c1gua Funda \u2013 S\u00e3o Paulo\/SP<\/p>\n<p>Informa\u00e7\u00f5es e credenciamento:\u00a0<span style=\"color: #0000ff;\"><a style=\"color: #0000ff;\" href=\"http:\/\/www.mtexpo.com.br\/\" target=\"_blank\" rel=\"noopener noreferrer\">http:\/\/www.mtexpo.com.br<\/a><\/span><\/p>\n","protected":false},"excerpt":{"rendered":"<p>Novembro, 2018 &#8211; \u201cSe o Brasil melhorar um pouquinho em 2019 e o PIB subir 2%, deve faltar m\u00e1quina para loca\u00e7\u00e3o no mercado\u201d, previu Expedito Arena, s\u00f3cio fundador da Casa do Construtor, em palestra no 6\u00b0 Congresso\u00a0Nacional de Valoriza\u00e7\u00e3o do Rental, promovido pela Analoc (Associa\u00e7\u00e3o\u00a0Brasileira dos Sindicatos e Associa\u00e7\u00f5es Representantes dos Locadores de M\u00e1quinas, Equipamentos [&hellip;]<\/p>\n","protected":false},"author":1,"featured_media":9913,"comment_status":"open","ping_status":"open","sticky":false,"template":"","format":"standard","meta":{"_uag_custom_page_level_css":"","footnotes":""},"categories":[33],"tags":[14320,14335,2826,14337,6096,14340,14336,7100,14339,9191,10679,12623,14341,14334,14338],"class_list":["post-10693","post","type-post","status-publish","format-standard","has-post-thumbnail","hentry","category-mercado","tag-bauma-2019","tag-bons-numeros-do-setor-de-maquinas","tag-construcao-civil","tag-equipamentos-e-ferramentas","tag-infraestrutura","tag-investimentos-economicos","tag-locadores-de-maquinas","tag-mt-expo-2018","tag-obras-pelo-brasil","tag-ppps","tag-sao-paulo-sp","tag-sobratema","tag-summit-da-mt-expo-2018","tag-vendas-maquinas-para-construcao-cresce-em-2019","tag-vendas-regiao-norte-e-nordeste-crescem-positivamente"],"blocksy_meta":[],"spectra_blocks_featured_image_url":{"thumbnail":{"url":"https:\/\/construcaocivil.siriusmarketingedesign.com.br\/wp-content\/uploads\/2018\/06\/Infraestrutura-150x150.jpg","width":150,"height":150},"medium":{"url":"https:\/\/construcaocivil.siriusmarketingedesign.com.br\/wp-content\/uploads\/2018\/06\/Infraestrutura-300x225.jpg","width":300,"height":225},"medium_large":{"url":"https:\/\/construcaocivil.siriusmarketingedesign.com.br\/wp-content\/uploads\/2018\/06\/Infraestrutura-768x576.jpg","width":768,"height":576},"large":{"url":"https:\/\/construcaocivil.siriusmarketingedesign.com.br\/wp-content\/uploads\/2018\/06\/Infraestrutura-1024x768.jpg","width":1024,"height":768},"full":{"url":"https:\/\/construcaocivil.siriusmarketingedesign.com.br\/wp-content\/uploads\/2018\/06\/Infraestrutura-e1530299952217.jpg","width":900,"height":675}},"spectra_blocks_author_info":{"display_name":"Jornal da Constru\u00e7\u00e3o Civil","avatar_url":"https:\/\/secure.gravatar.com\/avatar\/973c9774fd44ddaceb026973c4962faa70fc512bc4c9da68e8ebb40fecee6540?s=96&d=mm&r=g","author_link":"https:\/\/construcaocivil.siriusmarketingedesign.com.br\/?author=1","description":"Desde de 2013, levando muitas informa\u00e7\u00f5es, lan\u00e7amentos e produtos de qualidade para toda cadeia produtiva da constru\u00e7\u00e3o. O Futuro da constru\u00e7\u00e3o passa por aqui,"},"uagb_featured_image_src":{"full":["https:\/\/construcaocivil.siriusmarketingedesign.com.br\/wp-content\/uploads\/2018\/06\/Infraestrutura-e1530299952217.jpg",900,675,false],"thumbnail":["https:\/\/construcaocivil.siriusmarketingedesign.com.br\/wp-content\/uploads\/2018\/06\/Infraestrutura-150x150.jpg",150,150,true],"medium":["https:\/\/construcaocivil.siriusmarketingedesign.com.br\/wp-content\/uploads\/2018\/06\/Infraestrutura-300x225.jpg",300,225,true],"medium_large":["https:\/\/construcaocivil.siriusmarketingedesign.com.br\/wp-content\/uploads\/2018\/06\/Infraestrutura-768x576.jpg",768,576,true],"large":["https:\/\/construcaocivil.siriusmarketingedesign.com.br\/wp-content\/uploads\/2018\/06\/Infraestrutura-1024x768.jpg",1024,768,true],"1536x1536":["https:\/\/construcaocivil.siriusmarketingedesign.com.br\/wp-content\/uploads\/2018\/06\/Infraestrutura-e1530299952217.jpg",900,675,false],"2048x2048":["https:\/\/construcaocivil.siriusmarketingedesign.com.br\/wp-content\/uploads\/2018\/06\/Infraestrutura-e1530299952217.jpg",900,675,false]},"uagb_author_info":{"display_name":"Jornal da Constru\u00e7\u00e3o Civil","author_link":"https:\/\/construcaocivil.siriusmarketingedesign.com.br\/?author=1"},"uagb_comment_info":0,"uagb_excerpt":"Novembro, 2018 &#8211; \u201cSe o Brasil melhorar um pouquinho em 2019 e o PIB subir 2%, deve faltar m\u00e1quina para loca\u00e7\u00e3o no mercado\u201d, previu Expedito Arena, s\u00f3cio fundador da Casa do Construtor, em palestra no 6\u00b0 Congresso\u00a0Nacional de Valoriza\u00e7\u00e3o do Rental, promovido pela Analoc (Associa\u00e7\u00e3o\u00a0Brasileira dos Sindicatos e Associa\u00e7\u00f5es Representantes dos Locadores de M\u00e1quinas, Equipamentos&hellip;","_links":{"self":[{"href":"https:\/\/construcaocivil.siriusmarketingedesign.com.br\/index.php?rest_route=\/wp\/v2\/posts\/10693","targetHints":{"allow":["GET"]}}],"collection":[{"href":"https:\/\/construcaocivil.siriusmarketingedesign.com.br\/index.php?rest_route=\/wp\/v2\/posts"}],"about":[{"href":"https:\/\/construcaocivil.siriusmarketingedesign.com.br\/index.php?rest_route=\/wp\/v2\/types\/post"}],"author":[{"embeddable":true,"href":"https:\/\/construcaocivil.siriusmarketingedesign.com.br\/index.php?rest_route=\/wp\/v2\/users\/1"}],"replies":[{"embeddable":true,"href":"https:\/\/construcaocivil.siriusmarketingedesign.com.br\/index.php?rest_route=%2Fwp%2Fv2%2Fcomments&post=10693"}],"version-history":[{"count":0,"href":"https:\/\/construcaocivil.siriusmarketingedesign.com.br\/index.php?rest_route=\/wp\/v2\/posts\/10693\/revisions"}],"wp:featuredmedia":[{"embeddable":true,"href":"https:\/\/construcaocivil.siriusmarketingedesign.com.br\/index.php?rest_route=\/wp\/v2\/media\/9913"}],"wp:attachment":[{"href":"https:\/\/construcaocivil.siriusmarketingedesign.com.br\/index.php?rest_route=%2Fwp%2Fv2%2Fmedia&parent=10693"}],"wp:term":[{"taxonomy":"category","embeddable":true,"href":"https:\/\/construcaocivil.siriusmarketingedesign.com.br\/index.php?rest_route=%2Fwp%2Fv2%2Fcategories&post=10693"},{"taxonomy":"post_tag","embeddable":true,"href":"https:\/\/construcaocivil.siriusmarketingedesign.com.br\/index.php?rest_route=%2Fwp%2Fv2%2Ftags&post=10693"}],"curies":[{"name":"wp","href":"https:\/\/api.w.org\/{rel}","templated":true}]}}