{"id":10703,"date":"2018-11-29T15:26:15","date_gmt":"2018-11-29T17:26:15","guid":{"rendered":"https:\/\/www.jornaldaconstrucaocivil.com.br\/?p=10703"},"modified":"2018-11-29T15:26:15","modified_gmt":"2018-11-29T17:26:15","slug":"premio-vitae-rio-2018-comemorando-30-anos-de-conquista","status":"publish","type":"post","link":"https:\/\/construcaocivil.siriusmarketingedesign.com.br\/?p=10703","title":{"rendered":"Pr\u00eamio Vitae-Rio 2018: Comemorando 30 anos de conquista"},"content":{"rendered":"<p style=\"font-weight: 400; text-align: justify;\"><span style=\"color: #993300;\">Novembro, 2018<\/span> &#8211; A noite do dia 22 de novembro passado foi de festa para a ind\u00fastria da constru\u00e7\u00e3o civil. Em sua 13\u00aa edi\u00e7\u00e3o, o Pr\u00eamio Vitae Rio \u2013 Constru\u00e7\u00e3o Segura, Empresa Viva, que ocorreu no Centro de Conven\u00e7\u00f5es da FIRJAN, celebrou os 30 anos de exist\u00eancia do Seconci-Rio e\u00a0\u00a0a posse dos membros da nova diretoria. As perspectivas de retomada do setor de constru\u00e7\u00e3o civil frente \u00e0s novas expectativas econ\u00f4micas e pol\u00edticas deram a t\u00f4nica do evento, repleto de momentos emocionantes, como a homenagem\u00a0 ao engenheiro Luiz Chor, um dos fundadores e idealizadores do Seconci, que estava presente \u00e0 festa.<\/p>\n<figure id=\"attachment_10705\" aria-describedby=\"caption-attachment-10705\" style=\"width: 300px\" class=\"wp-caption alignleft\"><img loading=\"lazy\" decoding=\"async\" class=\"size-medium wp-image-10705\" src=\"https:\/\/www.jornaldaconstrucaocivil.com.br\/wp-content\/uploads\/2018\/11\/O-trof\u00e9u-300x200.jpg\" alt=\"\" width=\"300\" height=\"200\" srcset=\"https:\/\/construcaocivil.siriusmarketingedesign.com.br\/wp-content\/uploads\/2018\/11\/O-trof\u00e9u-300x200.jpg 300w, https:\/\/construcaocivil.siriusmarketingedesign.com.br\/wp-content\/uploads\/2018\/11\/O-trof\u00e9u-768x512.jpg 768w, https:\/\/construcaocivil.siriusmarketingedesign.com.br\/wp-content\/uploads\/2018\/11\/O-trof\u00e9u-1024x682.jpg 1024w, https:\/\/construcaocivil.siriusmarketingedesign.com.br\/wp-content\/uploads\/2018\/11\/O-trof\u00e9u-450x300.jpg 450w, https:\/\/construcaocivil.siriusmarketingedesign.com.br\/wp-content\/uploads\/2018\/11\/O-trof\u00e9u.jpg 1280w\" sizes=\"auto, (max-width: 300px) 100vw, 300px\" \/><figcaption id=\"caption-attachment-10705\" class=\"wp-caption-text\">Divulga\u00e7\u00e3o<\/figcaption><\/figure>\n<p style=\"font-weight: 400; text-align: justify;\">Jos\u00e9 Carlos Martins, presidente da CBIC, apontou o desafio da reinven\u00e7\u00e3o como\u00a0 premissa fundamental para que o setor sobreviva \u00e0 nova configura\u00e7\u00e3o do pa\u00eds:\u00a0<em>&#8220;Quem aperta o bot\u00e3o para que as coisas funcionem \u00e9 o trabalhador da constru\u00e7\u00e3o civil. Precisamos nos unir para a melhoria das condi\u00e7\u00f5es desses trabalhadores, para a gera\u00e7\u00e3o de mais empregos e o combate \u00e0s inseguran\u00e7as&#8221;<\/em>\u00a0&#8211; destacou.\u00a0Outro momento importante foi a palestra do cientista pol\u00edtico e consultor da CBIC, Leonardo Barreto, que falou sobre o futuro da constru\u00e7\u00e3o civil frente \u00e0s novas demandas de mercado:\u00a0<em>&#8220;H\u00e1 diversas maneiras de lidar com as mudan\u00e7as e aquele que sobrevive a elas n\u00e3o \u00e9 o mais forte, e sim, aquele que consegue se adaptar ao novo contexto. Estamos vivendo um momento desafiador da hist\u00f3ria, \u00e9 importante entender quais s\u00e3o as transforma\u00e7\u00f5es que est\u00e3o \u00e0 nossa frente&#8221;<\/em>\u00a0.<\/p>\n<p style=\"font-weight: 400; text-align: justify;\">Guilherme Tonelli, diretor da RJZ Cyrella, que recebeu o pr\u00eamio na categoria ouro pelo sexto ano consecutivo, falou sobre a import\u00e2ncia do reconhecimento:\u00a0<em>&#8220;Estamos carentes de institui\u00e7\u00f5es como o Seconci-Rio, que valorizam o esfor\u00e7o feito para garantir um alto padr\u00e3o de seguran\u00e7a e sa\u00fade aos trabalhadores. O pr\u00eamio motiva as empresas a melhorar cada vez mais e assim elevar tamb\u00e9m o n\u00edvel dos empreiteiros e das terceirizadas, nossas parceiras para a obten\u00e7\u00e3o de bons resultados&#8221;\u00a0<\/em>\u2013 disse. Para Alexandre dos Reis, diretor da Firjan, a iniciativa do pr\u00eamio \u00e9 fundamental porque\u00a0 valoriza os processos de seguran\u00e7a num ambiente naturalmente perigoso:\u00a0<em>&#8220;Trata-se de um m\u00e9todo educador e transformador para o setor&#8221;<\/em>\u00a0.<\/p>\n<p style=\"font-weight: 400; text-align: justify;\">Neste ano, foram entregues os certificados \u00e0s empresas terceirizadas indicadas pelas empresas participantes da premia\u00e7\u00e3o, para serem avaliadas por seu desempenho em Sa\u00fade e Seguran\u00e7a do Trabalho: Engemav Engenharia e Instala\u00e7\u00f5es; NG Empreiteira; CSL Instala\u00e7\u00f5es e Hidr\u00e1ulicas; FEM Empreiteira; Tengel T\u00e9cnica de Engenharia; e Constata Constru\u00e7\u00f5es foram agraciadas por terem se destacado na vistoria realizada pela Comiss\u00e3o Permanente Interinstitucional de Sa\u00fade e Seguran\u00e7a do Trabalho (CPISS), capitaneada pelo Sinduscon-Rio, Sintraconst-Rio e Seconci-Rio, dentro do Programa Constru\u00e7\u00e3o Legal.<\/p>\n<p style=\"font-weight: 400; text-align: justify;\">Na sequ\u00eancia, houve a premia\u00e7\u00e3o e as empresas finalistas que desenvolveram seus sistemas de Gest\u00e3o de Sa\u00fade e Seguran\u00e7a do Trabalho com excel\u00eancia, receberam os trof\u00e9us. Confira os vencedores:<\/p>\n<p style=\"font-weight: 400; text-align: justify;\">Categoria\u00a0<strong>PREVEN\u00c7\u00c3O<\/strong>: Mozak Engenharia; EFER Construtores Associados<\/p>\n<p style=\"font-weight: 400; text-align: justify;\">Categoria\u00a0<strong>BRONZE<\/strong>: Cal\u00e7ada Empreendimentos Imobili\u00e1rios<\/p>\n<p style=\"font-weight: 400; text-align: justify;\">Categoria\u00a0<strong>PRATA<\/strong>: Cofix;\u00a0 Even Construtora e Incorporadora; MRV Engenharia; Tegra Engenharia<\/p>\n<p style=\"font-weight: 400; text-align: justify;\">Categoria\u00a0<strong>OURO<\/strong>: RJZ Cyrela Construtora e Empreendimentos Imobili\u00e1rios<\/p>\n<p style=\"font-weight: 400; text-align: justify;\">O Pr\u00eamio Vitae-Rio \u00e9 uma iniciativa do Seconci-Rio e do Sinduscon-Rio, com concep\u00e7\u00e3o da DMP Consultores Associados. Neste ano, o evento contou o patroc\u00ednio da FIRJAN \u2013 Federa\u00e7\u00e3o das Ind\u00fastrias do Estado do Rio de Janeiro \u2013 e do PASI \u2013 Plano de Amparo Social Imediato, al\u00e9m do apoio da CBIC- C\u00e2mara Brasileira da Ind\u00fastria da Constru\u00e7\u00e3o e da CNI, por meio do SESI Departamento Nacional.\u00a0Nesses \u00faltimos 13 anos,aproximadamente 70 mil trabalhadores da constru\u00e7\u00e3o civil s\u00e3o avaliados por cerca de 100 profissionais da \u00e1rea de Sa\u00fade e Seguran\u00e7a do Trabalho e estudantes de Engenharia e de cursos t\u00e9cnicos de Seguran\u00e7a do Trabalho. As empresas candidatas \u00e0 premia\u00e7\u00e3o passam por duas fases de avalia\u00e7\u00e3o, que incluem an\u00e1lises de relat\u00f3rios e visitas t\u00e9cnicas. O resultado s\u00e3o dossi\u00eas detalhados enviados a todos os participantes, que s\u00e3o premiados em tr\u00eas categorias: Preven\u00e7\u00e3o, Bronze, Prata e Ouro.<\/p>\n<p>Fonte: Imprensa\/Seconci-Rio<\/p>\n","protected":false},"excerpt":{"rendered":"<p>Novembro, 2018 &#8211; A noite do dia 22 de novembro passado foi de festa para a ind\u00fastria da constru\u00e7\u00e3o civil. Em sua 13\u00aa edi\u00e7\u00e3o, o Pr\u00eamio Vitae Rio \u2013 Constru\u00e7\u00e3o Segura, Empresa Viva, que ocorreu no Centro de Conven\u00e7\u00f5es da FIRJAN, celebrou os 30 anos de exist\u00eancia do Seconci-Rio e\u00a0\u00a0a posse dos membros da nova [&hellip;]<\/p>\n","protected":false},"author":1,"featured_media":10704,"comment_status":"open","ping_status":"open","sticky":false,"template":"","format":"standard","meta":{"_uag_custom_page_level_css":"","footnotes":""},"categories":[27],"tags":[14356,14357,14358,14352,9348,12601,14355,14353,14354],"class_list":["post-10703","post","type-post","status-publish","format-standard","has-post-thumbnail","hentry","category-acontece","tag-construcao-segura","tag-empresa-viva","tag-instalacoes-e-hidraulicas","tag-mozak-engenharia","tag-premio-vitae-rio","tag-programa-construcao-legal","tag-programa-de-prevencao-saude-do-trabalhador","tag-rjz-cyrela-construtora","tag-saude-na-construcao-civil"],"blocksy_meta":[],"spectra_blocks_featured_image_url":{"thumbnail":{"url":"https:\/\/construcaocivil.siriusmarketingedesign.com.br\/wp-content\/uploads\/2018\/11\/Guilherme-Tonelli-e-a-equipe-da-RJZ-Cyrella-que-ganhou-ouro-pelo-terceiro-ano-consecutivo-150x150.jpg","width":150,"height":150},"medium":{"url":"https:\/\/construcaocivil.siriusmarketingedesign.com.br\/wp-content\/uploads\/2018\/11\/Guilherme-Tonelli-e-a-equipe-da-RJZ-Cyrella-que-ganhou-ouro-pelo-terceiro-ano-consecutivo-300x200.jpg","width":300,"height":200},"medium_large":{"url":"https:\/\/construcaocivil.siriusmarketingedesign.com.br\/wp-content\/uploads\/2018\/11\/Guilherme-Tonelli-e-a-equipe-da-RJZ-Cyrella-que-ganhou-ouro-pelo-terceiro-ano-consecutivo-768x512.jpg","width":768,"height":512},"large":{"url":"https:\/\/construcaocivil.siriusmarketingedesign.com.br\/wp-content\/uploads\/2018\/11\/Guilherme-Tonelli-e-a-equipe-da-RJZ-Cyrella-que-ganhou-ouro-pelo-terceiro-ano-consecutivo-1024x682.jpg","width":1024,"height":682},"full":{"url":"https:\/\/construcaocivil.siriusmarketingedesign.com.br\/wp-content\/uploads\/2018\/11\/Guilherme-Tonelli-e-a-equipe-da-RJZ-Cyrella-que-ganhou-ouro-pelo-terceiro-ano-consecutivo.jpg","width":1280,"height":853}},"spectra_blocks_author_info":{"display_name":"Jornal da Constru\u00e7\u00e3o Civil","avatar_url":"https:\/\/secure.gravatar.com\/avatar\/973c9774fd44ddaceb026973c4962faa70fc512bc4c9da68e8ebb40fecee6540?s=96&d=mm&r=g","author_link":"https:\/\/construcaocivil.siriusmarketingedesign.com.br\/?author=1","description":"Desde de 2013, levando muitas informa\u00e7\u00f5es, lan\u00e7amentos e produtos de qualidade para toda cadeia produtiva da constru\u00e7\u00e3o. O Futuro da constru\u00e7\u00e3o passa por aqui,"},"uagb_featured_image_src":{"full":["https:\/\/construcaocivil.siriusmarketingedesign.com.br\/wp-content\/uploads\/2018\/11\/Guilherme-Tonelli-e-a-equipe-da-RJZ-Cyrella-que-ganhou-ouro-pelo-terceiro-ano-consecutivo.jpg",1280,853,false],"thumbnail":["https:\/\/construcaocivil.siriusmarketingedesign.com.br\/wp-content\/uploads\/2018\/11\/Guilherme-Tonelli-e-a-equipe-da-RJZ-Cyrella-que-ganhou-ouro-pelo-terceiro-ano-consecutivo-150x150.jpg",150,150,true],"medium":["https:\/\/construcaocivil.siriusmarketingedesign.com.br\/wp-content\/uploads\/2018\/11\/Guilherme-Tonelli-e-a-equipe-da-RJZ-Cyrella-que-ganhou-ouro-pelo-terceiro-ano-consecutivo-300x200.jpg",300,200,true],"medium_large":["https:\/\/construcaocivil.siriusmarketingedesign.com.br\/wp-content\/uploads\/2018\/11\/Guilherme-Tonelli-e-a-equipe-da-RJZ-Cyrella-que-ganhou-ouro-pelo-terceiro-ano-consecutivo-768x512.jpg",768,512,true],"large":["https:\/\/construcaocivil.siriusmarketingedesign.com.br\/wp-content\/uploads\/2018\/11\/Guilherme-Tonelli-e-a-equipe-da-RJZ-Cyrella-que-ganhou-ouro-pelo-terceiro-ano-consecutivo-1024x682.jpg",1024,682,true],"1536x1536":["https:\/\/construcaocivil.siriusmarketingedesign.com.br\/wp-content\/uploads\/2018\/11\/Guilherme-Tonelli-e-a-equipe-da-RJZ-Cyrella-que-ganhou-ouro-pelo-terceiro-ano-consecutivo.jpg",1280,853,false],"2048x2048":["https:\/\/construcaocivil.siriusmarketingedesign.com.br\/wp-content\/uploads\/2018\/11\/Guilherme-Tonelli-e-a-equipe-da-RJZ-Cyrella-que-ganhou-ouro-pelo-terceiro-ano-consecutivo.jpg",1280,853,false]},"uagb_author_info":{"display_name":"Jornal da Constru\u00e7\u00e3o Civil","author_link":"https:\/\/construcaocivil.siriusmarketingedesign.com.br\/?author=1"},"uagb_comment_info":0,"uagb_excerpt":"Novembro, 2018 &#8211; A noite do dia 22 de novembro passado foi de festa para a ind\u00fastria da constru\u00e7\u00e3o civil. Em sua 13\u00aa edi\u00e7\u00e3o, o Pr\u00eamio Vitae Rio \u2013 Constru\u00e7\u00e3o Segura, Empresa Viva, que ocorreu no Centro de Conven\u00e7\u00f5es da FIRJAN, celebrou os 30 anos de exist\u00eancia do Seconci-Rio e\u00a0\u00a0a posse dos membros da nova&hellip;","_links":{"self":[{"href":"https:\/\/construcaocivil.siriusmarketingedesign.com.br\/index.php?rest_route=\/wp\/v2\/posts\/10703","targetHints":{"allow":["GET"]}}],"collection":[{"href":"https:\/\/construcaocivil.siriusmarketingedesign.com.br\/index.php?rest_route=\/wp\/v2\/posts"}],"about":[{"href":"https:\/\/construcaocivil.siriusmarketingedesign.com.br\/index.php?rest_route=\/wp\/v2\/types\/post"}],"author":[{"embeddable":true,"href":"https:\/\/construcaocivil.siriusmarketingedesign.com.br\/index.php?rest_route=\/wp\/v2\/users\/1"}],"replies":[{"embeddable":true,"href":"https:\/\/construcaocivil.siriusmarketingedesign.com.br\/index.php?rest_route=%2Fwp%2Fv2%2Fcomments&post=10703"}],"version-history":[{"count":0,"href":"https:\/\/construcaocivil.siriusmarketingedesign.com.br\/index.php?rest_route=\/wp\/v2\/posts\/10703\/revisions"}],"wp:featuredmedia":[{"embeddable":true,"href":"https:\/\/construcaocivil.siriusmarketingedesign.com.br\/index.php?rest_route=\/wp\/v2\/media\/10704"}],"wp:attachment":[{"href":"https:\/\/construcaocivil.siriusmarketingedesign.com.br\/index.php?rest_route=%2Fwp%2Fv2%2Fmedia&parent=10703"}],"wp:term":[{"taxonomy":"category","embeddable":true,"href":"https:\/\/construcaocivil.siriusmarketingedesign.com.br\/index.php?rest_route=%2Fwp%2Fv2%2Fcategories&post=10703"},{"taxonomy":"post_tag","embeddable":true,"href":"https:\/\/construcaocivil.siriusmarketingedesign.com.br\/index.php?rest_route=%2Fwp%2Fv2%2Ftags&post=10703"}],"curies":[{"name":"wp","href":"https:\/\/api.w.org\/{rel}","templated":true}]}}