{"id":10762,"date":"2018-12-11T10:57:39","date_gmt":"2018-12-11T12:57:39","guid":{"rendered":"https:\/\/www.jornaldaconstrucaocivil.com.br\/?p=10762"},"modified":"2018-12-11T10:57:39","modified_gmt":"2018-12-11T12:57:39","slug":"10a-feira-da-reforma-agraria-cicero-guedes-se-inicia-no-rio-de-janeiro","status":"publish","type":"post","link":"https:\/\/construcaocivil.siriusmarketingedesign.com.br\/?p=10762","title":{"rendered":"10\u00aa Feira da Reforma Agr\u00e1ria C\u00edcero Guedes se inicia no Rio de Janeiro"},"content":{"rendered":"<p style=\"font-weight: 400; text-align: justify;\"><span style=\"color: #993300;\">Dezembro, 2018<\/span> &#8211; Teve inicio nesta segunda-feira (10) a 10\u00aa Feira Estadual da Reforma Agr\u00e1ria C\u00edcero Guedes, evento realizado pelo Movimento dos Trabalhadores Rurais Sem Terra (MST) com o objetivo de apresentar a produ\u00e7\u00e3o dos assentamentos e acampamentos dos estados da regi\u00e3o. As fragr\u00e2ncias, os sabores, as cores dos frutos da luta pela terra j\u00e1 ocupam o Largo da Carioca, no Centro do Rio. A Feira funciona das 7h as 19h at\u00e9 a quarta-feira (12).<\/p>\n<p style=\"font-weight: 400; text-align: justify;\">A realiza\u00e7\u00e3o da Feira \u00e9 uma produ\u00e7\u00e3o do MST, que h\u00e1 mais de seis meses se organiza junto a parceiros e \u00f3rg\u00e3os p\u00fablicos para efetivar este momento de encontro entre campo e cidade. Entretanto, uma parte significativa do recurso j\u00e1 liberado por emendas parlamentares n\u00e3o foi empenhado pelo Instituto Nacional de Coloniza\u00e7\u00e3o e Reforma Agr\u00e1ria (Incra), \u00f3rg\u00e3o respons\u00e1vel pela opera\u00e7\u00e3o da rubrica.<\/p>\n<p style=\"font-weight: 400; text-align: justify;\">Para garantir a realiza\u00e7\u00e3o da 10\u00aa edi\u00e7\u00e3o da Feira C\u00edcero Guedes, o MST criou uma campanha de financiamento coletivo na plataforma Catarse. Atrav\u00e9s do link<span style=\"color: #0000ff;\">\u00a0<a style=\"color: #0000ff;\" href=\"http:\/\/bit.ly\/catarse-feirareformaagraria\">http:\/\/bit.ly\/catarse-feirareformaagraria<\/a><\/span>\u00a0qualquer pessoa pode doar a partir de R$ 10,00 e ajudar o Movimento a atingir uma meta de R$ 17.000,00 para arcar com os custos estruturais e de log\u00edstica do evento.<\/p>\n<p style=\"font-weight: 400; text-align: justify;\"><strong>Dia internacional dos Direitos Humanos<\/strong><\/p>\n<figure id=\"attachment_10764\" aria-describedby=\"caption-attachment-10764\" style=\"width: 300px\" class=\"wp-caption alignleft\"><img loading=\"lazy\" decoding=\"async\" class=\"size-medium wp-image-10764\" src=\"https:\/\/www.jornaldaconstrucaocivil.com.br\/wp-content\/uploads\/2018\/12\/A-Feira-Cicero-Guedes-01-FOTO-Jhuan-de-Brito-300x200.jpg\" alt=\"\" width=\"300\" height=\"200\" srcset=\"https:\/\/construcaocivil.siriusmarketingedesign.com.br\/wp-content\/uploads\/2018\/12\/A-Feira-Cicero-Guedes-01-FOTO-Jhuan-de-Brito-300x200.jpg 300w, https:\/\/construcaocivil.siriusmarketingedesign.com.br\/wp-content\/uploads\/2018\/12\/A-Feira-Cicero-Guedes-01-FOTO-Jhuan-de-Brito-768x512.jpg 768w, https:\/\/construcaocivil.siriusmarketingedesign.com.br\/wp-content\/uploads\/2018\/12\/A-Feira-Cicero-Guedes-01-FOTO-Jhuan-de-Brito-450x300.jpg 450w, https:\/\/construcaocivil.siriusmarketingedesign.com.br\/wp-content\/uploads\/2018\/12\/A-Feira-Cicero-Guedes-01-FOTO-Jhuan-de-Brito.jpg 900w\" sizes=\"auto, (max-width: 300px) 100vw, 300px\" \/><figcaption id=\"caption-attachment-10764\" class=\"wp-caption-text\">Feira Cicero Guedes. Foto: Jhuan de Brito<\/figcaption><\/figure>\n<p style=\"font-weight: 400; text-align: justify;\">A abertura do evento trouxe a refer\u00eancia dos 70 anos da Declara\u00e7\u00e3o Universal dos Direitos Humanos, completados nesta segunda-feira. O Movimento apresenta o direito \u00e0 alimenta\u00e7\u00e3o saud\u00e1vel como direito fundamental para garantia da dignidade humana, em contradi\u00e7\u00e3o ao sistema de produ\u00e7\u00e3o em larga escala e com alto grau de envenenamento da produ\u00e7\u00e3o e da natureza, o agroneg\u00f3cio.<\/p>\n<p style=\"font-weight: 400; text-align: justify;\">&#8220;A Declara\u00e7\u00e3o Universal dos Direitos Humanos trouxe um marco jur\u00eddico que pudesse garantir terra, trabalho, dignidade, fraternidade, harmonia e, acima de tudo, a garantia de que eu, homem, mulher, negra, \u00edndia, independente de onde estiver, vou ter direitos respeitados. Trazemos a Declara\u00e7\u00e3o Universal dos Direitos Humanos hoje porque, 70 anos ap\u00f3s a sua edi\u00e7\u00e3o, o mundo caminha para a reflex\u00e3o da garantia desses direitos&#8221;, analisa Fernanda Vieira, militante do MST no RJ.<\/p>\n<p style=\"font-weight: 400; text-align: justify;\"><strong>Programa\u00e7\u00f5es diversas<\/strong><\/p>\n<p style=\"font-weight: 400; text-align: justify;\">Durante os tr\u00eas dias de Feira, acontece muito mais do que a comercializa\u00e7\u00e3o dos alimentos e a materializa\u00e7\u00e3o da luta pela terra para o p\u00fablico urbano. Uma sess\u00e3o de debates chamada &#8220;Di\u00e1logos da Terra&#8221; traz temas importantes em rodas de conversas todas as tardes. Todos os dias, ao cair da tarde, s\u00e3o esperadas apresenta\u00e7\u00f5es culturais de grupos populares, como Apafunk e o Maracatu Baque Mulher.<\/p>\n<p style=\"font-weight: 400; text-align: justify;\">Na tarde desta ter\u00e7a-feira (11), ser\u00e1 realizado o Ato Pol\u00edtico em Defesa da Reforma Agr\u00e1ria e dos Direitos Humanos. Al\u00e9m da representa\u00e7\u00e3o da dire\u00e7\u00e3o nacional do MST, a militante Kelli Mafort, s\u00e3o esperadas autoridades pol\u00edticas e parceiros da luta pela terra, movimentos populares e sindicatos.<\/p>\n<p style=\"font-weight: 400; text-align: justify;\">Para alimentar o corpo, mas tamb\u00e9m a alma, os visitantes da Feira podem encontrar uma tenda da Editora Express\u00e3o Popular, que traz publica\u00e7\u00f5es liter\u00e1rias,\u00a0 pol\u00edtico-filos\u00f3ficas e obras sobre agroecologia.<\/p>\n<p style=\"font-weight: 400; text-align: justify;\"><strong>Homenagens<\/strong><\/p>\n<p style=\"font-weight: 400; text-align: justify;\">A Feira leva o nome do militante C\u00edcero Guedes, assentado na regi\u00e3o Norte do estado assassinado em 2013. C\u00edcero Guedes era um grande militante da luta pela terra. Tinha uma voz poderos\u00edssima, uma incr\u00edvel capacidade de dialogar com a sociedade que hoje o que se enfrenta n\u00e3o \u00e9 uma mera disputa sobre a qualidade do alimento. \u00c9 uma disputa ideol\u00f3gica sobre a vida. &#8220;No atual estagio do capitalismo, n\u00e3o nos resta outra op\u00e7\u00e3o, sen\u00e3o vencer ou vencer pela l\u00f3gica dos trabalhadores&#8221;, conclui Fernanda Vieira.<\/p>\n<p style=\"font-weight: 400; text-align: justify;\">A Feira trouxe ainda a mem\u00f3ria de Marielle Franco, vereadora assassinada em mar\u00e7o deste ano. Companheira permanente dos movimentos de luta pela terra, ela era presen\u00e7a certa em todas as edi\u00e7\u00f5es anteriores do evento. Ainda, foram lembrados os dois Sem Terra brutalmente assassinados no fim de semana em Alhandra, na Para\u00edba, Rodrigo Constantino e Jos\u00e9 Bernardes, o Orlando.<\/p>\n<p style=\"font-weight: 400; text-align: justify;\"><strong>Evento no Facebook:<\/strong>\u00a0<span style=\"color: #0000ff;\">https:\/\/goo.gl\/etvY8x\u00a0<\/span><br \/>\n<strong>Facebook MST-RJ:<\/strong>\u00a0<span style=\"color: #0000ff;\">https:\/\/goo.gl\/ptaWsH\u00a0<\/span><br \/>\n<strong>Facebook Terra Crioula:<\/strong><span style=\"color: #0000ff;\">\u00a0https:\/\/goo.gl\/d6b29X\u00a0<\/span><\/p>\n<p>Fonte: Imprensa\/MST<\/p>\n","protected":false},"excerpt":{"rendered":"<p>Dezembro, 2018 &#8211; Teve inicio nesta segunda-feira (10) a 10\u00aa Feira Estadual da Reforma Agr\u00e1ria C\u00edcero Guedes, evento realizado pelo Movimento dos Trabalhadores Rurais Sem Terra (MST) com o objetivo de apresentar a produ\u00e7\u00e3o dos assentamentos e acampamentos dos estados da regi\u00e3o. As fragr\u00e2ncias, os sabores, as cores dos frutos da luta pela terra j\u00e1 [&hellip;]<\/p>\n","protected":false},"author":1,"featured_media":10763,"comment_status":"open","ping_status":"open","sticky":false,"template":"","format":"standard","meta":{"_uag_custom_page_level_css":"","footnotes":""},"categories":[27],"tags":[14436,527,532,14438,2137,14440,14444,14437,14442,14441,14439,14443,10051],"class_list":["post-10762","post","type-post","status-publish","format-standard","has-post-thumbnail","hentry","category-acontece","tag-10a-feira-da-reforma-agraria-cicero-guedes-rj","tag-agricultores","tag-agricultura-familiar","tag-alimentos-saudaveis","tag-centro-rj","tag-declaracao-universal-dos-direitos-humanos","tag-doacoes-para-feira-cicero-guedes-rj","tag-largo-da-carioca-rj","tag-marielle-franco","tag-morte-de-sem-terra-na-paraiba-jp","tag-movimentos-populares","tag-mst","tag-reforma-agraria"],"blocksy_meta":[],"spectra_blocks_featured_image_url":{"thumbnail":{"url":"https:\/\/construcaocivil.siriusmarketingedesign.com.br\/wp-content\/uploads\/2018\/12\/Feira-Cicero-Guedes-02-fotos_Linda_soares_editadas-10-12-0957-150x150.jpg","width":150,"height":150},"medium":{"url":"https:\/\/construcaocivil.siriusmarketingedesign.com.br\/wp-content\/uploads\/2018\/12\/Feira-Cicero-Guedes-02-fotos_Linda_soares_editadas-10-12-0957-300x200.jpg","width":300,"height":200},"medium_large":{"url":"https:\/\/construcaocivil.siriusmarketingedesign.com.br\/wp-content\/uploads\/2018\/12\/Feira-Cicero-Guedes-02-fotos_Linda_soares_editadas-10-12-0957-768x512.jpg","width":768,"height":512},"large":{"url":"https:\/\/construcaocivil.siriusmarketingedesign.com.br\/wp-content\/uploads\/2018\/12\/Feira-Cicero-Guedes-02-fotos_Linda_soares_editadas-10-12-0957-1024x683.jpg","width":1024,"height":683},"full":{"url":"https:\/\/construcaocivil.siriusmarketingedesign.com.br\/wp-content\/uploads\/2018\/12\/Feira-Cicero-Guedes-02-fotos_Linda_soares_editadas-10-12-0957.jpg","width":1600,"height":1067}},"spectra_blocks_author_info":{"display_name":"Jornal da Constru\u00e7\u00e3o Civil","avatar_url":"https:\/\/secure.gravatar.com\/avatar\/973c9774fd44ddaceb026973c4962faa70fc512bc4c9da68e8ebb40fecee6540?s=96&d=mm&r=g","author_link":"https:\/\/construcaocivil.siriusmarketingedesign.com.br\/?author=1","description":"Desde de 2013, levando muitas informa\u00e7\u00f5es, lan\u00e7amentos e produtos de qualidade para toda cadeia produtiva da constru\u00e7\u00e3o. O Futuro da constru\u00e7\u00e3o passa por aqui,"},"uagb_featured_image_src":{"full":["https:\/\/construcaocivil.siriusmarketingedesign.com.br\/wp-content\/uploads\/2018\/12\/Feira-Cicero-Guedes-02-fotos_Linda_soares_editadas-10-12-0957.jpg",1600,1067,false],"thumbnail":["https:\/\/construcaocivil.siriusmarketingedesign.com.br\/wp-content\/uploads\/2018\/12\/Feira-Cicero-Guedes-02-fotos_Linda_soares_editadas-10-12-0957-150x150.jpg",150,150,true],"medium":["https:\/\/construcaocivil.siriusmarketingedesign.com.br\/wp-content\/uploads\/2018\/12\/Feira-Cicero-Guedes-02-fotos_Linda_soares_editadas-10-12-0957-300x200.jpg",300,200,true],"medium_large":["https:\/\/construcaocivil.siriusmarketingedesign.com.br\/wp-content\/uploads\/2018\/12\/Feira-Cicero-Guedes-02-fotos_Linda_soares_editadas-10-12-0957-768x512.jpg",768,512,true],"large":["https:\/\/construcaocivil.siriusmarketingedesign.com.br\/wp-content\/uploads\/2018\/12\/Feira-Cicero-Guedes-02-fotos_Linda_soares_editadas-10-12-0957-1024x683.jpg",1024,683,true],"1536x1536":["https:\/\/construcaocivil.siriusmarketingedesign.com.br\/wp-content\/uploads\/2018\/12\/Feira-Cicero-Guedes-02-fotos_Linda_soares_editadas-10-12-0957.jpg",1536,1024,false],"2048x2048":["https:\/\/construcaocivil.siriusmarketingedesign.com.br\/wp-content\/uploads\/2018\/12\/Feira-Cicero-Guedes-02-fotos_Linda_soares_editadas-10-12-0957.jpg",1600,1067,false]},"uagb_author_info":{"display_name":"Jornal da Constru\u00e7\u00e3o Civil","author_link":"https:\/\/construcaocivil.siriusmarketingedesign.com.br\/?author=1"},"uagb_comment_info":0,"uagb_excerpt":"Dezembro, 2018 &#8211; Teve inicio nesta segunda-feira (10) a 10\u00aa Feira Estadual da Reforma Agr\u00e1ria C\u00edcero Guedes, evento realizado pelo Movimento dos Trabalhadores Rurais Sem Terra (MST) com o objetivo de apresentar a produ\u00e7\u00e3o dos assentamentos e acampamentos dos estados da regi\u00e3o. As fragr\u00e2ncias, os sabores, as cores dos frutos da luta pela terra j\u00e1&hellip;","_links":{"self":[{"href":"https:\/\/construcaocivil.siriusmarketingedesign.com.br\/index.php?rest_route=\/wp\/v2\/posts\/10762","targetHints":{"allow":["GET"]}}],"collection":[{"href":"https:\/\/construcaocivil.siriusmarketingedesign.com.br\/index.php?rest_route=\/wp\/v2\/posts"}],"about":[{"href":"https:\/\/construcaocivil.siriusmarketingedesign.com.br\/index.php?rest_route=\/wp\/v2\/types\/post"}],"author":[{"embeddable":true,"href":"https:\/\/construcaocivil.siriusmarketingedesign.com.br\/index.php?rest_route=\/wp\/v2\/users\/1"}],"replies":[{"embeddable":true,"href":"https:\/\/construcaocivil.siriusmarketingedesign.com.br\/index.php?rest_route=%2Fwp%2Fv2%2Fcomments&post=10762"}],"version-history":[{"count":0,"href":"https:\/\/construcaocivil.siriusmarketingedesign.com.br\/index.php?rest_route=\/wp\/v2\/posts\/10762\/revisions"}],"wp:featuredmedia":[{"embeddable":true,"href":"https:\/\/construcaocivil.siriusmarketingedesign.com.br\/index.php?rest_route=\/wp\/v2\/media\/10763"}],"wp:attachment":[{"href":"https:\/\/construcaocivil.siriusmarketingedesign.com.br\/index.php?rest_route=%2Fwp%2Fv2%2Fmedia&parent=10762"}],"wp:term":[{"taxonomy":"category","embeddable":true,"href":"https:\/\/construcaocivil.siriusmarketingedesign.com.br\/index.php?rest_route=%2Fwp%2Fv2%2Fcategories&post=10762"},{"taxonomy":"post_tag","embeddable":true,"href":"https:\/\/construcaocivil.siriusmarketingedesign.com.br\/index.php?rest_route=%2Fwp%2Fv2%2Ftags&post=10762"}],"curies":[{"name":"wp","href":"https:\/\/api.w.org\/{rel}","templated":true}]}}