{"id":10820,"date":"2018-12-17T16:31:09","date_gmt":"2018-12-17T18:31:09","guid":{"rendered":"https:\/\/www.jornaldaconstrucaocivil.com.br\/?p=10820"},"modified":"2018-12-17T16:31:09","modified_gmt":"2018-12-17T18:31:09","slug":"casa-e-decoracao-todeschini-mira-regiao-norte-do-pais","status":"publish","type":"post","link":"https:\/\/construcaocivil.siriusmarketingedesign.com.br\/?p=10820","title":{"rendered":"Casa e decora\u00e7\u00e3o: Todeschini mira regi\u00e3o Norte do pa\u00eds"},"content":{"rendered":"<p style=\"text-align: justify;\"><span style=\"color: #993300;\">Dezembro, 2018<\/span> &#8211; Dando sequ\u00eancia ao plano de expans\u00e3o da marca, a\u00a0<span class=\"il\">Todeschini<\/span>\u00a0(<span style=\"color: #0000ff;\"><a style=\"color: #0000ff;\" href=\"https:\/\/imcpress.com.br\/link.php?code=bDpodHRwJTNBJTJGJTJGd3d3LnRvZGVzY2hpbmkuY29tLmJyJTJGOjEzODc2NDIxOTc6d2Vib2JyYXNAZ21haWwuY29tOjZhODE4Mg==\" target=\"_blank\" rel=\"noopener\" data-saferedirecturl=\"https:\/\/www.google.com\/url?q=https:\/\/imcpress.com.br\/link.php?code%3DbDpodHRwJTNBJTJGJTJGd3d3LnRvZGVzY2hpbmkuY29tLmJyJTJGOjEzODc2NDIxOTc6d2Vib2JyYXNAZ21haWwuY29tOjZhODE4Mg%3D%3D&amp;source=gmail&amp;ust=1545156797218000&amp;usg=AFQjCNG_6uTbM2o739Kfr3Xd8sKqqkNH7A\"><span class=\"il\">todeschini<\/span>.com.br<\/a>)<\/span> &#8211; uma das maiores empresas de\u00a0<span class=\"il\">m\u00f3veis<\/span>\u00a0planejados da Am\u00e9rica Latina -, inaugura duas novas lojas: uma em Marab\u00e1 e a outra em Santar\u00e9m, no Par\u00e1.<\/p>\n<p style=\"text-align: justify;\">A marca apresenta em Marab\u00e1 um showroom completo com 250 m\u00b2 e os \u00faltimos lan\u00e7amentos e tend\u00eancias globais do setor de\u00a0<span class=\"il\">m\u00f3veis<\/span>\u00a0planejados. A loja conta com uma equipe especializada treinada pela f\u00e1brica, garantindo os menores prazos de entrega e uma montagem de excel\u00eancia.<\/p>\n<p>O ambiente \u00e9 composto por cozinha, home, quarto kids e de casal, closet e brinquedoteca, al\u00e9m de escrit\u00f3rio. &#8220;O espa\u00e7o foi pensado para ser a maior loja de\u00a0<span class=\"il\">m\u00f3veis<\/span>planejados do Sul e Sudeste do Par\u00e1. Nossa expectativa \u00e9 surpreender nossos clientes, mostrando a variedade, versatilidade e diversidade da marca\u00a0<span class=\"il\">Todeschini<\/span>&#8220;, afirma Anderson Ribeiro Souza, propriet\u00e1rio da loja.<\/p>\n<p style=\"text-align: justify;\">Em Santar\u00e9m a marca encerra o ano com um espa\u00e7o de 180m\u00b2. Est\u00e3o expostos ambientes como cozinha, home, lavabo, quarto de casal e solteiro. A loja apresenta aos consumidores a cole\u00e7\u00e3o Youniverse com intuito de criar ambientes personalizados para proporcionar uma experi\u00eancia \u00fanica e exclusiva. Outro destaque da nova loja ser\u00e1 o atendimento e os projetos personalizados com produtos que acompanham as tend\u00eancias do mercado.<\/p>\n<p style=\"text-align: justify;\">Bruno Prado, Designer de Interiores com mais de 10 anos de experi\u00eancia comanda as opera\u00e7\u00f5es da nova loja de Santar\u00e9m. &#8220;Santar\u00e9m tem um mercado em acess\u00e3o no ramos de\u00a0<span class=\"il\">m\u00f3veis<\/span>\u00a0planejados, portanto a\u00a0<span class=\"il\">Todeschini<\/span>\u00a0dever\u00e1 se tornar um local de destaque na cidade&#8221;, afirma. A\u00a0<span class=\"il\">Todeschini<\/span>\u00a0Santar\u00e9m conta com a parceria de arquitetos locais, al\u00e9m de uma gama de produtos, cores e materiais que proporcionam a cria\u00e7\u00e3o de ambientes \u00fanicos com padr\u00e3o de qualidade elevado.<\/p>\n<p><strong>Sobre a\u00a0<span class=\"il\">Todeschini<\/span><\/strong>\u00a0acesse em\u00a0<a href=\"http:\/\/www.todeschini.com.br\/faca-seu-projeto\/\"><span style=\"color: #0000ff;\">www.todeschini.com.br\/faca-seu-projeto\/<\/span><\/a><\/p>\n","protected":false},"excerpt":{"rendered":"<p>Dezembro, 2018 &#8211; Dando sequ\u00eancia ao plano de expans\u00e3o da marca, a\u00a0Todeschini\u00a0(todeschini.com.br) &#8211; uma das maiores empresas de\u00a0m\u00f3veis\u00a0planejados da Am\u00e9rica Latina -, inaugura duas novas lojas: uma em Marab\u00e1 e a outra em Santar\u00e9m, no Par\u00e1. A marca apresenta em Marab\u00e1 um showroom completo com 250 m\u00b2 e os \u00faltimos lan\u00e7amentos e tend\u00eancias globais do [&hellip;]<\/p>\n","protected":false},"author":1,"featured_media":10821,"comment_status":"open","ping_status":"open","sticky":false,"template":"","format":"standard","meta":{"_uag_custom_page_level_css":"","footnotes":""},"categories":[28],"tags":[13600,14521,1933,14522,7235,7915,7916,9247,10114,14520,10679,13790],"class_list":["post-10820","post","type-post","status-publish","format-standard","has-post-thumbnail","hentry","category-arquitetura","tag-arquitetos-e-designers-interiores","tag-casa-e-cozinha","tag-casa-e-decoracao","tag-compras-de-natal-casa-e-moveis-novos","tag-maraba-pa","tag-moveis-para-escritorios","tag-moveis-planejados","tag-precos-excelentes","tag-regiao-norte","tag-santarem-pa","tag-sao-paulo-sp","tag-todeschini"],"blocksy_meta":[],"spectra_blocks_featured_image_url":{"thumbnail":{"url":"https:\/\/construcaocivil.siriusmarketingedesign.com.br\/wp-content\/uploads\/2018\/12\/TODESCHINI-150x150.png","width":150,"height":150},"medium":{"url":"https:\/\/construcaocivil.siriusmarketingedesign.com.br\/wp-content\/uploads\/2018\/12\/TODESCHINI-300x153.png","width":300,"height":153},"medium_large":{"url":"https:\/\/construcaocivil.siriusmarketingedesign.com.br\/wp-content\/uploads\/2018\/12\/TODESCHINI.png","width":405,"height":206},"large":{"url":"https:\/\/construcaocivil.siriusmarketingedesign.com.br\/wp-content\/uploads\/2018\/12\/TODESCHINI.png","width":405,"height":206},"full":{"url":"https:\/\/construcaocivil.siriusmarketingedesign.com.br\/wp-content\/uploads\/2018\/12\/TODESCHINI.png","width":405,"height":206}},"spectra_blocks_author_info":{"display_name":"Jornal da Constru\u00e7\u00e3o Civil","avatar_url":"https:\/\/secure.gravatar.com\/avatar\/973c9774fd44ddaceb026973c4962faa70fc512bc4c9da68e8ebb40fecee6540?s=96&d=mm&r=g","author_link":"https:\/\/construcaocivil.siriusmarketingedesign.com.br\/?author=1","description":"Desde de 2013, levando muitas informa\u00e7\u00f5es, lan\u00e7amentos e produtos de qualidade para toda cadeia produtiva da constru\u00e7\u00e3o. O Futuro da constru\u00e7\u00e3o passa por aqui,"},"uagb_featured_image_src":{"full":["https:\/\/construcaocivil.siriusmarketingedesign.com.br\/wp-content\/uploads\/2018\/12\/TODESCHINI.png",405,206,false],"thumbnail":["https:\/\/construcaocivil.siriusmarketingedesign.com.br\/wp-content\/uploads\/2018\/12\/TODESCHINI-150x150.png",150,150,true],"medium":["https:\/\/construcaocivil.siriusmarketingedesign.com.br\/wp-content\/uploads\/2018\/12\/TODESCHINI-300x153.png",300,153,true],"medium_large":["https:\/\/construcaocivil.siriusmarketingedesign.com.br\/wp-content\/uploads\/2018\/12\/TODESCHINI.png",405,206,false],"large":["https:\/\/construcaocivil.siriusmarketingedesign.com.br\/wp-content\/uploads\/2018\/12\/TODESCHINI.png",405,206,false],"1536x1536":["https:\/\/construcaocivil.siriusmarketingedesign.com.br\/wp-content\/uploads\/2018\/12\/TODESCHINI.png",405,206,false],"2048x2048":["https:\/\/construcaocivil.siriusmarketingedesign.com.br\/wp-content\/uploads\/2018\/12\/TODESCHINI.png",405,206,false]},"uagb_author_info":{"display_name":"Jornal da Constru\u00e7\u00e3o Civil","author_link":"https:\/\/construcaocivil.siriusmarketingedesign.com.br\/?author=1"},"uagb_comment_info":0,"uagb_excerpt":"Dezembro, 2018 &#8211; Dando sequ\u00eancia ao plano de expans\u00e3o da marca, a\u00a0Todeschini\u00a0(todeschini.com.br) &#8211; uma das maiores empresas de\u00a0m\u00f3veis\u00a0planejados da Am\u00e9rica Latina -, inaugura duas novas lojas: uma em Marab\u00e1 e a outra em Santar\u00e9m, no Par\u00e1. A marca apresenta em Marab\u00e1 um showroom completo com 250 m\u00b2 e os \u00faltimos lan\u00e7amentos e tend\u00eancias globais do&hellip;","_links":{"self":[{"href":"https:\/\/construcaocivil.siriusmarketingedesign.com.br\/index.php?rest_route=\/wp\/v2\/posts\/10820","targetHints":{"allow":["GET"]}}],"collection":[{"href":"https:\/\/construcaocivil.siriusmarketingedesign.com.br\/index.php?rest_route=\/wp\/v2\/posts"}],"about":[{"href":"https:\/\/construcaocivil.siriusmarketingedesign.com.br\/index.php?rest_route=\/wp\/v2\/types\/post"}],"author":[{"embeddable":true,"href":"https:\/\/construcaocivil.siriusmarketingedesign.com.br\/index.php?rest_route=\/wp\/v2\/users\/1"}],"replies":[{"embeddable":true,"href":"https:\/\/construcaocivil.siriusmarketingedesign.com.br\/index.php?rest_route=%2Fwp%2Fv2%2Fcomments&post=10820"}],"version-history":[{"count":0,"href":"https:\/\/construcaocivil.siriusmarketingedesign.com.br\/index.php?rest_route=\/wp\/v2\/posts\/10820\/revisions"}],"wp:featuredmedia":[{"embeddable":true,"href":"https:\/\/construcaocivil.siriusmarketingedesign.com.br\/index.php?rest_route=\/wp\/v2\/media\/10821"}],"wp:attachment":[{"href":"https:\/\/construcaocivil.siriusmarketingedesign.com.br\/index.php?rest_route=%2Fwp%2Fv2%2Fmedia&parent=10820"}],"wp:term":[{"taxonomy":"category","embeddable":true,"href":"https:\/\/construcaocivil.siriusmarketingedesign.com.br\/index.php?rest_route=%2Fwp%2Fv2%2Fcategories&post=10820"},{"taxonomy":"post_tag","embeddable":true,"href":"https:\/\/construcaocivil.siriusmarketingedesign.com.br\/index.php?rest_route=%2Fwp%2Fv2%2Ftags&post=10820"}],"curies":[{"name":"wp","href":"https:\/\/api.w.org\/{rel}","templated":true}]}}