{"id":10854,"date":"2018-12-27T15:06:15","date_gmt":"2018-12-27T17:06:15","guid":{"rendered":"https:\/\/www.jornaldaconstrucaocivil.com.br\/?p=10854"},"modified":"2018-12-27T15:06:15","modified_gmt":"2018-12-27T17:06:15","slug":"inatel-inicia-curso-de-engenharia-eletrica-em-2019","status":"publish","type":"post","link":"https:\/\/construcaocivil.siriusmarketingedesign.com.br\/?p=10854","title":{"rendered":"Inatel inicia curso de Engenharia El\u00e9trica em 2019"},"content":{"rendered":"<p style=\"text-align: justify;\">O Inatel come\u00e7a 2019 com mais uma novidade. J\u00e1 a partir do primeiro semestre do ano iniciam as aulas do curso de Engenharia El\u00e9trica. A portaria que autoriza a institui\u00e7\u00e3o a fornecer esta nova op\u00e7\u00e3o foi publicada no \u00faltimo dia 24 de dezembro, no Di\u00e1rio Oficial da Uni\u00e3o. Com a publica\u00e7\u00e3o o Inatel j\u00e1 incluiu a Engenharia El\u00e9trica no Vestibular de Ver\u00e3o e as inscri\u00e7\u00f5es est\u00e3o abertas para os per\u00edodos integral e noturno. A nova op\u00e7\u00e3o de gradua\u00e7\u00e3o foi aprovada pelo Minist\u00e9rio da Educa\u00e7\u00e3o \u2013 MEC, com a nota 5, o m\u00e1ximo do Conceito de Curso (CC).<\/p>\n<p style=\"text-align: justify;\">A institui\u00e7\u00e3o possui afinidade com esta gradua\u00e7\u00e3o, pois j\u00e1 forneceu Engenharia El\u00e9trica, na modalidade eletr\u00f4nica com \u00eanfase em Telecomunica\u00e7\u00f5es, hoje a Engenharia de Telecomunica\u00e7\u00f5es. \u201cA abertura do curso nos permitir\u00e1 a forma\u00e7\u00e3o de especialistas para atuarem na \u00e1rea de energia, englobando gera\u00e7\u00e3o, transmiss\u00e3o, distribui\u00e7\u00e3o e fontes alternativas e renov\u00e1veis de energia. Tamb\u00e9m teremos um profissional formado para projeto, instala\u00e7\u00e3o e manuten\u00e7\u00e3o de sistemas el\u00e9tricos industriais, comerciais e residenciais, com foco no consumo eficiente de energia\u201d, comentou o Diretor do Inatel, Carlos Nazareth Motta Marins.<\/p>\n<p style=\"text-align: justify;\">O Diretor ressalta que o Inatel ganhou mais uma especialidade. \u201cEsta nova gradua\u00e7\u00e3o refor\u00e7a a vis\u00e3o integrada que temos para forma\u00e7\u00e3o de nossos engenheiros. J\u00e1 contamos atualmente com uma grande sinergia entre todos os nossos alunos de Engenharia de diferentes cursos e isso se intensificar\u00e1 com o lan\u00e7amento do curso de Engenharia El\u00e9trica. Continuaremos trabalhando para oferecer a todos os nossos alunos uma forma\u00e7\u00e3o mais ampla e uma vis\u00e3o mais abrangente do mercado de tecnologia\u201d, disse Nazareth.<\/p>\n<p style=\"text-align: justify;\">A nova op\u00e7\u00e3o de Engenharia ser\u00e1 coordenada pelo Prof\u00ba do Inatel, Alexandre Baratella Lugli. Para o coordenador, a Engenharia El\u00e9trica suprir\u00e1 uma lacuna referente ao gerenciamento, gera\u00e7\u00e3o, produ\u00e7\u00e3o e distribui\u00e7\u00e3o de energia el\u00e9trica. \u201cO curso possui uma grande carga hor\u00e1ria pr\u00e1tica nas suas disciplinas espec\u00edficas em laborat\u00f3rios novos e com equipamentos que certamente ir\u00e3o contribuir para a qualidade das aulas e do ensino\u201d, comentou Baratella.<\/p>\n<p style=\"text-align: justify;\"><strong>Campo de Atua\u00e7\u00e3o do Engenheiro Eletricista<\/strong><br \/>\nO Engenheiro Eletricista atua em empresas voltadas ao segmento el\u00e9trico; em ind\u00fastrias de m\u00e1quinas, equipamentos e dispositivos de controle e automa\u00e7\u00e3o industrial, comercial e predial; em concession\u00e1rias ou subesta\u00e7\u00f5es de energia, automatizando os setores de gera\u00e7\u00e3o, transmiss\u00e3o e distribui\u00e7\u00e3o de energia el\u00e9trica; em empresas e laborat\u00f3rios de pesquisa tecnol\u00f3gica. O profissional estar\u00e1 apto a desempenhar suas compet\u00eancias nas \u00e1reas de sistemas e circuitos el\u00e9tricos, eletr\u00f4nicos e computacionais (hardware e software). Poder\u00e1 trabalhar em equipes multidisciplinares, exercer fun\u00e7\u00f5es de ger\u00eancia e desenvolvimento de projetos em diversas empresas do setor de tecnologia e em \u00f3rg\u00e3os de regulamenta\u00e7\u00e3o, al\u00e9m de atuar em ensino e pesquisa cient\u00edfica. Tamb\u00e9m pode atuar de forma aut\u00f4noma, em empresa pr\u00f3pria ou prestando consultoria.<\/p>\n<p style=\"text-align: justify;\"><strong>Vestibular<\/strong><br \/>\nOs vestibulandos interessados podem se inscrever pelo site<span style=\"color: #0000ff;\">\u00a0<a style=\"color: #0000ff;\" href=\"https:\/\/app.workr.com.br\/LinkOpen.aspx?mid=f6ae572f-3fbe-46df-91e3-11397482f466&amp;lid=40oXWTVUSfDmoGmDZiYJPA==\" target=\"_blank\" rel=\"noopener\" data-saferedirecturl=\"https:\/\/www.google.com\/url?q=https:\/\/app.workr.com.br\/LinkOpen.aspx?mid%3Df6ae572f-3fbe-46df-91e3-11397482f466%26lid%3D40oXWTVUSfDmoGmDZiYJPA%3D%3D&amp;source=gmail&amp;ust=1546015969924000&amp;usg=AFQjCNFp0QWBNfjrVLJASV47Z1HSn2p39Q\">www.inatel.br\/vestibular<\/a><\/span>. O Vestibular de Ver\u00e3o ser\u00e1 realizado no campus do Inatel, em Santa Rita do Sapuca\u00ed, dia 02 de fevereiro, das 13h30 \u00e0s 17h30. As inscri\u00e7\u00f5es podem ser realizadas at\u00e9 o dia 30 de janeiro.<\/p>\n<p style=\"text-align: justify;\">Em 2019, o Inatel tamb\u00e9m inicia o novo curso de Engenharia de Software e criar\u00e1 mais uma nova turma do recente curso de Engenharia de Produ\u00e7\u00e3o, lan\u00e7ado em 2018. Em 2019 mais novidades est\u00e3o chegando, novos laborat\u00f3rios, espa\u00e7os de estudos e mais cursos de Engenharia. A institui\u00e7\u00e3o oferece tamb\u00e9m os cursos de Engenharia de Telecomunica\u00e7\u00f5es, Engenharia de Computa\u00e7\u00e3o, Engenharia de Controle e Automa\u00e7\u00e3o e Engenharia Biom\u00e9dica.<\/p>\n<p style=\"text-align: justify;\"><strong>Bolsas de estudo<\/strong><\/p>\n<p style=\"text-align: justify;\">No intuito de aumentar as possibilidades de ingresso nos cursos de gradua\u00e7\u00e3o da institui\u00e7\u00e3o, o Inatel est\u00e1 ampliando a oferta de bolsas oferecidas pela sua funda\u00e7\u00e3o mantenedora, a Finatel, no Vestibular de Ver\u00e3o. Os candidatos que preencherem a ficha social juntamente com a inscri\u00e7\u00e3o, poder\u00e3o obter at\u00e9 100% de bolsa j\u00e1 no ato da matr\u00edcula, sendo a metade dessa porcentagem n\u00e3o-reembols\u00e1vel, e o restante reembols\u00e1vel ap\u00f3s a formatura.<\/p>\n<p style=\"text-align: justify;\">A institui\u00e7\u00e3o tamb\u00e9m ir\u00e1 beneficiar os primeiros colocados no Vestibular com a Bolsa M\u00e9rito. Os candidatos que participarem das provas e ficarem entre o 1\u00ba e o 4\u00ba lugar receber\u00e3o bolsa de 100% e os que ficarem entre o 5\u00ba e o 8\u00ba lugar receber\u00e3o bolsa de 50%, considerando a classifica\u00e7\u00e3o geral.<\/p>\n<p style=\"text-align: justify;\">A institui\u00e7\u00e3o oferece ainda outras facilidades para o custeio dos cursos como as oportunidades de financiamento pelo FIES e o Fundacred, al\u00e9m de outras bolsas que podem ser conquistadas ao longo dos cursos, como o Programa Jovens Talentos, Bolsa Est\u00e1gio, Monitoria e Bolsa HandsOn.<\/p>\n<p>Confira os detalhes em\u00a0<span style=\"color: #0000ff;\"><a style=\"color: #0000ff;\" href=\"http:\/\/www.inatel.br\/vocepode\" target=\"_blank\" rel=\"noopener\" data-saferedirecturl=\"https:\/\/www.google.com\/url?q=http:\/\/www.inatel.br\/vocepode&amp;source=gmail&amp;ust=1546015969924000&amp;usg=AFQjCNHNAL3CWI-WNRC_t2uZehPTdi9acw\">www.inatel.br\/vocepode<\/a>.<\/span><\/p>\n<p><strong>Confira os cursos de gradua\u00e7\u00e3o oferecidos pelo Inatel &#8211; Per\u00edodo Integral e noturno &#8211; 5 anos<\/strong><br \/>\n<span style=\"color: #0000ff;\"><a style=\"color: #0000ff;\" href=\"https:\/\/app.workr.com.br\/LinkOpen.aspx?mid=f6ae572f-3fbe-46df-91e3-11397482f466&amp;lid=VqdOA6yR9b0y2hCXVHozCA==\" target=\"_blank\" rel=\"noopener\" data-saferedirecturl=\"https:\/\/www.google.com\/url?q=https:\/\/app.workr.com.br\/LinkOpen.aspx?mid%3Df6ae572f-3fbe-46df-91e3-11397482f466%26lid%3DVqdOA6yR9b0y2hCXVHozCA%3D%3D&amp;source=gmail&amp;ust=1546015969924000&amp;usg=AFQjCNF1qgnC0k7KUR_LfDt9LtdZXa4Lmw\">Engenharia Biom\u00e9dica<\/a><\/span><br \/>\n<span style=\"color: #0000ff;\"><a style=\"color: #0000ff;\" href=\"https:\/\/app.workr.com.br\/LinkOpen.aspx?mid=f6ae572f-3fbe-46df-91e3-11397482f466&amp;lid=f8rdRGw7FTSm\/epK6lt+vA==\" target=\"_blank\" rel=\"noopener\" data-saferedirecturl=\"https:\/\/www.google.com\/url?q=https:\/\/app.workr.com.br\/LinkOpen.aspx?mid%3Df6ae572f-3fbe-46df-91e3-11397482f466%26lid%3Df8rdRGw7FTSm\/epK6lt%2BvA%3D%3D&amp;source=gmail&amp;ust=1546015969924000&amp;usg=AFQjCNFdQIxB6BH5WQ4WbU2j6XW5r0nd8Q\">Engenharia de Controle e Automa\u00e7\u00e3o<\/a><\/span><br \/>\n<span style=\"color: #0000ff;\"><a style=\"color: #0000ff;\" href=\"https:\/\/app.workr.com.br\/LinkOpen.aspx?mid=f6ae572f-3fbe-46df-91e3-11397482f466&amp;lid=BoEpeFucnsK19pSQsck\/mw==\" target=\"_blank\" rel=\"noopener\" data-saferedirecturl=\"https:\/\/www.google.com\/url?q=https:\/\/app.workr.com.br\/LinkOpen.aspx?mid%3Df6ae572f-3fbe-46df-91e3-11397482f466%26lid%3DBoEpeFucnsK19pSQsck\/mw%3D%3D&amp;source=gmail&amp;ust=1546015969924000&amp;usg=AFQjCNHqwNGffpbHZDwq72E5EhuSnfrpvA\">Engenharia de Computa\u00e7\u00e3o<\/a><\/span><br \/>\n<span style=\"color: #0000ff;\"><a style=\"color: #0000ff;\" href=\"https:\/\/app.workr.com.br\/LinkOpen.aspx?mid=f6ae572f-3fbe-46df-91e3-11397482f466&amp;lid=dAMKTvtaKgmlbbyAaQIktw==\" target=\"_blank\" rel=\"noopener\" data-saferedirecturl=\"https:\/\/www.google.com\/url?q=https:\/\/app.workr.com.br\/LinkOpen.aspx?mid%3Df6ae572f-3fbe-46df-91e3-11397482f466%26lid%3DdAMKTvtaKgmlbbyAaQIktw%3D%3D&amp;source=gmail&amp;ust=1546015969924000&amp;usg=AFQjCNE9ycDtA2T4LH1By-Nd5tWO1AIJew\">Engenharia de Produ\u00e7\u00e3o<\/a><\/span><br \/>\n<span style=\"color: #0000ff;\"><a style=\"color: #0000ff;\" href=\"https:\/\/app.workr.com.br\/LinkOpen.aspx?mid=f6ae572f-3fbe-46df-91e3-11397482f466&amp;lid=ra9M5JegKqF2R6jBAOQNSQ==\" target=\"_blank\" rel=\"noopener\" data-saferedirecturl=\"https:\/\/www.google.com\/url?q=https:\/\/app.workr.com.br\/LinkOpen.aspx?mid%3Df6ae572f-3fbe-46df-91e3-11397482f466%26lid%3Dra9M5JegKqF2R6jBAOQNSQ%3D%3D&amp;source=gmail&amp;ust=1546015969924000&amp;usg=AFQjCNEXkrjAwqIoo9t3KHKLEBOzipfQUA\">Engenharia de Software<\/a><\/span><br \/>\n<span style=\"color: #0000ff;\"><a style=\"color: #0000ff;\" href=\"https:\/\/app.workr.com.br\/LinkOpen.aspx?mid=f6ae572f-3fbe-46df-91e3-11397482f466&amp;lid=jAE2ksrRUvwFAV1A+DDHMA==\" target=\"_blank\" rel=\"noopener\" data-saferedirecturl=\"https:\/\/www.google.com\/url?q=https:\/\/app.workr.com.br\/LinkOpen.aspx?mid%3Df6ae572f-3fbe-46df-91e3-11397482f466%26lid%3DjAE2ksrRUvwFAV1A%2BDDHMA%3D%3D&amp;source=gmail&amp;ust=1546015969924000&amp;usg=AFQjCNFWt7UInPIh4yIefhn9X5qOPOSj7g\">Engenharia de Telecomunica\u00e7\u00f5es<\/a><\/span><br \/>\n<span style=\"color: #0000ff;\"><a style=\"color: #0000ff;\" href=\"https:\/\/app.workr.com.br\/LinkOpen.aspx?mid=f6ae572f-3fbe-46df-91e3-11397482f466&amp;lid=JC4z8w9ngRSq9NF1kkvhCw==\" target=\"_blank\" rel=\"noopener\" data-saferedirecturl=\"https:\/\/www.google.com\/url?q=https:\/\/app.workr.com.br\/LinkOpen.aspx?mid%3Df6ae572f-3fbe-46df-91e3-11397482f466%26lid%3DJC4z8w9ngRSq9NF1kkvhCw%3D%3D&amp;source=gmail&amp;ust=1546015969924000&amp;usg=AFQjCNFF6nrt7PAPWrvDEKLDPfsvz5NKXA\">Engenharia El\u00e9trica<\/a><\/span><\/p>\n<p>Fonte: Imprensa\/INATEL<\/p>\n","protected":false},"excerpt":{"rendered":"<p>O Inatel come\u00e7a 2019 com mais uma novidade. J\u00e1 a partir do primeiro semestre do ano iniciam as aulas do curso de Engenharia El\u00e9trica. A portaria que autoriza a institui\u00e7\u00e3o a fornecer esta nova op\u00e7\u00e3o foi publicada no \u00faltimo dia 24 de dezembro, no Di\u00e1rio Oficial da Uni\u00e3o. Com a publica\u00e7\u00e3o o Inatel j\u00e1 incluiu [&hellip;]<\/p>\n","protected":false},"author":1,"featured_media":10855,"comment_status":"open","ping_status":"open","sticky":false,"template":"","format":"standard","meta":{"_uag_custom_page_level_css":"","footnotes":""},"categories":[27],"tags":[1340,14580,14579,14578,6310,7527,14581,14582,14577],"class_list":["post-10854","post","type-post","status-publish","format-standard","has-post-thumbnail","hentry","category-acontece","tag-belo-horizonte-mg","tag-bolsas-de-estudo","tag-cursos-de-engenharia","tag-inatel","tag-investimentos","tag-mercado-de-trabalho","tag-santa-rita-do-sapucai-mg","tag-sul-de-minas","tag-vestibular-engenharia-eletrica"],"blocksy_meta":[],"spectra_blocks_featured_image_url":{"thumbnail":{"url":"https:\/\/construcaocivil.siriusmarketingedesign.com.br\/wp-content\/uploads\/2018\/12\/VESTIBULAR-INATEL-150x150.jpg","width":150,"height":150},"medium":{"url":"https:\/\/construcaocivil.siriusmarketingedesign.com.br\/wp-content\/uploads\/2018\/12\/VESTIBULAR-INATEL-300x200.jpg","width":300,"height":200},"medium_large":{"url":"https:\/\/construcaocivil.siriusmarketingedesign.com.br\/wp-content\/uploads\/2018\/12\/VESTIBULAR-INATEL-768x511.jpg","width":768,"height":511},"large":{"url":"https:\/\/construcaocivil.siriusmarketingedesign.com.br\/wp-content\/uploads\/2018\/12\/VESTIBULAR-INATEL-1024x681.jpg","width":1024,"height":681},"full":{"url":"https:\/\/construcaocivil.siriusmarketingedesign.com.br\/wp-content\/uploads\/2018\/12\/VESTIBULAR-INATEL.jpg","width":1024,"height":681}},"spectra_blocks_author_info":{"display_name":"Jornal da Constru\u00e7\u00e3o Civil","avatar_url":"https:\/\/secure.gravatar.com\/avatar\/973c9774fd44ddaceb026973c4962faa70fc512bc4c9da68e8ebb40fecee6540?s=96&d=mm&r=g","author_link":"https:\/\/construcaocivil.siriusmarketingedesign.com.br\/?author=1","description":"Desde de 2013, levando muitas informa\u00e7\u00f5es, lan\u00e7amentos e produtos de qualidade para toda cadeia produtiva da constru\u00e7\u00e3o. O Futuro da constru\u00e7\u00e3o passa por aqui,"},"uagb_featured_image_src":{"full":["https:\/\/construcaocivil.siriusmarketingedesign.com.br\/wp-content\/uploads\/2018\/12\/VESTIBULAR-INATEL.jpg",1024,681,false],"thumbnail":["https:\/\/construcaocivil.siriusmarketingedesign.com.br\/wp-content\/uploads\/2018\/12\/VESTIBULAR-INATEL-150x150.jpg",150,150,true],"medium":["https:\/\/construcaocivil.siriusmarketingedesign.com.br\/wp-content\/uploads\/2018\/12\/VESTIBULAR-INATEL-300x200.jpg",300,200,true],"medium_large":["https:\/\/construcaocivil.siriusmarketingedesign.com.br\/wp-content\/uploads\/2018\/12\/VESTIBULAR-INATEL-768x511.jpg",768,511,true],"large":["https:\/\/construcaocivil.siriusmarketingedesign.com.br\/wp-content\/uploads\/2018\/12\/VESTIBULAR-INATEL-1024x681.jpg",1024,681,true],"1536x1536":["https:\/\/construcaocivil.siriusmarketingedesign.com.br\/wp-content\/uploads\/2018\/12\/VESTIBULAR-INATEL.jpg",1024,681,false],"2048x2048":["https:\/\/construcaocivil.siriusmarketingedesign.com.br\/wp-content\/uploads\/2018\/12\/VESTIBULAR-INATEL.jpg",1024,681,false]},"uagb_author_info":{"display_name":"Jornal da Constru\u00e7\u00e3o Civil","author_link":"https:\/\/construcaocivil.siriusmarketingedesign.com.br\/?author=1"},"uagb_comment_info":0,"uagb_excerpt":"O Inatel come\u00e7a 2019 com mais uma novidade. J\u00e1 a partir do primeiro semestre do ano iniciam as aulas do curso de Engenharia El\u00e9trica. A portaria que autoriza a institui\u00e7\u00e3o a fornecer esta nova op\u00e7\u00e3o foi publicada no \u00faltimo dia 24 de dezembro, no Di\u00e1rio Oficial da Uni\u00e3o. Com a publica\u00e7\u00e3o o Inatel j\u00e1 incluiu&hellip;","_links":{"self":[{"href":"https:\/\/construcaocivil.siriusmarketingedesign.com.br\/index.php?rest_route=\/wp\/v2\/posts\/10854","targetHints":{"allow":["GET"]}}],"collection":[{"href":"https:\/\/construcaocivil.siriusmarketingedesign.com.br\/index.php?rest_route=\/wp\/v2\/posts"}],"about":[{"href":"https:\/\/construcaocivil.siriusmarketingedesign.com.br\/index.php?rest_route=\/wp\/v2\/types\/post"}],"author":[{"embeddable":true,"href":"https:\/\/construcaocivil.siriusmarketingedesign.com.br\/index.php?rest_route=\/wp\/v2\/users\/1"}],"replies":[{"embeddable":true,"href":"https:\/\/construcaocivil.siriusmarketingedesign.com.br\/index.php?rest_route=%2Fwp%2Fv2%2Fcomments&post=10854"}],"version-history":[{"count":0,"href":"https:\/\/construcaocivil.siriusmarketingedesign.com.br\/index.php?rest_route=\/wp\/v2\/posts\/10854\/revisions"}],"wp:featuredmedia":[{"embeddable":true,"href":"https:\/\/construcaocivil.siriusmarketingedesign.com.br\/index.php?rest_route=\/wp\/v2\/media\/10855"}],"wp:attachment":[{"href":"https:\/\/construcaocivil.siriusmarketingedesign.com.br\/index.php?rest_route=%2Fwp%2Fv2%2Fmedia&parent=10854"}],"wp:term":[{"taxonomy":"category","embeddable":true,"href":"https:\/\/construcaocivil.siriusmarketingedesign.com.br\/index.php?rest_route=%2Fwp%2Fv2%2Fcategories&post=10854"},{"taxonomy":"post_tag","embeddable":true,"href":"https:\/\/construcaocivil.siriusmarketingedesign.com.br\/index.php?rest_route=%2Fwp%2Fv2%2Ftags&post=10854"}],"curies":[{"name":"wp","href":"https:\/\/api.w.org\/{rel}","templated":true}]}}