{"id":10858,"date":"2018-12-29T13:54:31","date_gmt":"2018-12-29T15:54:31","guid":{"rendered":"https:\/\/www.jornaldaconstrucaocivil.com.br\/?p=10858"},"modified":"2018-12-29T14:00:19","modified_gmt":"2018-12-29T16:00:19","slug":"dicas-de-obra-saiba-como-reduzir-o-impacto-do-calor-nas-edificacoes","status":"publish","type":"post","link":"https:\/\/construcaocivil.siriusmarketingedesign.com.br\/?p=10858","title":{"rendered":"Sua obra mais simples: Saiba como reduzir o impacto do calor nas edifica\u00e7\u00f5es"},"content":{"rendered":"<p style=\"text-align: justify;\"><span style=\"color: #993300;\">Dezembro, 2018<\/span> &#8211; Quem trabalha fora sabe: o melhor momento do dia \u00e9 aquele em que se chega em casa. Com a rotina turbulenta, o descanso \u00e9 mais do que necess\u00e1rio, \u00e9 uma quest\u00e3o de al\u00edvio. E para que as pr\u00e1ticas do dia seguinte se mantenham produtivas, se sentir bem \u00e9 essencial, principalmente na hora do sono, por exemplo.<\/p>\n<p>Para que isso ocorra, de acordo com Jo\u00e3o Adriano Filho, gerente comercial da\u00a0<span style=\"color: #0000ff;\"><a style=\"color: #0000ff;\" href=\"https:\/\/melz.us19.list-manage.com\/track\/click?u=7fda2a7dc9c8e7a06d2340f5c&amp;id=75f5cf41e4&amp;e=ce25fe84fa\" target=\"_blank\" rel=\"noopener\" data-saferedirecturl=\"https:\/\/www.google.com\/url?q=https:\/\/melz.us19.list-manage.com\/track\/click?u%3D7fda2a7dc9c8e7a06d2340f5c%26id%3D75f5cf41e4%26e%3Dce25fe84fa&amp;source=gmail&amp;ust=1546184020677000&amp;usg=AFQjCNG75hPMbpkrzwdlMidVm9lbZ0OFqw\">Ecofiber<\/a><\/span>, tomar algumas medidas \u00e9 fundamental. \u201cUm dos fatores mais comuns de reclama\u00e7\u00e3o que recebemos \u00e9 o calor, que fica ainda mais evidente durante o repouso. E num pa\u00eds tropical como o nosso, viver com ventiladores e ar condicionados ligados faz parte da rotina de muitas pessoas\u201d, diz.<\/p>\n<p>No entanto, a pr\u00e1tica, al\u00e9m de n\u00e3o fazer bem para a sa\u00fade, \u00e9 uma das inimigas do nosso bolso, segundo Jo\u00e3o. \u201cPrincipalmente em cidades onde a temperatura \u00e9 muito elevada, pode parecer improv\u00e1vel, mas \u00e9 poss\u00edvel viver sem esses eletrodom\u00e9sticos \u2013 e o isolamento t\u00e9rmico \u00e9 prova disso. As mantas isolantes da Ecofiber, por exemplo, podem ser utilizadas em diversas partes da casa, desde o teto at\u00e9 as paredes. Elas s\u00e3o respons\u00e1veis pela diminui\u00e7\u00e3o de gastos com energia el\u00e9trica e garantem a climatiza\u00e7\u00e3o do espa\u00e7o artificialmente, sem agredir o meio ambiente\u201d, destaca.<\/p>\n<p>Aplicadas na constru\u00e7\u00e3o, as mantas s\u00e3o produzidas de material reciclado, seguras na instala\u00e7\u00e3o e provocam um efeito duplo: al\u00e9m da equaliza\u00e7\u00e3o da temperatura, ainda atuam no conforto ac\u00fastico, reduzindo a intensidade do ru\u00eddo no espa\u00e7o interno de casas e apartamentos.<\/p>\n<p>Site:<strong><span style=\"color: #666699;\"><a style=\"color: #666699;\" href=\"http:\/\/www.ecofiber.ind.br\">\u00a0www.ecofiber.ind.br<\/a><\/span><\/strong><\/p>\n<p>Fonte: Imprensa\/Ecofiber<\/p>\n","protected":false},"excerpt":{"rendered":"<p>Dezembro, 2018 &#8211; Quem trabalha fora sabe: o melhor momento do dia \u00e9 aquele em que se chega em casa. Com a rotina turbulenta, o descanso \u00e9 mais do que necess\u00e1rio, \u00e9 uma quest\u00e3o de al\u00edvio. E para que as pr\u00e1ticas do dia seguinte se mantenham produtivas, se sentir bem \u00e9 essencial, principalmente na hora [&hellip;]<\/p>\n","protected":false},"author":1,"featured_media":10859,"comment_status":"open","ping_status":"open","sticky":false,"template":"","format":"standard","meta":{"_uag_custom_page_level_css":"","footnotes":""},"categories":[12591],"tags":[1458,14585,2826,13068,14584,7362,14587,14586,10114,10121,10124,10616,14583],"class_list":["post-10858","post","type-post","status-publish","format-standard","has-post-thumbnail","hentry","category-produtos","tag-blumenau-sc","tag-como-reduzir-o-impacto-do-calor-nas-edificacoes","tag-construcao-civil","tag-ecofiber","tag-edificacoes-sem-calor","tag-material-de-construcao","tag-produtos-moveleiros","tag-produtos-para-sua-obra","tag-regiao-norte","tag-regiao-sudeste","tag-regiao-sul","tag-santa-catarina","tag-sua-obra-legal"],"blocksy_meta":[],"spectra_blocks_featured_image_url":{"thumbnail":{"url":"https:\/\/construcaocivil.siriusmarketingedesign.com.br\/wp-content\/uploads\/2018\/12\/Ecofiber-180508-Produtos-150x150.jpg","width":150,"height":150},"medium":{"url":"https:\/\/construcaocivil.siriusmarketingedesign.com.br\/wp-content\/uploads\/2018\/12\/Ecofiber-180508-Produtos-300x169.jpg","width":300,"height":169},"medium_large":{"url":"https:\/\/construcaocivil.siriusmarketingedesign.com.br\/wp-content\/uploads\/2018\/12\/Ecofiber-180508-Produtos-768x432.jpg","width":768,"height":432},"large":{"url":"https:\/\/construcaocivil.siriusmarketingedesign.com.br\/wp-content\/uploads\/2018\/12\/Ecofiber-180508-Produtos-1024x576.jpg","width":1024,"height":576},"full":{"url":"https:\/\/construcaocivil.siriusmarketingedesign.com.br\/wp-content\/uploads\/2018\/12\/Ecofiber-180508-Produtos.jpg","width":1280,"height":720}},"spectra_blocks_author_info":{"display_name":"Jornal da Constru\u00e7\u00e3o Civil","avatar_url":"https:\/\/secure.gravatar.com\/avatar\/973c9774fd44ddaceb026973c4962faa70fc512bc4c9da68e8ebb40fecee6540?s=96&d=mm&r=g","author_link":"https:\/\/construcaocivil.siriusmarketingedesign.com.br\/?author=1","description":"Desde de 2013, levando muitas informa\u00e7\u00f5es, lan\u00e7amentos e produtos de qualidade para toda cadeia produtiva da constru\u00e7\u00e3o. O Futuro da constru\u00e7\u00e3o passa por aqui,"},"uagb_featured_image_src":{"full":["https:\/\/construcaocivil.siriusmarketingedesign.com.br\/wp-content\/uploads\/2018\/12\/Ecofiber-180508-Produtos.jpg",1280,720,false],"thumbnail":["https:\/\/construcaocivil.siriusmarketingedesign.com.br\/wp-content\/uploads\/2018\/12\/Ecofiber-180508-Produtos-150x150.jpg",150,150,true],"medium":["https:\/\/construcaocivil.siriusmarketingedesign.com.br\/wp-content\/uploads\/2018\/12\/Ecofiber-180508-Produtos-300x169.jpg",300,169,true],"medium_large":["https:\/\/construcaocivil.siriusmarketingedesign.com.br\/wp-content\/uploads\/2018\/12\/Ecofiber-180508-Produtos-768x432.jpg",768,432,true],"large":["https:\/\/construcaocivil.siriusmarketingedesign.com.br\/wp-content\/uploads\/2018\/12\/Ecofiber-180508-Produtos-1024x576.jpg",1024,576,true],"1536x1536":["https:\/\/construcaocivil.siriusmarketingedesign.com.br\/wp-content\/uploads\/2018\/12\/Ecofiber-180508-Produtos.jpg",1280,720,false],"2048x2048":["https:\/\/construcaocivil.siriusmarketingedesign.com.br\/wp-content\/uploads\/2018\/12\/Ecofiber-180508-Produtos.jpg",1280,720,false]},"uagb_author_info":{"display_name":"Jornal da Constru\u00e7\u00e3o Civil","author_link":"https:\/\/construcaocivil.siriusmarketingedesign.com.br\/?author=1"},"uagb_comment_info":0,"uagb_excerpt":"Dezembro, 2018 &#8211; Quem trabalha fora sabe: o melhor momento do dia \u00e9 aquele em que se chega em casa. Com a rotina turbulenta, o descanso \u00e9 mais do que necess\u00e1rio, \u00e9 uma quest\u00e3o de al\u00edvio. E para que as pr\u00e1ticas do dia seguinte se mantenham produtivas, se sentir bem \u00e9 essencial, principalmente na hora&hellip;","_links":{"self":[{"href":"https:\/\/construcaocivil.siriusmarketingedesign.com.br\/index.php?rest_route=\/wp\/v2\/posts\/10858","targetHints":{"allow":["GET"]}}],"collection":[{"href":"https:\/\/construcaocivil.siriusmarketingedesign.com.br\/index.php?rest_route=\/wp\/v2\/posts"}],"about":[{"href":"https:\/\/construcaocivil.siriusmarketingedesign.com.br\/index.php?rest_route=\/wp\/v2\/types\/post"}],"author":[{"embeddable":true,"href":"https:\/\/construcaocivil.siriusmarketingedesign.com.br\/index.php?rest_route=\/wp\/v2\/users\/1"}],"replies":[{"embeddable":true,"href":"https:\/\/construcaocivil.siriusmarketingedesign.com.br\/index.php?rest_route=%2Fwp%2Fv2%2Fcomments&post=10858"}],"version-history":[{"count":0,"href":"https:\/\/construcaocivil.siriusmarketingedesign.com.br\/index.php?rest_route=\/wp\/v2\/posts\/10858\/revisions"}],"wp:featuredmedia":[{"embeddable":true,"href":"https:\/\/construcaocivil.siriusmarketingedesign.com.br\/index.php?rest_route=\/wp\/v2\/media\/10859"}],"wp:attachment":[{"href":"https:\/\/construcaocivil.siriusmarketingedesign.com.br\/index.php?rest_route=%2Fwp%2Fv2%2Fmedia&parent=10858"}],"wp:term":[{"taxonomy":"category","embeddable":true,"href":"https:\/\/construcaocivil.siriusmarketingedesign.com.br\/index.php?rest_route=%2Fwp%2Fv2%2Fcategories&post=10858"},{"taxonomy":"post_tag","embeddable":true,"href":"https:\/\/construcaocivil.siriusmarketingedesign.com.br\/index.php?rest_route=%2Fwp%2Fv2%2Ftags&post=10858"}],"curies":[{"name":"wp","href":"https:\/\/api.w.org\/{rel}","templated":true}]}}