{"id":10867,"date":"2019-01-05T20:36:47","date_gmt":"2019-01-05T22:36:47","guid":{"rendered":"https:\/\/www.jornaldaconstrucaocivil.com.br\/?p=10867"},"modified":"2019-01-05T20:36:47","modified_gmt":"2019-01-05T22:36:47","slug":"varejo-de-material-de-construcao-encerra-2018-com-crescimento-de-65-sobre-2017","status":"publish","type":"post","link":"https:\/\/construcaocivil.siriusmarketingedesign.com.br\/?p=10867","title":{"rendered":"Varejo de material de constru\u00e7\u00e3o encerra 2018 com crescimento de 6,5% sobre 2017"},"content":{"rendered":"<p style=\"text-align: justify;\"><span style=\"color: #ff0000;\">Janeiro, 2019<\/span> &#8211; O varejo de material de constru\u00e7\u00e3o encerrou o ano de 2018 com crescimento de 6,5% sobre o ano passado \u2013 e um faturamento recorde de R$ 122 milh\u00f5es. O desempenho de vendas no m\u00eas de dezembro foi melhor do que o esperado pela Anamaco (Associa\u00e7\u00e3o Nacional dos Comerciantes de Material de Constru\u00e7\u00e3o), j\u00e1 que f\u00e9rias escolares, chuvas e as festas de fim de ano n\u00e3o combinam com reforma.<\/p>\n<p style=\"text-align: justify;\">Segundo a Pesquisa Tracking mensal da entidade, as vendas cresceram 2% no \u00faltimo m\u00eas do ano,\u00a0 na compara\u00e7\u00e3o com novembro, e ficaram 5% acima do \u00edndice registrado no mesmo per\u00edodo de 2017.<\/p>\n<p style=\"text-align: justify;\">O estudo entrevistou 530 lojistas entre os dias 18 a 21 de dezembro e revelou que quase todas as regi\u00f5es do Pa\u00eds apresentaram crescimento, com destaque para o Nordeste (12%), Sudeste (4%) e Centro-Oeste (3%). As vendas ficaram est\u00e1veis na regi\u00e3o Sul, e apresentaram queda de 9% no Norte.<\/p>\n<p style=\"text-align: justify;\">Entre as categorias pesquisadas, tintas cresceram 17% no per\u00edodo, revestimentos cer\u00e2micos ficaram est\u00e1veis e telhas de fibrocimento retra\u00edram 5%.<\/p>\n<p style=\"text-align: justify;\">Para o presidente da Anamaco, Cl\u00e1udio Conz, o bom desempenho ocorreu principalmente na primeira quinzena de dezembro e se deve ao fato de, tradicionalmente, as pessoas buscarem arrumar a casa para as festas de fim de ano. &#8220;Com a melhora da confian\u00e7a do consumidor, por conta das elei\u00e7\u00f5es presidenciais e da retomada do otimismo na economia, o cliente se sentiu \u00e0 vontade para fazer pequenas obras ou pintar sua casa para receber a fam\u00edlia e comemorar o Natal. Tamb\u00e9m \u00e9 preciso lembrar que, por conta do per\u00edodo de chuvas, algumas reformas foram para evitar infiltra\u00e7\u00f5es ou problemas maiores decorrentes do clima&#8221;, declara.<\/p>\n<p style=\"text-align: justify;\">O levantamento da Anamaco apontou que 38% dos entrevistados esperam um desempenho ainda melhor em janeiro \u2013 m\u00eas que costuma ter um volume de vendas baixo. &#8220;Eu sempre digo que o ano s\u00f3 come\u00e7a para o setor depois do Carnaval. Janeiro \u00e9 um m\u00eas de f\u00e9rias escolares, de viagens&#8230; Quem n\u00e3o viaja est\u00e1 com crian\u00e7a em casa, e crian\u00e7a n\u00e3o combina com reforma. Fora isso, mal come\u00e7a o ano e j\u00e1 chegam os carn\u00eas de IPTU, IPVA, matr\u00edcula escolar&#8230;e como reforma demanda planejamento, sempre acaba ficando pra depois de fevereiro&#8221;, completa Conz.<\/p>\n<p style=\"text-align: justify;\">Metade dos lojistas entrevistados pretendem realizar investimentos nos pr\u00f3ximos 12 meses, e pelo menos 19% das lojas querem contratar novos funcion\u00e1rios em janeiro \u2013 patamar maior que dezembro em todas as regi\u00f5es.<\/p>\n<p style=\"text-align: justify;\">A Pesquisa Tracking Mensal da Anamaco tamb\u00e9m revelou que o otimismo do setor com rela\u00e7\u00e3o ao governo subiu para 87% &#8211; maior \u00edndice registrado no ano.<\/p>\n<p style=\"text-align: justify;\">Para 2019, a entidade prev\u00ea crescimento de 8,5% sobre 2018. &#8220;Temos buscado o di\u00e1logo com o novo governo, que j\u00e1 sinalizou prioridade \u00e0 Sa\u00fade, Seguran\u00e7a P\u00fablica e Educa\u00e7\u00e3o. Essas \u00e1reas influenciam diretamente o nosso setor, com a constru\u00e7\u00e3o de escolas, hospitais, novos pres\u00eddios. Al\u00e9m disso, o n\u00famero de casamentos, de nascimentos e de div\u00f3rcios impacta diretamente o setor de reformas, pois quem casa quer casa, quem tem filho precisa adequar a casa e quem separa tamb\u00e9m precisa de casa para morar. O consumidor est\u00e1 mais confiante e os n\u00fameros mostram que h\u00e1 uma retomada de obras&#8221;, finaliza Conz.<\/p>\n<p>Realizada pelo Instituto de Pesquisas da Anamaco, a Pesquisa Tracking Anamaco tem o apoio da Anfacer, Abrafati e Instituto Crisotila Brasil.<\/p>\n<p>Fonte: Imprensa\/Anamaco<\/p>\n","protected":false},"excerpt":{"rendered":"<p>Para 2019, Anamaco espera que o setor cres\u00e7a 8,5% sobre 2018<\/p>\n","protected":false},"author":1,"featured_media":10868,"comment_status":"open","ping_status":"open","sticky":false,"template":"","format":"standard","meta":{"_uag_custom_page_level_css":"","footnotes":""},"categories":[33],"tags":[338,705,726,14597,7010,10109,13170,10327,10679,14595,11652,14596,12292],"class_list":["post-10867","post","type-post","status-publish","format-standard","has-post-thumbnail","hentry","category-mercado","tag-abrafati","tag-anamaco","tag-anfacer","tag-festas-de-natal-reformas-e-pintura","tag-lojas-de-todo-o-brasil","tag-regiao-nordeste","tag-revestimento-e-acabamento","tag-revestimentos-ceramicos","tag-sao-paulo-sp","tag-sudeste-vendas-de-material-de-construcao","tag-telhas-de-fibrocimento","tag-vendas-de-cimento","tag-vendas-de-material-de-construcao"],"blocksy_meta":[],"spectra_blocks_featured_image_url":{"thumbnail":{"url":"https:\/\/construcaocivil.siriusmarketingedesign.com.br\/wp-content\/uploads\/2019\/01\/AMOEDO-150x150.jpg","width":150,"height":150},"medium":{"url":"https:\/\/construcaocivil.siriusmarketingedesign.com.br\/wp-content\/uploads\/2019\/01\/AMOEDO-300x241.jpg","width":300,"height":241},"medium_large":{"url":"https:\/\/construcaocivil.siriusmarketingedesign.com.br\/wp-content\/uploads\/2019\/01\/AMOEDO-768x617.jpg","width":768,"height":617},"large":{"url":"https:\/\/construcaocivil.siriusmarketingedesign.com.br\/wp-content\/uploads\/2019\/01\/AMOEDO.jpg","width":831,"height":668},"full":{"url":"https:\/\/construcaocivil.siriusmarketingedesign.com.br\/wp-content\/uploads\/2019\/01\/AMOEDO.jpg","width":831,"height":668}},"spectra_blocks_author_info":{"display_name":"Jornal da Constru\u00e7\u00e3o Civil","avatar_url":"https:\/\/secure.gravatar.com\/avatar\/973c9774fd44ddaceb026973c4962faa70fc512bc4c9da68e8ebb40fecee6540?s=96&d=mm&r=g","author_link":"https:\/\/construcaocivil.siriusmarketingedesign.com.br\/?author=1","description":"Desde de 2013, levando muitas informa\u00e7\u00f5es, lan\u00e7amentos e produtos de qualidade para toda cadeia produtiva da constru\u00e7\u00e3o. O Futuro da constru\u00e7\u00e3o passa por aqui,"},"uagb_featured_image_src":{"full":["https:\/\/construcaocivil.siriusmarketingedesign.com.br\/wp-content\/uploads\/2019\/01\/AMOEDO.jpg",831,668,false],"thumbnail":["https:\/\/construcaocivil.siriusmarketingedesign.com.br\/wp-content\/uploads\/2019\/01\/AMOEDO-150x150.jpg",150,150,true],"medium":["https:\/\/construcaocivil.siriusmarketingedesign.com.br\/wp-content\/uploads\/2019\/01\/AMOEDO-300x241.jpg",300,241,true],"medium_large":["https:\/\/construcaocivil.siriusmarketingedesign.com.br\/wp-content\/uploads\/2019\/01\/AMOEDO-768x617.jpg",768,617,true],"large":["https:\/\/construcaocivil.siriusmarketingedesign.com.br\/wp-content\/uploads\/2019\/01\/AMOEDO.jpg",831,668,false],"1536x1536":["https:\/\/construcaocivil.siriusmarketingedesign.com.br\/wp-content\/uploads\/2019\/01\/AMOEDO.jpg",831,668,false],"2048x2048":["https:\/\/construcaocivil.siriusmarketingedesign.com.br\/wp-content\/uploads\/2019\/01\/AMOEDO.jpg",831,668,false]},"uagb_author_info":{"display_name":"Jornal da Constru\u00e7\u00e3o Civil","author_link":"https:\/\/construcaocivil.siriusmarketingedesign.com.br\/?author=1"},"uagb_comment_info":0,"uagb_excerpt":"Para 2019, Anamaco espera que o setor cres\u00e7a 8,5% sobre 2018","_links":{"self":[{"href":"https:\/\/construcaocivil.siriusmarketingedesign.com.br\/index.php?rest_route=\/wp\/v2\/posts\/10867","targetHints":{"allow":["GET"]}}],"collection":[{"href":"https:\/\/construcaocivil.siriusmarketingedesign.com.br\/index.php?rest_route=\/wp\/v2\/posts"}],"about":[{"href":"https:\/\/construcaocivil.siriusmarketingedesign.com.br\/index.php?rest_route=\/wp\/v2\/types\/post"}],"author":[{"embeddable":true,"href":"https:\/\/construcaocivil.siriusmarketingedesign.com.br\/index.php?rest_route=\/wp\/v2\/users\/1"}],"replies":[{"embeddable":true,"href":"https:\/\/construcaocivil.siriusmarketingedesign.com.br\/index.php?rest_route=%2Fwp%2Fv2%2Fcomments&post=10867"}],"version-history":[{"count":0,"href":"https:\/\/construcaocivil.siriusmarketingedesign.com.br\/index.php?rest_route=\/wp\/v2\/posts\/10867\/revisions"}],"wp:featuredmedia":[{"embeddable":true,"href":"https:\/\/construcaocivil.siriusmarketingedesign.com.br\/index.php?rest_route=\/wp\/v2\/media\/10868"}],"wp:attachment":[{"href":"https:\/\/construcaocivil.siriusmarketingedesign.com.br\/index.php?rest_route=%2Fwp%2Fv2%2Fmedia&parent=10867"}],"wp:term":[{"taxonomy":"category","embeddable":true,"href":"https:\/\/construcaocivil.siriusmarketingedesign.com.br\/index.php?rest_route=%2Fwp%2Fv2%2Fcategories&post=10867"},{"taxonomy":"post_tag","embeddable":true,"href":"https:\/\/construcaocivil.siriusmarketingedesign.com.br\/index.php?rest_route=%2Fwp%2Fv2%2Ftags&post=10867"}],"curies":[{"name":"wp","href":"https:\/\/api.w.org\/{rel}","templated":true}]}}