{"id":10870,"date":"2019-01-09T10:28:38","date_gmt":"2019-01-09T12:28:38","guid":{"rendered":"https:\/\/www.jornaldaconstrucaocivil.com.br\/?p=10870"},"modified":"2019-01-10T11:37:36","modified_gmt":"2019-01-10T13:37:36","slug":"tragedia-ambiental-1500-acordos-firmados-entre-samarco-e-pescadores-vitimas-da-tragedia-de-mariana-sao-modificados-durante-recesso-judicial-de-fim-de-ano","status":"publish","type":"post","link":"https:\/\/construcaocivil.siriusmarketingedesign.com.br\/?p=10870","title":{"rendered":"Tragedia ambiental: 1500 acordos firmados entre Samarco e pescadores v\u00edtimas da trag\u00e9dia de Mariana s\u00e3o modificados durante recesso judicial de fim de ano"},"content":{"rendered":"<p style=\"font-weight: 400; text-align: justify;\"><span style=\"color: #993300;\">Janeiro, 2019<\/span> &#8211; Tr\u00eas anos ap\u00f3s a trag\u00e9dia de Mariana, o descaso em rela\u00e7\u00e3o \u00e0s indeniza\u00e7\u00f5es das v\u00edtimas parece n\u00e3o ter fim. Cerca de 1500 acordos entre a Renova e os pescadores foram modificados por decis\u00e3o judicial da 12\u00aa Vara Federal de Minas Gerais, durante o recesso judicial de fim de ano (27\/12), e sem que nenhum dos pescadores interessados fosse ouvido. Isso porque depois de formalizar e assinar os acordos desde janeiro de 2018, a Samarco vinha pedindo \u00e0 justi\u00e7a a modifica\u00e7\u00e3o do que havia se comprometido a pagar aos pescadores.<\/p>\n<p style=\"font-weight: 400; text-align: justify;\">Uma dessas compensa\u00e7\u00f5es se referia ao aux\u00edlio financeiro \u2013 esp\u00e9cie de pagamento mensal a cada fam\u00edlia pela perda em suas atividades econ\u00f4micas \u2013 que agora vai ser descontado das indeniza\u00e7\u00f5es, contrariando o que fora acordado. \u201cCom essa mudan\u00e7a, n\u00e3o somente os 1500 acordos j\u00e1 realizados devem ser afetados, mas todos os outros quase 7500 que aguardam na fila, levando o caso a se arrastar por mais longos anos na justi\u00e7a\u201d, ressaltou Leonardo Amarante, advogado representante das Col\u00f4nias e da Federa\u00e7\u00e3o que re\u00fanem cerca de 9 mil pescadores afetados no Esp\u00edrito Santo e em Minas Gerais. \u201cObviamente vamos recorrer dessa decis\u00e3o\u201d, complementou o representante.<\/p>\n<p style=\"font-weight: 400; text-align: justify;\">A trag\u00e9dia de Mariana completou tr\u00eas anos em novembro de 2018 e deixou 19 mortos, cidades inteiras destru\u00eddas e perda de biodiversidade sem precedentes.<\/p>\n<p>Fonte:Imprensa\/ Leonardo Amarante Advogados Associados<\/p>\n","protected":false},"excerpt":{"rendered":"<p>Janeiro, 2019 &#8211; Tr\u00eas anos ap\u00f3s a trag\u00e9dia de Mariana, o descaso em rela\u00e7\u00e3o \u00e0s indeniza\u00e7\u00f5es das v\u00edtimas parece n\u00e3o ter fim. Cerca de 1500 acordos entre a Renova e os pescadores foram modificados por decis\u00e3o judicial da 12\u00aa Vara Federal de Minas Gerais, durante o recesso judicial de fim de ano (27\/12), e sem [&hellip;]<\/p>\n","protected":false},"author":1,"featured_media":10871,"comment_status":"open","ping_status":"open","sticky":false,"template":"","format":"standard","meta":{"_uag_custom_page_level_css":"","footnotes":""},"categories":[37],"tags":[14598,14600,14599,14601,14605,4543,14602,14011,7438,7672,14603,14604,10587],"class_list":["post-10870","post","type-post","status-publish","format-standard","has-post-thumbnail","hentry","category-sustentabilidade","tag-12a-vara-federal-de-minas-gerais","tag-1500-pescadores","tag-auxilio-financeiro","tag-damilias-atingidas-pela-barragem-da-samarco","tag-desastre-de-mariana-9-mil-pescadores-afetados","tag-espirito-santo","tag-justica-lenta-no-caso-da-samarco","tag-mariana-mg","tag-meio-ambiente","tag-minas-gerais","tag-prejuizos-economicos-para-milhares-de-familias","tag-problemas-de-saude","tag-samarco"],"blocksy_meta":[],"spectra_blocks_featured_image_url":{"thumbnail":{"url":"https:\/\/construcaocivil.siriusmarketingedesign.com.br\/wp-content\/uploads\/2019\/01\/AA-DesastredeMariana-150x150.jpg","width":150,"height":150},"medium":{"url":"https:\/\/construcaocivil.siriusmarketingedesign.com.br\/wp-content\/uploads\/2019\/01\/AA-DesastredeMariana-300x200.jpg","width":300,"height":200},"medium_large":{"url":"https:\/\/construcaocivil.siriusmarketingedesign.com.br\/wp-content\/uploads\/2019\/01\/AA-DesastredeMariana-768x512.jpg","width":768,"height":512},"large":{"url":"https:\/\/construcaocivil.siriusmarketingedesign.com.br\/wp-content\/uploads\/2019\/01\/AA-DesastredeMariana-1024x683.jpg","width":1024,"height":683},"full":{"url":"https:\/\/construcaocivil.siriusmarketingedesign.com.br\/wp-content\/uploads\/2019\/01\/AA-DesastredeMariana.jpg","width":1080,"height":720}},"spectra_blocks_author_info":{"display_name":"Jornal da Constru\u00e7\u00e3o Civil","avatar_url":"https:\/\/secure.gravatar.com\/avatar\/973c9774fd44ddaceb026973c4962faa70fc512bc4c9da68e8ebb40fecee6540?s=96&d=mm&r=g","author_link":"https:\/\/construcaocivil.siriusmarketingedesign.com.br\/?author=1","description":"Desde de 2013, levando muitas informa\u00e7\u00f5es, lan\u00e7amentos e produtos de qualidade para toda cadeia produtiva da constru\u00e7\u00e3o. O Futuro da constru\u00e7\u00e3o passa por aqui,"},"uagb_featured_image_src":{"full":["https:\/\/construcaocivil.siriusmarketingedesign.com.br\/wp-content\/uploads\/2019\/01\/AA-DesastredeMariana.jpg",1080,720,false],"thumbnail":["https:\/\/construcaocivil.siriusmarketingedesign.com.br\/wp-content\/uploads\/2019\/01\/AA-DesastredeMariana-150x150.jpg",150,150,true],"medium":["https:\/\/construcaocivil.siriusmarketingedesign.com.br\/wp-content\/uploads\/2019\/01\/AA-DesastredeMariana-300x200.jpg",300,200,true],"medium_large":["https:\/\/construcaocivil.siriusmarketingedesign.com.br\/wp-content\/uploads\/2019\/01\/AA-DesastredeMariana-768x512.jpg",768,512,true],"large":["https:\/\/construcaocivil.siriusmarketingedesign.com.br\/wp-content\/uploads\/2019\/01\/AA-DesastredeMariana-1024x683.jpg",1024,683,true],"1536x1536":["https:\/\/construcaocivil.siriusmarketingedesign.com.br\/wp-content\/uploads\/2019\/01\/AA-DesastredeMariana.jpg",1080,720,false],"2048x2048":["https:\/\/construcaocivil.siriusmarketingedesign.com.br\/wp-content\/uploads\/2019\/01\/AA-DesastredeMariana.jpg",1080,720,false]},"uagb_author_info":{"display_name":"Jornal da Constru\u00e7\u00e3o Civil","author_link":"https:\/\/construcaocivil.siriusmarketingedesign.com.br\/?author=1"},"uagb_comment_info":0,"uagb_excerpt":"Janeiro, 2019 &#8211; Tr\u00eas anos ap\u00f3s a trag\u00e9dia de Mariana, o descaso em rela\u00e7\u00e3o \u00e0s indeniza\u00e7\u00f5es das v\u00edtimas parece n\u00e3o ter fim. Cerca de 1500 acordos entre a Renova e os pescadores foram modificados por decis\u00e3o judicial da 12\u00aa Vara Federal de Minas Gerais, durante o recesso judicial de fim de ano (27\/12), e sem&hellip;","_links":{"self":[{"href":"https:\/\/construcaocivil.siriusmarketingedesign.com.br\/index.php?rest_route=\/wp\/v2\/posts\/10870","targetHints":{"allow":["GET"]}}],"collection":[{"href":"https:\/\/construcaocivil.siriusmarketingedesign.com.br\/index.php?rest_route=\/wp\/v2\/posts"}],"about":[{"href":"https:\/\/construcaocivil.siriusmarketingedesign.com.br\/index.php?rest_route=\/wp\/v2\/types\/post"}],"author":[{"embeddable":true,"href":"https:\/\/construcaocivil.siriusmarketingedesign.com.br\/index.php?rest_route=\/wp\/v2\/users\/1"}],"replies":[{"embeddable":true,"href":"https:\/\/construcaocivil.siriusmarketingedesign.com.br\/index.php?rest_route=%2Fwp%2Fv2%2Fcomments&post=10870"}],"version-history":[{"count":0,"href":"https:\/\/construcaocivil.siriusmarketingedesign.com.br\/index.php?rest_route=\/wp\/v2\/posts\/10870\/revisions"}],"wp:featuredmedia":[{"embeddable":true,"href":"https:\/\/construcaocivil.siriusmarketingedesign.com.br\/index.php?rest_route=\/wp\/v2\/media\/10871"}],"wp:attachment":[{"href":"https:\/\/construcaocivil.siriusmarketingedesign.com.br\/index.php?rest_route=%2Fwp%2Fv2%2Fmedia&parent=10870"}],"wp:term":[{"taxonomy":"category","embeddable":true,"href":"https:\/\/construcaocivil.siriusmarketingedesign.com.br\/index.php?rest_route=%2Fwp%2Fv2%2Fcategories&post=10870"},{"taxonomy":"post_tag","embeddable":true,"href":"https:\/\/construcaocivil.siriusmarketingedesign.com.br\/index.php?rest_route=%2Fwp%2Fv2%2Ftags&post=10870"}],"curies":[{"name":"wp","href":"https:\/\/api.w.org\/{rel}","templated":true}]}}