{"id":10873,"date":"2019-01-09T10:44:24","date_gmt":"2019-01-09T12:44:24","guid":{"rendered":"https:\/\/www.jornaldaconstrucaocivil.com.br\/?p=10873"},"modified":"2019-01-09T10:44:24","modified_gmt":"2019-01-09T12:44:24","slug":"geracao-z-eleva-atencao-do-mercado-imobiliario","status":"publish","type":"post","link":"https:\/\/construcaocivil.siriusmarketingedesign.com.br\/?p=10873","title":{"rendered":"Gera\u00e7\u00e3o Z eleva aten\u00e7\u00e3o do mercado imobili\u00e1rio"},"content":{"rendered":"<p style=\"text-align: justify;\"><span style=\"color: #993300;\">Janeiro, 2019<\/span> &#8211; Abreviada como Gen Z, tamb\u00e9m conhecida como <span style=\"color: #000080;\">iGeneration<\/span> ou <span style=\"color: #000080;\">Centennials<\/span>, a gera\u00e7\u00e3o Z re\u00fane a parcela da popula\u00e7\u00e3o nascida entre os anos 1990 e 2010. Com o perfil comportamental diferente de seus antecessores, esses jovens s\u00e3o tolerantes, aceitam amplamente a diversidade e a igualdade de g\u00eanero, poupam dinheiro e mudam as rela\u00e7\u00f5es pessoais, al\u00e9m da forma de viver e de atuar no mercado de trabalho.<\/p>\n<p style=\"text-align: justify;\">A nova gera\u00e7\u00e3o preza pelo bem-estar, seja no modo de vida ou na moradia, o que elevou a preocupa\u00e7\u00e3o do mercado imobili\u00e1rio em entender os anseios e vontades de consumo destes jovens. Por conta disso, as incorporadoras e construtoras iniciaram um processo \u00e1rduo de estudo sobre esse comportamento, visando criar planos de a\u00e7\u00f5es que sejam efetivos para estimular positivamente o poder de compra da Gen Z.<\/p>\n<p style=\"text-align: justify;\">De olho nesta tend\u00eancia, a EZTEC lan\u00e7ou recentemente o empreendimento Fit Casa Br\u00e1s, localizado no centro de S\u00e3o Paulo. Trata-se de um residencial que atende aos anseios do novo consumidor, que valoriza mobilidade, comodidade e bem-estar, com unidades compactas e funcionais. Al\u00e9m disso, o lan\u00e7amento possui estrutura com mais de 25 itens de lazer, o que fortalece as rela\u00e7\u00f5es pessoais entre os moradores.<\/p>\n<p style=\"text-align: justify;\">O relacionamento, inclusive, \u00e9 muito valorizado por esse p\u00fablico, que busca a troca de experi\u00eancias. Os momentos vividos pela Gen Z s\u00e3o frequentemente compartilhados nas redes sociais, como uma forma de mostrar a intensidade de cada passo dado, sozinho ou na companhia de amigos. Pr\u00e1tica comum que, para a gera\u00e7\u00e3o anterior, \u00e9 inexistente ou pouco relevante.<\/p>\n<p style=\"text-align: justify;\">Diversidade \u00e9 sin\u00f4nimo de inclus\u00e3o para estes jovens, uma caracter\u00edstica que se faz presente em algumas tarefas do cotidiano, como trabalhar ou estudar, por exemplo. E ouvi-los ser\u00e1 fundamental para as empresas conhecerem o perfil comportamental e de consumo do novo comprador. As companhias que se unem ao movimento cont\u00ednuo de gera\u00e7\u00f5es, assim como a EZTEC, garantem longevidade, atendendo \u00e0s necessidades do p\u00fablico de maneira efetiva.<\/p>\n<p>Visite o site em\u00a0<a href=\"http:\/\/www.eztec.com.br\"><span style=\"color: #0000ff;\">www.eztec.com.br<\/span><\/a><\/p>\n<p>&nbsp;<\/p>\n","protected":false},"excerpt":{"rendered":"<p>Janeiro, 2019 &#8211; Abreviada como Gen Z, tamb\u00e9m conhecida como iGeneration ou Centennials, a gera\u00e7\u00e3o Z re\u00fane a parcela da popula\u00e7\u00e3o nascida entre os anos 1990 e 2010. Com o perfil comportamental diferente de seus antecessores, esses jovens s\u00e3o tolerantes, aceitam amplamente a diversidade e a igualdade de g\u00eanero, poupam dinheiro e mudam as rela\u00e7\u00f5es [&hellip;]<\/p>\n","protected":false},"author":1,"featured_media":10874,"comment_status":"open","ping_status":"open","sticky":false,"template":"","format":"standard","meta":{"_uag_custom_page_level_css":"","footnotes":""},"categories":[30],"tags":[14613,14608,14611,14609,14615,14616,14606,14610,5921,7563,14612,14607,14614],"class_list":["post-10873","post","type-post","status-publish","format-standard","has-post-thumbnail","hentry","category-imoveis","tag-apartamentos-modernos","tag-bras-sp","tag-centennials","tag-empreendimento-imobiliarios","tag-eztec","tag-fit-casa-bras","tag-geracao-z-mais-diversidade-e-igualdade-de-genero","tag-igeneration","tag-imoveis","tag-mercado-imobiliario","tag-novos-consumidores-de-imoveis","tag-precos-de-apartamentos-e-casas","tag-sao-paulo-e-regiao"],"blocksy_meta":[],"spectra_blocks_featured_image_url":{"thumbnail":{"url":"https:\/\/construcaocivil.siriusmarketingedesign.com.br\/wp-content\/uploads\/2019\/01\/A-EZTEC-magem_release_1560748-150x150.jpg","width":150,"height":150},"medium":{"url":"https:\/\/construcaocivil.siriusmarketingedesign.com.br\/wp-content\/uploads\/2019\/01\/A-EZTEC-magem_release_1560748-240x300.jpg","width":240,"height":300},"medium_large":{"url":"https:\/\/construcaocivil.siriusmarketingedesign.com.br\/wp-content\/uploads\/2019\/01\/A-EZTEC-magem_release_1560748-768x960.jpg","width":768,"height":960},"large":{"url":"https:\/\/construcaocivil.siriusmarketingedesign.com.br\/wp-content\/uploads\/2019\/01\/A-EZTEC-magem_release_1560748.jpg","width":768,"height":960},"full":{"url":"https:\/\/construcaocivil.siriusmarketingedesign.com.br\/wp-content\/uploads\/2019\/01\/A-EZTEC-magem_release_1560748.jpg","width":768,"height":960}},"spectra_blocks_author_info":{"display_name":"Jornal da Constru\u00e7\u00e3o Civil","avatar_url":"https:\/\/secure.gravatar.com\/avatar\/973c9774fd44ddaceb026973c4962faa70fc512bc4c9da68e8ebb40fecee6540?s=96&d=mm&r=g","author_link":"https:\/\/construcaocivil.siriusmarketingedesign.com.br\/?author=1","description":"Desde de 2013, levando muitas informa\u00e7\u00f5es, lan\u00e7amentos e produtos de qualidade para toda cadeia produtiva da constru\u00e7\u00e3o. O Futuro da constru\u00e7\u00e3o passa por aqui,"},"uagb_featured_image_src":{"full":["https:\/\/construcaocivil.siriusmarketingedesign.com.br\/wp-content\/uploads\/2019\/01\/A-EZTEC-magem_release_1560748.jpg",768,960,false],"thumbnail":["https:\/\/construcaocivil.siriusmarketingedesign.com.br\/wp-content\/uploads\/2019\/01\/A-EZTEC-magem_release_1560748-150x150.jpg",150,150,true],"medium":["https:\/\/construcaocivil.siriusmarketingedesign.com.br\/wp-content\/uploads\/2019\/01\/A-EZTEC-magem_release_1560748-240x300.jpg",240,300,true],"medium_large":["https:\/\/construcaocivil.siriusmarketingedesign.com.br\/wp-content\/uploads\/2019\/01\/A-EZTEC-magem_release_1560748-768x960.jpg",768,960,true],"large":["https:\/\/construcaocivil.siriusmarketingedesign.com.br\/wp-content\/uploads\/2019\/01\/A-EZTEC-magem_release_1560748.jpg",768,960,false],"1536x1536":["https:\/\/construcaocivil.siriusmarketingedesign.com.br\/wp-content\/uploads\/2019\/01\/A-EZTEC-magem_release_1560748.jpg",768,960,false],"2048x2048":["https:\/\/construcaocivil.siriusmarketingedesign.com.br\/wp-content\/uploads\/2019\/01\/A-EZTEC-magem_release_1560748.jpg",768,960,false]},"uagb_author_info":{"display_name":"Jornal da Constru\u00e7\u00e3o Civil","author_link":"https:\/\/construcaocivil.siriusmarketingedesign.com.br\/?author=1"},"uagb_comment_info":0,"uagb_excerpt":"Janeiro, 2019 &#8211; Abreviada como Gen Z, tamb\u00e9m conhecida como iGeneration ou Centennials, a gera\u00e7\u00e3o Z re\u00fane a parcela da popula\u00e7\u00e3o nascida entre os anos 1990 e 2010. Com o perfil comportamental diferente de seus antecessores, esses jovens s\u00e3o tolerantes, aceitam amplamente a diversidade e a igualdade de g\u00eanero, poupam dinheiro e mudam as rela\u00e7\u00f5es&hellip;","_links":{"self":[{"href":"https:\/\/construcaocivil.siriusmarketingedesign.com.br\/index.php?rest_route=\/wp\/v2\/posts\/10873","targetHints":{"allow":["GET"]}}],"collection":[{"href":"https:\/\/construcaocivil.siriusmarketingedesign.com.br\/index.php?rest_route=\/wp\/v2\/posts"}],"about":[{"href":"https:\/\/construcaocivil.siriusmarketingedesign.com.br\/index.php?rest_route=\/wp\/v2\/types\/post"}],"author":[{"embeddable":true,"href":"https:\/\/construcaocivil.siriusmarketingedesign.com.br\/index.php?rest_route=\/wp\/v2\/users\/1"}],"replies":[{"embeddable":true,"href":"https:\/\/construcaocivil.siriusmarketingedesign.com.br\/index.php?rest_route=%2Fwp%2Fv2%2Fcomments&post=10873"}],"version-history":[{"count":0,"href":"https:\/\/construcaocivil.siriusmarketingedesign.com.br\/index.php?rest_route=\/wp\/v2\/posts\/10873\/revisions"}],"wp:featuredmedia":[{"embeddable":true,"href":"https:\/\/construcaocivil.siriusmarketingedesign.com.br\/index.php?rest_route=\/wp\/v2\/media\/10874"}],"wp:attachment":[{"href":"https:\/\/construcaocivil.siriusmarketingedesign.com.br\/index.php?rest_route=%2Fwp%2Fv2%2Fmedia&parent=10873"}],"wp:term":[{"taxonomy":"category","embeddable":true,"href":"https:\/\/construcaocivil.siriusmarketingedesign.com.br\/index.php?rest_route=%2Fwp%2Fv2%2Fcategories&post=10873"},{"taxonomy":"post_tag","embeddable":true,"href":"https:\/\/construcaocivil.siriusmarketingedesign.com.br\/index.php?rest_route=%2Fwp%2Fv2%2Ftags&post=10873"}],"curies":[{"name":"wp","href":"https:\/\/api.w.org\/{rel}","templated":true}]}}