{"id":10880,"date":"2019-01-09T11:21:10","date_gmt":"2019-01-09T13:21:10","guid":{"rendered":"https:\/\/www.jornaldaconstrucaocivil.com.br\/?p=10880"},"modified":"2019-01-09T11:21:10","modified_gmt":"2019-01-09T13:21:10","slug":"seconci-rj-promove-curso-sobre-trabalho-em-altura-2","status":"publish","type":"post","link":"https:\/\/construcaocivil.siriusmarketingedesign.com.br\/?p=10880","title":{"rendered":"Seconci-RJ promove curso sobre trabalho em altura"},"content":{"rendered":"<p style=\"text-align: justify;\"><span style=\"color: #993300;\">Janeiro, 2019<\/span> &#8211; Parece \u00f3bvio que o fato de que trabalhar em altura envolve riscos, responsabilidades, compromissos e obriga\u00e7\u00f5es para a empresa, empregadores e para o pr\u00f3prio oper\u00e1rio. No entanto nem sempre todos os envolvidos t\u00eam conhecimentos suficientes para executar essa fun\u00e7\u00e3o em seguran\u00e7a. Por isso, o ano j\u00e1 come\u00e7a com um curso sobre\u00a0<b><i>&#8220;Trabalho em Altura (NR 35)&#8221;,<\/i><\/b>\u00a0oferecido pelo\u00a0<b>Seconci<\/b>\u00a0\u00e0queles\u00a0que realizam qualquer atividade acima de dois metros do n\u00edvel inferior, estudantes da \u00e1rea da constru\u00e7\u00e3o civil e\u00a0demais profissionais do setor que estejam buscando aperfei\u00e7oamento.<\/p>\n<p style=\"text-align: justify;\">Com\u00a0\u00a0<b>carga hor\u00e1ria de 8h, realizada em apenas um dia\u00a0<\/b>(das 8h \u00e0s 17h), o curso ser\u00e1 ministrado nos dias 15, 17, 22, 24, 29 e 31 no CPCC &#8211;<b>Centro Profissional da Constru\u00e7\u00e3o Civil<\/b>\u00a0(Estrada dos Bandeirantes, 2.443 \u2013 Curicica, pr\u00f3ximo \u00e0 Esta\u00e7\u00e3o Bandolim do BRT)<strong>\u00a0e engloba aulas te\u00f3ricas e pr\u00e1ticas, utilizando inclusive\u00a0<\/strong>uma das poucas torres dispon\u00edveis na cidade para treinamento em altura. O conte\u00fado program\u00e1tico abrange disciplinas como &#8220;Normas e regulamentos aplic\u00e1veis ao trabalho em altura&#8221;; &#8220;An\u00e1lise de Risco e condi\u00e7\u00f5es impeditivas&#8221;; &#8220;Sistemas, equipamentos e procedimentos de prote\u00e7\u00e3o coletiva&#8221;; &#8220;Condutas em situa\u00e7\u00f5es de emerg\u00eancia, incluindo no\u00e7\u00f5es de t\u00e9cnicas de resgate e de primeiros socorros&#8221;, &#8220;Acidentes T\u00edpicos em Trabalhos em Altura&#8221; entre outras.<\/p>\n<p style=\"text-align: justify;\"><strong>O curso \u00e9\u00a0<\/strong><strong>gratuito<\/strong><strong>\u00a0para os trabalhadores das empresas que fazem o<\/strong>\u00a0<em>PCMSO<\/em>\u00a0 (Programa de Controle M\u00e9dico de Sa\u00fade Ocupacional) no<strong>\u00a0Seconci. Para os demais a taxa \u00e9 de R$ 50,00.<\/strong>Estudantes da \u00c1rea da Constru\u00e7\u00e3o civil (mediante comprova\u00e7\u00e3o) pagam R$ 50,00. Pessoa f\u00edsica sem v\u00ednculo com as empresas contribuintes pagam R$ 110,00.<\/p>\n<p><b>Inscri\u00e7\u00f5es pelo telefone 2443-8226 ou pelo e-mail\u00a0<span style=\"color: #0000ff;\"><a style=\"color: #0000ff;\" href=\"mailto:qualificacao@cpcc.com.br\" rel=\"noreferrer\">qualificacao@cpcc.com.br<\/a><\/span><\/b><\/p>\n<p>Fonte: Imprensa\/SECONCI-RJ<\/p>\n<p><b>\u00a0<\/b><\/p>\n","protected":false},"excerpt":{"rendered":"<p>Janeiro, 2019 &#8211; Parece \u00f3bvio que o fato de que trabalhar em altura envolve riscos, responsabilidades, compromissos e obriga\u00e7\u00f5es para a empresa, empregadores e para o pr\u00f3prio oper\u00e1rio. No entanto nem sempre todos os envolvidos t\u00eam conhecimentos suficientes para executar essa fun\u00e7\u00e3o em seguran\u00e7a. Por isso, o ano j\u00e1 come\u00e7a com um curso sobre\u00a0&#8220;Trabalho em [&hellip;]<\/p>\n","protected":false},"author":1,"featured_media":10881,"comment_status":"open","ping_status":"open","sticky":false,"template":"","format":"standard","meta":{"_uag_custom_page_level_css":"","footnotes":""},"categories":[27],"tags":[13846,13843,14625,14624,14627,10733,14626,13844],"class_list":["post-10880","post","type-post","status-publish","format-standard","has-post-thumbnail","hentry","category-acontece","tag-bairro-curicica-rj","tag-centro-profissional-da-construcao-civil-cpcc","tag-cursos-na-construcao-civil","tag-estrada-dos-bandeirantes","tag-estudantes-e-profissionais-do-setor-da-construcao-civil","tag-seconci-rj","tag-torres-para-trabalho-nas-alturas","tag-trabalho-em-altura-nr-35"],"blocksy_meta":[],"spectra_blocks_featured_image_url":{"thumbnail":{"url":"https:\/\/construcaocivil.siriusmarketingedesign.com.br\/wp-content\/uploads\/2019\/01\/Trabalho-em-Altura-150x150.jpg","width":150,"height":150},"medium":{"url":"https:\/\/construcaocivil.siriusmarketingedesign.com.br\/wp-content\/uploads\/2019\/01\/Trabalho-em-Altura-300x225.jpg","width":300,"height":225},"medium_large":{"url":"https:\/\/construcaocivil.siriusmarketingedesign.com.br\/wp-content\/uploads\/2019\/01\/Trabalho-em-Altura-768x576.jpg","width":768,"height":576},"large":{"url":"https:\/\/construcaocivil.siriusmarketingedesign.com.br\/wp-content\/uploads\/2019\/01\/Trabalho-em-Altura-1024x768.jpg","width":1024,"height":768},"full":{"url":"https:\/\/construcaocivil.siriusmarketingedesign.com.br\/wp-content\/uploads\/2019\/01\/Trabalho-em-Altura.jpg","width":2833,"height":2126}},"spectra_blocks_author_info":{"display_name":"Jornal da Constru\u00e7\u00e3o Civil","avatar_url":"https:\/\/secure.gravatar.com\/avatar\/973c9774fd44ddaceb026973c4962faa70fc512bc4c9da68e8ebb40fecee6540?s=96&d=mm&r=g","author_link":"https:\/\/construcaocivil.siriusmarketingedesign.com.br\/?author=1","description":"Desde de 2013, levando muitas informa\u00e7\u00f5es, lan\u00e7amentos e produtos de qualidade para toda cadeia produtiva da constru\u00e7\u00e3o. O Futuro da constru\u00e7\u00e3o passa por aqui,"},"uagb_featured_image_src":{"full":["https:\/\/construcaocivil.siriusmarketingedesign.com.br\/wp-content\/uploads\/2019\/01\/Trabalho-em-Altura.jpg",2833,2126,false],"thumbnail":["https:\/\/construcaocivil.siriusmarketingedesign.com.br\/wp-content\/uploads\/2019\/01\/Trabalho-em-Altura-150x150.jpg",150,150,true],"medium":["https:\/\/construcaocivil.siriusmarketingedesign.com.br\/wp-content\/uploads\/2019\/01\/Trabalho-em-Altura-300x225.jpg",300,225,true],"medium_large":["https:\/\/construcaocivil.siriusmarketingedesign.com.br\/wp-content\/uploads\/2019\/01\/Trabalho-em-Altura-768x576.jpg",768,576,true],"large":["https:\/\/construcaocivil.siriusmarketingedesign.com.br\/wp-content\/uploads\/2019\/01\/Trabalho-em-Altura-1024x768.jpg",1024,768,true],"1536x1536":["https:\/\/construcaocivil.siriusmarketingedesign.com.br\/wp-content\/uploads\/2019\/01\/Trabalho-em-Altura.jpg",1536,1153,false],"2048x2048":["https:\/\/construcaocivil.siriusmarketingedesign.com.br\/wp-content\/uploads\/2019\/01\/Trabalho-em-Altura.jpg",2048,1537,false]},"uagb_author_info":{"display_name":"Jornal da Constru\u00e7\u00e3o Civil","author_link":"https:\/\/construcaocivil.siriusmarketingedesign.com.br\/?author=1"},"uagb_comment_info":0,"uagb_excerpt":"Janeiro, 2019 &#8211; Parece \u00f3bvio que o fato de que trabalhar em altura envolve riscos, responsabilidades, compromissos e obriga\u00e7\u00f5es para a empresa, empregadores e para o pr\u00f3prio oper\u00e1rio. No entanto nem sempre todos os envolvidos t\u00eam conhecimentos suficientes para executar essa fun\u00e7\u00e3o em seguran\u00e7a. Por isso, o ano j\u00e1 come\u00e7a com um curso sobre\u00a0&#8220;Trabalho em&hellip;","_links":{"self":[{"href":"https:\/\/construcaocivil.siriusmarketingedesign.com.br\/index.php?rest_route=\/wp\/v2\/posts\/10880","targetHints":{"allow":["GET"]}}],"collection":[{"href":"https:\/\/construcaocivil.siriusmarketingedesign.com.br\/index.php?rest_route=\/wp\/v2\/posts"}],"about":[{"href":"https:\/\/construcaocivil.siriusmarketingedesign.com.br\/index.php?rest_route=\/wp\/v2\/types\/post"}],"author":[{"embeddable":true,"href":"https:\/\/construcaocivil.siriusmarketingedesign.com.br\/index.php?rest_route=\/wp\/v2\/users\/1"}],"replies":[{"embeddable":true,"href":"https:\/\/construcaocivil.siriusmarketingedesign.com.br\/index.php?rest_route=%2Fwp%2Fv2%2Fcomments&post=10880"}],"version-history":[{"count":0,"href":"https:\/\/construcaocivil.siriusmarketingedesign.com.br\/index.php?rest_route=\/wp\/v2\/posts\/10880\/revisions"}],"wp:featuredmedia":[{"embeddable":true,"href":"https:\/\/construcaocivil.siriusmarketingedesign.com.br\/index.php?rest_route=\/wp\/v2\/media\/10881"}],"wp:attachment":[{"href":"https:\/\/construcaocivil.siriusmarketingedesign.com.br\/index.php?rest_route=%2Fwp%2Fv2%2Fmedia&parent=10880"}],"wp:term":[{"taxonomy":"category","embeddable":true,"href":"https:\/\/construcaocivil.siriusmarketingedesign.com.br\/index.php?rest_route=%2Fwp%2Fv2%2Fcategories&post=10880"},{"taxonomy":"post_tag","embeddable":true,"href":"https:\/\/construcaocivil.siriusmarketingedesign.com.br\/index.php?rest_route=%2Fwp%2Fv2%2Ftags&post=10880"}],"curies":[{"name":"wp","href":"https:\/\/api.w.org\/{rel}","templated":true}]}}