{"id":10911,"date":"2019-01-15T12:16:03","date_gmt":"2019-01-15T14:16:03","guid":{"rendered":"https:\/\/www.jornaldaconstrucaocivil.com.br\/?p=10911"},"modified":"2019-01-15T12:16:03","modified_gmt":"2019-01-15T14:16:03","slug":"brasil-do-desrespeito-chacina-de-unai-completa-15-anos-impunidade-marca-o-caso","status":"publish","type":"post","link":"https:\/\/construcaocivil.siriusmarketingedesign.com.br\/?p=10911","title":{"rendered":"Brasil do desrespeito: Chacina de Una\u00ed completa 15 anos. Impunidade marca o caso"},"content":{"rendered":"<p style=\"text-align: justify;\"><span style=\"color: #993300;\">Janeiro, 2019<\/span> &#8211; O Sindicato Nacional dos Auditores Fiscais do Trabalho &#8211; SINAIT realiza ato em frente ao Tribunal Regional Federal &#8211; TRF da 1\u00aa Regi\u00e3o, em Bras\u00edlia, de 9 \u00e0s 12 horas de 28 de janeiro \u2013 segunda-feira, para marcar os 15 anos da Chacina de Una\u00ed.<\/p>\n<p style=\"text-align: justify;\">Ser\u00e1 um ato de protesto contra a decis\u00e3o do Tribunal que determinou um novo julgamento para Ant\u00e9rio M\u00e2nica, um dos mandantes do crime. O Sindicato tamb\u00e9m vai cobrar a pris\u00e3o imediata dos demais mandantes e intermedi\u00e1rios, com condena\u00e7\u00e3o em segunda inst\u00e2ncia: Norberto M\u00e2nica, Hugo Alves Pimenta e Jos\u00e9 Alberto de Castro.<\/p>\n<p style=\"text-align: justify;\">O dia 28 de janeiro marca o in\u00edcio da Semana Nacional de Combate ao Trabalho Escravo e o Dia Nacional do Auditor-Fiscal do Trabalho, ambos institu\u00eddos por lei, em homenagem \u00e0s v\u00edtimas da Chacina de Una\u00ed.<\/p>\n<p style=\"text-align: justify;\"><strong>Relembre o caso<\/strong><\/p>\n<p style=\"text-align: justify;\">Em 28 de janeiro de 2004, os Auditores-Fiscais do Trabalho Erat\u00f3stenes de Almeida Gonsalves, Jo\u00e3o Batista Soares Lage e Nelson Jos\u00e9 da Silva e o motorista Ailton Pereira de Oliveira, foram brutalmente assassinados durante uma fiscaliza\u00e7\u00e3o rural em fazendas no interior de Minas Gerais, onde havia ind\u00edcios de pr\u00e1tica de trabalho escravo.<\/p>\n<p style=\"text-align: justify;\">Os executores do crime foram condenados em 2013, em julgamento realizado em Belo Horizonte (MG) e est\u00e3o cumprindo suas penas em regime fechado. Mandantes e intermedi\u00e1rios foram julgados e condenados em 2015, mas todos permanecem em liberdade.<\/p>\n<p style=\"text-align: justify;\">No dia 19 de novembro de 2018, a 4\u00aa Turma do TRF da 1\u00aa Regi\u00e3o, em Bras\u00edlia, julgou recursos dos mandantes e dois dos tr\u00eas desembargadores decidiram que deve ser realizado um novo julgamento, por j\u00fari popular, do fazendeiro Ant\u00e9rio M\u00e2nica, que havia sido condenado a 100 anos de pris\u00e3o. A defesa alegou insufici\u00eancia de provas.<\/p>\n<p style=\"text-align: justify;\">No mesmo julgamento, foi apresentado um fato novo, o irm\u00e3o de Ant\u00e9rio, Norberto M\u00e2nica, apresentou uma confiss\u00e3o registrada em cart\u00f3rio em que assume ter sido o mandante do crime em rela\u00e7\u00e3o ao Auditor-Fiscal Nelson. Para o SINAIT, essa foi uma estrat\u00e9gia montada pela defesa para livrar Ant\u00e9rio M\u00e2nica das acusa\u00e7\u00f5es de mando dos assassinatos.<\/p>\n<p style=\"text-align: justify;\">Em rela\u00e7\u00e3o a Norberto M\u00e2nica, Hugo Alves Pimenta e Jos\u00e9 Alberto de Castro, os desembargadores decidiram pela redu\u00e7\u00e3o das penas.<\/p>\n<p style=\"text-align: justify;\">Durante o Ato P\u00fablico em Bras\u00edlia, o SINAIT cobrar\u00e1 a pris\u00e3o imediata de Norberto, Hugo e Jos\u00e9 Alberto e protestar\u00e1 contra a decis\u00e3o de novo julgamento para Ant\u00e9rio, cujas provas s\u00e3o robustas. Passados 15 anos, dificilmente ser\u00e3o encontradas novas provas.<\/p>\n<p style=\"text-align: justify;\">Fonte: Assessoria de Comunica\u00e7\u00e3o do Sinait<\/p>\n<p style=\"text-align: justify;\">\n","protected":false},"excerpt":{"rendered":"<p>Janeiro, 2019 &#8211; O Sindicato Nacional dos Auditores Fiscais do Trabalho &#8211; SINAIT realiza ato em frente ao Tribunal Regional Federal &#8211; TRF da 1\u00aa Regi\u00e3o, em Bras\u00edlia, de 9 \u00e0s 12 horas de 28 de janeiro \u2013 segunda-feira, para marcar os 15 anos da Chacina de Una\u00ed. Ser\u00e1 um ato de protesto contra a [&hellip;]<\/p>\n","protected":false},"author":1,"featured_media":10912,"comment_status":"open","ping_status":"open","sticky":false,"template":"","format":"standard","meta":{"_uag_custom_page_level_css":"","footnotes":""},"categories":[27],"tags":[1574,14678,14682,14683,14681,14680,14679],"class_list":["post-10911","post","type-post","status-publish","format-standard","has-post-thumbnail","hentry","category-acontece","tag-brasilia-df","tag-chacina-de-unai-completa-15-anos-sem-solucao","tag-dia-nacional-do-auditor-fiscal-do-trabalho","tag-manifestacao-28-de-janeiro","tag-manifestacao-contra-impunidade","tag-manifestacao-em-frente-ao-tribunal-regional-federal-trf-da-1a-regiao","tag-sindicato-nacional-dos-auditores-fiscais-do-trabalho-sinait"],"blocksy_meta":[],"spectra_blocks_featured_image_url":{"thumbnail":{"url":"https:\/\/construcaocivil.siriusmarketingedesign.com.br\/wp-content\/uploads\/2019\/01\/concurso-trf-1-150x150.png","width":150,"height":150},"medium":{"url":"https:\/\/construcaocivil.siriusmarketingedesign.com.br\/wp-content\/uploads\/2019\/01\/concurso-trf-1-300x201.png","width":300,"height":201},"medium_large":{"url":"https:\/\/construcaocivil.siriusmarketingedesign.com.br\/wp-content\/uploads\/2019\/01\/concurso-trf-1.png","width":617,"height":414},"large":{"url":"https:\/\/construcaocivil.siriusmarketingedesign.com.br\/wp-content\/uploads\/2019\/01\/concurso-trf-1.png","width":617,"height":414},"full":{"url":"https:\/\/construcaocivil.siriusmarketingedesign.com.br\/wp-content\/uploads\/2019\/01\/concurso-trf-1.png","width":617,"height":414}},"spectra_blocks_author_info":{"display_name":"Jornal da Constru\u00e7\u00e3o Civil","avatar_url":"https:\/\/secure.gravatar.com\/avatar\/973c9774fd44ddaceb026973c4962faa70fc512bc4c9da68e8ebb40fecee6540?s=96&d=mm&r=g","author_link":"https:\/\/construcaocivil.siriusmarketingedesign.com.br\/?author=1","description":"Desde de 2013, levando muitas informa\u00e7\u00f5es, lan\u00e7amentos e produtos de qualidade para toda cadeia produtiva da constru\u00e7\u00e3o. O Futuro da constru\u00e7\u00e3o passa por aqui,"},"uagb_featured_image_src":{"full":["https:\/\/construcaocivil.siriusmarketingedesign.com.br\/wp-content\/uploads\/2019\/01\/concurso-trf-1.png",617,414,false],"thumbnail":["https:\/\/construcaocivil.siriusmarketingedesign.com.br\/wp-content\/uploads\/2019\/01\/concurso-trf-1-150x150.png",150,150,true],"medium":["https:\/\/construcaocivil.siriusmarketingedesign.com.br\/wp-content\/uploads\/2019\/01\/concurso-trf-1-300x201.png",300,201,true],"medium_large":["https:\/\/construcaocivil.siriusmarketingedesign.com.br\/wp-content\/uploads\/2019\/01\/concurso-trf-1.png",617,414,false],"large":["https:\/\/construcaocivil.siriusmarketingedesign.com.br\/wp-content\/uploads\/2019\/01\/concurso-trf-1.png",617,414,false],"1536x1536":["https:\/\/construcaocivil.siriusmarketingedesign.com.br\/wp-content\/uploads\/2019\/01\/concurso-trf-1.png",617,414,false],"2048x2048":["https:\/\/construcaocivil.siriusmarketingedesign.com.br\/wp-content\/uploads\/2019\/01\/concurso-trf-1.png",617,414,false]},"uagb_author_info":{"display_name":"Jornal da Constru\u00e7\u00e3o Civil","author_link":"https:\/\/construcaocivil.siriusmarketingedesign.com.br\/?author=1"},"uagb_comment_info":0,"uagb_excerpt":"Janeiro, 2019 &#8211; O Sindicato Nacional dos Auditores Fiscais do Trabalho &#8211; SINAIT realiza ato em frente ao Tribunal Regional Federal &#8211; TRF da 1\u00aa Regi\u00e3o, em Bras\u00edlia, de 9 \u00e0s 12 horas de 28 de janeiro \u2013 segunda-feira, para marcar os 15 anos da Chacina de Una\u00ed. Ser\u00e1 um ato de protesto contra a&hellip;","_links":{"self":[{"href":"https:\/\/construcaocivil.siriusmarketingedesign.com.br\/index.php?rest_route=\/wp\/v2\/posts\/10911","targetHints":{"allow":["GET"]}}],"collection":[{"href":"https:\/\/construcaocivil.siriusmarketingedesign.com.br\/index.php?rest_route=\/wp\/v2\/posts"}],"about":[{"href":"https:\/\/construcaocivil.siriusmarketingedesign.com.br\/index.php?rest_route=\/wp\/v2\/types\/post"}],"author":[{"embeddable":true,"href":"https:\/\/construcaocivil.siriusmarketingedesign.com.br\/index.php?rest_route=\/wp\/v2\/users\/1"}],"replies":[{"embeddable":true,"href":"https:\/\/construcaocivil.siriusmarketingedesign.com.br\/index.php?rest_route=%2Fwp%2Fv2%2Fcomments&post=10911"}],"version-history":[{"count":0,"href":"https:\/\/construcaocivil.siriusmarketingedesign.com.br\/index.php?rest_route=\/wp\/v2\/posts\/10911\/revisions"}],"wp:featuredmedia":[{"embeddable":true,"href":"https:\/\/construcaocivil.siriusmarketingedesign.com.br\/index.php?rest_route=\/wp\/v2\/media\/10912"}],"wp:attachment":[{"href":"https:\/\/construcaocivil.siriusmarketingedesign.com.br\/index.php?rest_route=%2Fwp%2Fv2%2Fmedia&parent=10911"}],"wp:term":[{"taxonomy":"category","embeddable":true,"href":"https:\/\/construcaocivil.siriusmarketingedesign.com.br\/index.php?rest_route=%2Fwp%2Fv2%2Fcategories&post=10911"},{"taxonomy":"post_tag","embeddable":true,"href":"https:\/\/construcaocivil.siriusmarketingedesign.com.br\/index.php?rest_route=%2Fwp%2Fv2%2Ftags&post=10911"}],"curies":[{"name":"wp","href":"https:\/\/api.w.org\/{rel}","templated":true}]}}