{"id":10949,"date":"2019-01-20T17:31:44","date_gmt":"2019-01-20T19:31:44","guid":{"rendered":"https:\/\/www.jornaldaconstrucaocivil.com.br\/?p=10949"},"modified":"2019-01-20T17:39:30","modified_gmt":"2019-01-20T19:39:30","slug":"casa-propria-minha-casa-minha-vida-de-itaborai-vistoria-das-unidades-com-data-marcada","status":"publish","type":"post","link":"https:\/\/construcaocivil.siriusmarketingedesign.com.br\/?p=10949","title":{"rendered":"Casa Pr\u00f3pria: Minha Casa Minha Vida de Itabora\u00ed convoca para vistoria das unidades com data marcada"},"content":{"rendered":"<p style=\"font-weight: 400; text-align: justify;\"><span style=\"color: #800000;\">\u00a0Janeiro, 2019<\/span> &#8211; A Prefeitura de Itabora\u00ed, por meio da Secretaria Municipal de Habita\u00e7\u00e3o e Pol\u00edticas Sociais convoca os benefici\u00e1rios do Programa Minha Casa Minha Vida, que participaram do sorteio da casa pr\u00f3pria, no \u00faltimo dia 20 de dezembro, na Escola Municipal Professora Marly Cid Almeida de Abreu, em Nancil\u00e2ndia, a comparecer nos dias e hor\u00e1rios especificados (24 e 25 de janeiro de 2019) no empreendimento Viver Melhor Itabora\u00ed, no bairro Esperan\u00e7a.<\/p>\n<p style=\"font-weight: 400; text-align: justify;\">\u00a0Na ocasi\u00e3o, acontecer\u00e1 a vistoria das unidades habitacionais, entre o morador e a construtora do empreendimento. Vale ressaltar que s\u00f3 ser\u00e1 permitido a entrada do respons\u00e1vel do cadastro e um acompanhante, exceto crian\u00e7as, por se tratar de um canteiro de obras. O benefici\u00e1rio dever\u00e1 estar com RG e CPF. A vistoria tem por objetivo que o benefici\u00e1rio conhe\u00e7a o apartamento e que verifique as condi\u00e7\u00f5es do im\u00f3vel.<\/p>\n<p style=\"font-weight: 400; text-align: justify;\">Segundo a secret\u00e1ria municipal de Habita\u00e7\u00e3o e Pol\u00edticas Sociais, Monica Virg\u00edlio Cavalcante \u00e9 necess\u00e1rio que os benefici\u00e1rios compare\u00e7am a vistoria. \u201cSer\u00e3o dois dias de vistoria, se o benefici\u00e1rio n\u00e3o puder comparecer no dia 24, que v\u00e1 ao dia 25 e vice e versa. O importante \u00e9 comparecer no hor\u00e1rio estipulado\u201d, disse a gestora da pasta.<\/p>\n<p style=\"font-weight: 400; text-align: justify;\">O benefici\u00e1rio dever\u00e1 se dirigir a portaria do empreendimento, com os documentos originais. O Viver Melhor Itabora\u00ed fica localizado na Avenida Fl\u00e1vio Vasconcelos, no bairro Esperan\u00e7a.<\/p>\n<p>Click no link abaixo &#8211; azul, para saber se seu nome est\u00e1 na lista.<\/p>\n<p><span style=\"color: #0000ff;\"><a style=\"color: #0000ff;\" href=\"https:\/\/www.jornaldaconstrucaocivil.com.br\/wp-content\/uploads\/2019\/01\/VISTORIA-DOS-APARTAMENTOS.pdf\">VISTORIA DOS APARTAMENTOS<\/a><\/span><\/p>\n<p>Fonte: Ascom\/Prefeitura de Itabora\u00ed-RJ<\/p>\n<p style=\"font-weight: 400; text-align: justify;\">\n","protected":false},"excerpt":{"rendered":"<p>\u00a0Janeiro, 2019 &#8211; A Prefeitura de Itabora\u00ed, por meio da Secretaria Municipal de Habita\u00e7\u00e3o e Pol\u00edticas Sociais convoca os benefici\u00e1rios do Programa Minha Casa Minha Vida, que participaram do sorteio da casa pr\u00f3pria, no \u00faltimo dia 20 de dezembro, na Escola Municipal Professora Marly Cid Almeida de Abreu, em Nancil\u00e2ndia, a comparecer nos dias e [&hellip;]<\/p>\n","protected":false},"author":1,"featured_media":10950,"comment_status":"open","ping_status":"open","sticky":false,"template":"","format":"standard","meta":{"_uag_custom_page_level_css":"","footnotes":""},"categories":[30],"tags":[14736,1949,14739,5921,14737,6421,14738,9291,14735],"class_list":["post-10949","post","type-post","status-publish","format-standard","has-post-thumbnail","hentry","category-imoveis","tag-beneficiarios-do-programa-minha-casa-minha-vida","tag-casa-propria","tag-cef-reduz-verbas-do-mcmv","tag-imoveis","tag-investimentos-no-minha-minha-vida-seguem-parados","tag-itaborai-rj","tag-lista-do-sorteados-do-minha-casa-minha-vida","tag-prefeitura-de-itaborai-rj","tag-vistoria-minha-casa-minha-vida"],"blocksy_meta":[],"spectra_blocks_featured_image_url":{"thumbnail":{"url":"https:\/\/construcaocivil.siriusmarketingedesign.com.br\/wp-content\/uploads\/2019\/01\/MINHACASA_MINHAVIDA_VISTORIA-150x150.png","width":150,"height":150},"medium":{"url":"https:\/\/construcaocivil.siriusmarketingedesign.com.br\/wp-content\/uploads\/2019\/01\/MINHACASA_MINHAVIDA_VISTORIA-300x300.png","width":300,"height":300},"medium_large":{"url":"https:\/\/construcaocivil.siriusmarketingedesign.com.br\/wp-content\/uploads\/2019\/01\/MINHACASA_MINHAVIDA_VISTORIA-768x768.png","width":768,"height":768},"large":{"url":"https:\/\/construcaocivil.siriusmarketingedesign.com.br\/wp-content\/uploads\/2019\/01\/MINHACASA_MINHAVIDA_VISTORIA.png","width":900,"height":900},"full":{"url":"https:\/\/construcaocivil.siriusmarketingedesign.com.br\/wp-content\/uploads\/2019\/01\/MINHACASA_MINHAVIDA_VISTORIA.png","width":900,"height":900}},"spectra_blocks_author_info":{"display_name":"Jornal da Constru\u00e7\u00e3o Civil","avatar_url":"https:\/\/secure.gravatar.com\/avatar\/973c9774fd44ddaceb026973c4962faa70fc512bc4c9da68e8ebb40fecee6540?s=96&d=mm&r=g","author_link":"https:\/\/construcaocivil.siriusmarketingedesign.com.br\/?author=1","description":"Desde de 2013, levando muitas informa\u00e7\u00f5es, lan\u00e7amentos e produtos de qualidade para toda cadeia produtiva da constru\u00e7\u00e3o. O Futuro da constru\u00e7\u00e3o passa por aqui,"},"uagb_featured_image_src":{"full":["https:\/\/construcaocivil.siriusmarketingedesign.com.br\/wp-content\/uploads\/2019\/01\/MINHACASA_MINHAVIDA_VISTORIA.png",900,900,false],"thumbnail":["https:\/\/construcaocivil.siriusmarketingedesign.com.br\/wp-content\/uploads\/2019\/01\/MINHACASA_MINHAVIDA_VISTORIA-150x150.png",150,150,true],"medium":["https:\/\/construcaocivil.siriusmarketingedesign.com.br\/wp-content\/uploads\/2019\/01\/MINHACASA_MINHAVIDA_VISTORIA-300x300.png",300,300,true],"medium_large":["https:\/\/construcaocivil.siriusmarketingedesign.com.br\/wp-content\/uploads\/2019\/01\/MINHACASA_MINHAVIDA_VISTORIA-768x768.png",768,768,true],"large":["https:\/\/construcaocivil.siriusmarketingedesign.com.br\/wp-content\/uploads\/2019\/01\/MINHACASA_MINHAVIDA_VISTORIA.png",900,900,false],"1536x1536":["https:\/\/construcaocivil.siriusmarketingedesign.com.br\/wp-content\/uploads\/2019\/01\/MINHACASA_MINHAVIDA_VISTORIA.png",900,900,false],"2048x2048":["https:\/\/construcaocivil.siriusmarketingedesign.com.br\/wp-content\/uploads\/2019\/01\/MINHACASA_MINHAVIDA_VISTORIA.png",900,900,false]},"uagb_author_info":{"display_name":"Jornal da Constru\u00e7\u00e3o Civil","author_link":"https:\/\/construcaocivil.siriusmarketingedesign.com.br\/?author=1"},"uagb_comment_info":0,"uagb_excerpt":"\u00a0Janeiro, 2019 &#8211; A Prefeitura de Itabora\u00ed, por meio da Secretaria Municipal de Habita\u00e7\u00e3o e Pol\u00edticas Sociais convoca os benefici\u00e1rios do Programa Minha Casa Minha Vida, que participaram do sorteio da casa pr\u00f3pria, no \u00faltimo dia 20 de dezembro, na Escola Municipal Professora Marly Cid Almeida de Abreu, em Nancil\u00e2ndia, a comparecer nos dias e&hellip;","_links":{"self":[{"href":"https:\/\/construcaocivil.siriusmarketingedesign.com.br\/index.php?rest_route=\/wp\/v2\/posts\/10949","targetHints":{"allow":["GET"]}}],"collection":[{"href":"https:\/\/construcaocivil.siriusmarketingedesign.com.br\/index.php?rest_route=\/wp\/v2\/posts"}],"about":[{"href":"https:\/\/construcaocivil.siriusmarketingedesign.com.br\/index.php?rest_route=\/wp\/v2\/types\/post"}],"author":[{"embeddable":true,"href":"https:\/\/construcaocivil.siriusmarketingedesign.com.br\/index.php?rest_route=\/wp\/v2\/users\/1"}],"replies":[{"embeddable":true,"href":"https:\/\/construcaocivil.siriusmarketingedesign.com.br\/index.php?rest_route=%2Fwp%2Fv2%2Fcomments&post=10949"}],"version-history":[{"count":0,"href":"https:\/\/construcaocivil.siriusmarketingedesign.com.br\/index.php?rest_route=\/wp\/v2\/posts\/10949\/revisions"}],"wp:featuredmedia":[{"embeddable":true,"href":"https:\/\/construcaocivil.siriusmarketingedesign.com.br\/index.php?rest_route=\/wp\/v2\/media\/10950"}],"wp:attachment":[{"href":"https:\/\/construcaocivil.siriusmarketingedesign.com.br\/index.php?rest_route=%2Fwp%2Fv2%2Fmedia&parent=10949"}],"wp:term":[{"taxonomy":"category","embeddable":true,"href":"https:\/\/construcaocivil.siriusmarketingedesign.com.br\/index.php?rest_route=%2Fwp%2Fv2%2Fcategories&post=10949"},{"taxonomy":"post_tag","embeddable":true,"href":"https:\/\/construcaocivil.siriusmarketingedesign.com.br\/index.php?rest_route=%2Fwp%2Fv2%2Ftags&post=10949"}],"curies":[{"name":"wp","href":"https:\/\/api.w.org\/{rel}","templated":true}]}}