{"id":10954,"date":"2019-01-20T20:39:50","date_gmt":"2019-01-20T22:39:50","guid":{"rendered":"https:\/\/www.jornaldaconstrucaocivil.com.br\/?p=10954"},"modified":"2019-01-20T20:39:50","modified_gmt":"2019-01-20T22:39:50","slug":"decoracao-e-bom-gosto-luminaria-pendentes-da-interlight-sao-tendencia-em-iluminacao-para-2019","status":"publish","type":"post","link":"https:\/\/construcaocivil.siriusmarketingedesign.com.br\/?p=10954","title":{"rendered":"Decora\u00e7\u00e3o e bom gosto: Lumin\u00e1ria pendentes da Interlight s\u00e3o tend\u00eancia em ilumina\u00e7\u00e3o para 2019"},"content":{"rendered":"<p><span style=\"color: #800000;\">Janeiro, 2019<\/span> &#8211; Segundo especialistas em decora\u00e7\u00e3o, os pendentes ser\u00e3o tend\u00eancia em 2019 e estar\u00e3o presentes cada vez mais em projetos de arquitetura e decor. Isso porque funcionam bem em diversos ambientes como quartos, salas, cozinha, bancadas de cozinha e at\u00e9 lavabos, al\u00e9m de \u00e1reas comerciais, espa\u00e7os gourmet, restaurantes e lojas.<\/p>\n<p>Os pendentes trazem um clima intimista, contempla\u00e7\u00e3o, calmo e de descanso. Entretanto, o ideal \u00e9 que se comunique com a decora\u00e7\u00e3o, fazendo uma composi\u00e7\u00e3o harmoniosa e com estilo.<\/p>\n<p style=\"text-align: justify;\">A<span style=\"color: #0000ff;\">\u00a0<a style=\"color: #0000ff;\" href=\"http:\/\/www.interlight.com.br\/\" target=\"_blank\" rel=\"noopener noreferrer\">Interlight<\/a><\/span>, especialista em solu\u00e7\u00f5es para ilumina\u00e7\u00e3o, antenada ao mercado e integrada aos profissionais de decora\u00e7\u00e3o, traz em sua gama de produtos pendentes com design moderno e minimalista para transformar a casa. A inova\u00e7\u00e3o \u00e9 a integra\u00e7\u00e3o com LED que n\u00e3o requer troca de l\u00e2mpada, visto a longa vida \u00fatil do produto.<\/p>\n<figure id=\"attachment_10956\" aria-describedby=\"caption-attachment-10956\" style=\"width: 162px\" class=\"wp-caption alignleft\"><img loading=\"lazy\" decoding=\"async\" class=\"size-medium wp-image-10956\" src=\"https:\/\/www.jornaldaconstrucaocivil.com.br\/wp-content\/uploads\/2019\/01\/imagem_release_1574523-162x300.jpg\" alt=\"\" width=\"162\" height=\"300\" srcset=\"https:\/\/construcaocivil.siriusmarketingedesign.com.br\/wp-content\/uploads\/2019\/01\/imagem_release_1574523-162x300.jpg 162w, https:\/\/construcaocivil.siriusmarketingedesign.com.br\/wp-content\/uploads\/2019\/01\/imagem_release_1574523-768x1425.jpg 768w, https:\/\/construcaocivil.siriusmarketingedesign.com.br\/wp-content\/uploads\/2019\/01\/imagem_release_1574523-552x1024.jpg 552w, https:\/\/construcaocivil.siriusmarketingedesign.com.br\/wp-content\/uploads\/2019\/01\/imagem_release_1574523.jpg 1122w\" sizes=\"auto, (max-width: 162px) 100vw, 162px\" \/><figcaption id=\"caption-attachment-10956\" class=\"wp-caption-text\">Pendente Orion D \u2013 cr\u00e9dito: Interlight<\/figcaption><\/figure>\n<p style=\"text-align: justify;\">O conceito do\u00a0<strong>pendente Orion<\/strong>\u00a0\u00e9 inspirado na constela\u00e7\u00e3o do mesmo nome, que tamb\u00e9m pode ser de sobrepor tubular, aplicados individualmente ou em conjunto (constela\u00e7\u00e3o) obtendo uma composi\u00e7\u00e3o ornada pelas suas formas.<\/p>\n<p style=\"text-align: justify;\">Com design minimalista e atemporal, integra luz pontual de destaque aos elementos que sobrep\u00f5e junto com LED integrado recuado e controle antiofuscante. Oferece dois di\u00e2metros, o\u00a0<strong>Nano<\/strong>\u00a0de dois cent\u00edmetros e meio, e o\u00a0<strong>Mini<\/strong>\u00a0de cinco cent\u00edmetros. Ideal para ambientes como restaurantes, cafeteiras, resid\u00eancias e halls.<\/p>\n<p>&nbsp;<\/p>\n<p style=\"text-align: justify;\"><strong>Orion S \u2013 Sobrepor<\/strong><\/p>\n<p style=\"text-align: justify;\">A linha Orion na op\u00e7\u00e3o sobrepor\/plafon \u00e9 perfeita para projeto residencial, al\u00e9m de composi\u00e7\u00e3o corporativa, em escrit\u00f3rios, hot\u00e9is e restaurantes. A ilumina\u00e7\u00e3o pontual cria uma atmosfera exclusiva do produto e traz tr\u00eas varia\u00e7\u00f5es de comprimento, criando a possibilidade de composi\u00e7\u00e3o entre eles. Possui o sistema de fixa\u00e7\u00e3o Twist da Interlight, tornando pr\u00e1tica a instala\u00e7\u00e3o e manuten\u00e7\u00e3o.<\/p>\n<p>Acesse o site\u00a0<span style=\"color: #0000ff;\">www.interlight.ind.br<\/span><\/p>\n<p>Fonte: imprensa\/ Interlight<\/p>\n<p>&nbsp;<\/p>\n","protected":false},"excerpt":{"rendered":"<p>Janeiro, 2019 &#8211; Segundo especialistas em decora\u00e7\u00e3o, os pendentes ser\u00e3o tend\u00eancia em 2019 e estar\u00e3o presentes cada vez mais em projetos de arquitetura e decor. Isso porque funcionam bem em diversos ambientes como quartos, salas, cozinha, bancadas de cozinha e at\u00e9 lavabos, al\u00e9m de \u00e1reas comerciais, espa\u00e7os gourmet, restaurantes e lojas. Os pendentes trazem um [&hellip;]<\/p>\n","protected":false},"author":1,"featured_media":10955,"comment_status":"open","ping_status":"open","sticky":false,"template":"","format":"standard","meta":{"_uag_custom_page_level_css":"","footnotes":""},"categories":[28],"tags":[14748,1933,2455,4195,14746,14747,14745,6681,14743,14740,14742,14744,14741,14614],"class_list":["post-10954","post","type-post","status-publish","format-standard","has-post-thumbnail","hentry","category-arquitetura","tag-casa-e-conforto","tag-casa-e-decoracao","tag-comercio","tag-empresas","tag-escolas-e-lojas","tag-interlight-luminarias-e-pendentes","tag-itapevi-sp","tag-lampadas-de-led","tag-luminarias-lojas-e-show-room","tag-luminarias-e-pendentes","tag-pendentes-para-casa","tag-precos-baixos","tag-precos-de-luminarias-com-descontos","tag-sao-paulo-e-regiao"],"blocksy_meta":[],"spectra_blocks_featured_image_url":{"thumbnail":{"url":"https:\/\/construcaocivil.siriusmarketingedesign.com.br\/wp-content\/uploads\/2019\/01\/imagem_release_1574524-150x150.jpg","width":150,"height":150},"medium":{"url":"https:\/\/construcaocivil.siriusmarketingedesign.com.br\/wp-content\/uploads\/2019\/01\/imagem_release_1574524-300x200.jpg","width":300,"height":200},"medium_large":{"url":"https:\/\/construcaocivil.siriusmarketingedesign.com.br\/wp-content\/uploads\/2019\/01\/imagem_release_1574524-768x512.jpg","width":768,"height":512},"large":{"url":"https:\/\/construcaocivil.siriusmarketingedesign.com.br\/wp-content\/uploads\/2019\/01\/imagem_release_1574524-1024x683.jpg","width":1024,"height":683},"full":{"url":"https:\/\/construcaocivil.siriusmarketingedesign.com.br\/wp-content\/uploads\/2019\/01\/imagem_release_1574524.jpg","width":1076,"height":718}},"spectra_blocks_author_info":{"display_name":"Jornal da Constru\u00e7\u00e3o Civil","avatar_url":"https:\/\/secure.gravatar.com\/avatar\/973c9774fd44ddaceb026973c4962faa70fc512bc4c9da68e8ebb40fecee6540?s=96&d=mm&r=g","author_link":"https:\/\/construcaocivil.siriusmarketingedesign.com.br\/?author=1","description":"Desde de 2013, levando muitas informa\u00e7\u00f5es, lan\u00e7amentos e produtos de qualidade para toda cadeia produtiva da constru\u00e7\u00e3o. O Futuro da constru\u00e7\u00e3o passa por aqui,"},"uagb_featured_image_src":{"full":["https:\/\/construcaocivil.siriusmarketingedesign.com.br\/wp-content\/uploads\/2019\/01\/imagem_release_1574524.jpg",1076,718,false],"thumbnail":["https:\/\/construcaocivil.siriusmarketingedesign.com.br\/wp-content\/uploads\/2019\/01\/imagem_release_1574524-150x150.jpg",150,150,true],"medium":["https:\/\/construcaocivil.siriusmarketingedesign.com.br\/wp-content\/uploads\/2019\/01\/imagem_release_1574524-300x200.jpg",300,200,true],"medium_large":["https:\/\/construcaocivil.siriusmarketingedesign.com.br\/wp-content\/uploads\/2019\/01\/imagem_release_1574524-768x512.jpg",768,512,true],"large":["https:\/\/construcaocivil.siriusmarketingedesign.com.br\/wp-content\/uploads\/2019\/01\/imagem_release_1574524-1024x683.jpg",1024,683,true],"1536x1536":["https:\/\/construcaocivil.siriusmarketingedesign.com.br\/wp-content\/uploads\/2019\/01\/imagem_release_1574524.jpg",1076,718,false],"2048x2048":["https:\/\/construcaocivil.siriusmarketingedesign.com.br\/wp-content\/uploads\/2019\/01\/imagem_release_1574524.jpg",1076,718,false]},"uagb_author_info":{"display_name":"Jornal da Constru\u00e7\u00e3o Civil","author_link":"https:\/\/construcaocivil.siriusmarketingedesign.com.br\/?author=1"},"uagb_comment_info":0,"uagb_excerpt":"Janeiro, 2019 &#8211; Segundo especialistas em decora\u00e7\u00e3o, os pendentes ser\u00e3o tend\u00eancia em 2019 e estar\u00e3o presentes cada vez mais em projetos de arquitetura e decor. Isso porque funcionam bem em diversos ambientes como quartos, salas, cozinha, bancadas de cozinha e at\u00e9 lavabos, al\u00e9m de \u00e1reas comerciais, espa\u00e7os gourmet, restaurantes e lojas. Os pendentes trazem um&hellip;","_links":{"self":[{"href":"https:\/\/construcaocivil.siriusmarketingedesign.com.br\/index.php?rest_route=\/wp\/v2\/posts\/10954","targetHints":{"allow":["GET"]}}],"collection":[{"href":"https:\/\/construcaocivil.siriusmarketingedesign.com.br\/index.php?rest_route=\/wp\/v2\/posts"}],"about":[{"href":"https:\/\/construcaocivil.siriusmarketingedesign.com.br\/index.php?rest_route=\/wp\/v2\/types\/post"}],"author":[{"embeddable":true,"href":"https:\/\/construcaocivil.siriusmarketingedesign.com.br\/index.php?rest_route=\/wp\/v2\/users\/1"}],"replies":[{"embeddable":true,"href":"https:\/\/construcaocivil.siriusmarketingedesign.com.br\/index.php?rest_route=%2Fwp%2Fv2%2Fcomments&post=10954"}],"version-history":[{"count":0,"href":"https:\/\/construcaocivil.siriusmarketingedesign.com.br\/index.php?rest_route=\/wp\/v2\/posts\/10954\/revisions"}],"wp:featuredmedia":[{"embeddable":true,"href":"https:\/\/construcaocivil.siriusmarketingedesign.com.br\/index.php?rest_route=\/wp\/v2\/media\/10955"}],"wp:attachment":[{"href":"https:\/\/construcaocivil.siriusmarketingedesign.com.br\/index.php?rest_route=%2Fwp%2Fv2%2Fmedia&parent=10954"}],"wp:term":[{"taxonomy":"category","embeddable":true,"href":"https:\/\/construcaocivil.siriusmarketingedesign.com.br\/index.php?rest_route=%2Fwp%2Fv2%2Fcategories&post=10954"},{"taxonomy":"post_tag","embeddable":true,"href":"https:\/\/construcaocivil.siriusmarketingedesign.com.br\/index.php?rest_route=%2Fwp%2Fv2%2Ftags&post=10954"}],"curies":[{"name":"wp","href":"https:\/\/api.w.org\/{rel}","templated":true}]}}