{"id":10978,"date":"2019-01-24T11:06:52","date_gmt":"2019-01-24T13:06:52","guid":{"rendered":"https:\/\/www.jornaldaconstrucaocivil.com.br\/?p=10978"},"modified":"2019-01-24T11:06:52","modified_gmt":"2019-01-24T13:06:52","slug":"feicon-batimat-amplia-experiencias-para-transformar-o-setor-em-sua-25a-edicao","status":"publish","type":"post","link":"https:\/\/construcaocivil.siriusmarketingedesign.com.br\/?p=10978","title":{"rendered":"Feicon Batimat amplia experi\u00eancias para transformar o setor em sua 25\u00aa edi\u00e7\u00e3o"},"content":{"rendered":"<p style=\"text-align: justify;\"><span style=\"color: #800000;\">Janeiro, 2019<\/span> &#8211; A\u00a0<strong>Feicon Batimat<\/strong>, sal\u00e3o internacional da constru\u00e7\u00e3o e arquitetura, chega a sua 25\u00aa edi\u00e7\u00e3o incorporando novidades em gera\u00e7\u00e3o de neg\u00f3cios, inova\u00e7\u00e3o, networking e conte\u00fado. Com foco especial no varejo da constru\u00e7\u00e3o, que representa 65% dos visitantes, a\u00a0<strong>Feicon Batimat<\/strong>\u00a0aposta na representatividade do segmento para levar ao participante do evento experi\u00eancias imersivas que contribuam com o crescimento da constru\u00e7\u00e3o. A pr\u00f3xima edi\u00e7\u00e3o da mostra acontece entre 9 e 12 de abril de 2019, no S\u00e3o Paulo Expo, na cidade de S\u00e3o Paulo.<\/p>\n<p style=\"text-align: justify;\">Segundo dados da Anamaco, o varejo de material de constru\u00e7\u00e3o encerrou o ano de 2018 com crescimento de 6,5% sobre o ano passado \u2013 e um faturamento recorde de R$ 122 bilh\u00f5es. &#8220;<em>A miss\u00e3o da\u00a0<strong>Feicon Batimat<\/strong>\u00a0para esta 25\u00aa edi\u00e7\u00e3o \u00e9 fazer com que o visitante e o expositor possam projetar solu\u00e7\u00f5es, vivenciar experi\u00eancias e transformar o varejo da constru\u00e7\u00e3o de forma a contribuir para a retomada do crescimento<\/em>&#8220;, explica Gustavo Binardi, diretor da\u00a0<strong>Feicon Batimat<\/strong>. Ainda de acordo com o levantamento da Anamaco, metade dos 530 lojistas entrevistados pretende realizar investimentos nos pr\u00f3ximos 12 meses.<\/p>\n<p style=\"text-align: justify;\">Para Claudio Conz, presidente da Anamaco, com 25 edi\u00e7\u00f5es a\u00a0<strong>Feicon Batimat<\/strong>\u00a0se tornou um importante motor de desenvolvimento do setor da constru\u00e7\u00e3o no Brasil e a cada ano inova e se reinventa. &#8220;<em>Nossos estudos indicam que as lojas que visitaram a \u00faltima edi\u00e7\u00e3o foram em busca de novos produtos. Em 2019 ser\u00e1 ainda mais intensa a procura junto aos mais de 700 expositores que complementem o mix das lojas. Vamos juntos projetar solu\u00e7\u00f5es, vivenciar experi\u00eancias e transformar o varejo na 25\u00aa\u00a0<strong>Feicon Batimat<\/strong><\/em>&#8220;, destaca Conz.<\/p>\n<p style=\"text-align: justify;\">O dirigente prev\u00ea crescimento de 8,5% para o varejo da constru\u00e7\u00e3o este ano em compara\u00e7\u00e3o com 2018. &#8220;<em>Em nossos di\u00e1logos com os candidatos \u00e0 Presid\u00eancia da Rep\u00fablica, ambos enfatizaram as quest\u00f5es de investimentos em habita\u00e7\u00f5es e infraestruturas, colaborando positivamente para o crescimento da economia e diminuindo o desemprego, impactando diretamente o nosso setor&#8221;<\/em>, afirma o presidente da Anamaco.<\/p>\n<p style=\"text-align: justify;\"><strong>Ind\u00fastria \u2013<\/strong>\u00a0N\u00e3o \u00e9 s\u00f3 o varejo da constru\u00e7\u00e3o que est\u00e1 otimista com a retomada do crescimento. Segundo levantamento da Abramat (Associa\u00e7\u00e3o Brasileira da Ind\u00fastria de Materiais de Constru\u00e7\u00e3o), o segmento apresentou, em 2018, crescimento de 1,2% em rela\u00e7\u00e3o a 2017, ap\u00f3s tr\u00eas anos de queda no faturamento deflacionado.<\/p>\n<p style=\"text-align: justify;\">De acordo com Rodrigo Navarro, presidente da Abramat, a 25\u00aa\u00a0<strong>Feicon Batimat\u00a0<\/strong>deve se consolidar como o principal encontro<em>cross-setorial<\/em>\u00a0de materiais de constru\u00e7\u00e3o, fortalecendo ainda mais este importante setor da economia brasileira. &#8220;<em>Ind\u00fastria, varejo, construtoras, projetistas, dentre outros atores poder\u00e3o se encontrar, interagir e promover relacionamentos, neg\u00f3cios e discuss\u00f5es construtivas envolvendo inova\u00e7\u00f5es<\/em>&#8220;, explica Navarro.<\/p>\n<p style=\"text-align: justify;\">A pr\u00f3xima edi\u00e7\u00e3o da\u00a0<strong>Feicon Batimat<\/strong>\u00a0continuar\u00e1 com a planta setorizada em quatro macrosetores (acabamentos, estruturas, instala\u00e7\u00f5es e externos), por\u00e9m a organiza\u00e7\u00e3o tem direcionado esfor\u00e7os para aprimorar cada vez mais a experi\u00eancia do visitante e expositor. &#8220;<em>Nossas pesquisas mostram que ao dividirmos o pavilh\u00e3o em macrosetores a viv\u00eancia do visitante e expositor t\u00eam sido positiva, favorecendo networking, troca de conhecimento e amplia\u00e7\u00e3o dos neg\u00f3cios. Por esse motivo continuamos com o mesmo formato, mas sempre aprimorando a experi\u00eancia<\/em>&#8220;, afirma Binardi.<\/p>\n<p style=\"text-align: justify;\">Lembrando que os profissionais do setor t\u00eam entrada gratuita na Feicon Batimat, basta fazer o credenciamento pelo link\u00a0<span style=\"color: #0000ff;\"><a style=\"color: #0000ff;\" href=\"https:\/\/xdatarp.com\/link.php?code=bDpodHRwJTNBJTJGJTJGd3d3LmZlaWNvbi5jb20uYnIlMkZDcmVkZW5jaWFtZW50bzoxMTM1MzUxMDEwOndlYm9icmFzQGdtYWlsLmNvbTo2ZDQzNjg=\" target=\"_blank\" rel=\"noopener\" data-saferedirecturl=\"https:\/\/www.google.com\/url?q=https:\/\/xdatarp.com\/link.php?code%3DbDpodHRwJTNBJTJGJTJGd3d3LmZlaWNvbi5jb20uYnIlMkZDcmVkZW5jaWFtZW50bzoxMTM1MzUxMDEwOndlYm9icmFzQGdtYWlsLmNvbTo2ZDQzNjg%3D&amp;source=gmail&amp;ust=1548355306934000&amp;usg=AFQjCNGoIajPG8iHVoSO0fYasiNJY_8w6w\">www.feicon.com.br\/<wbr \/>Credenciamento<\/a>\u00a0<\/span>e imprimir sua credencial.<\/p>\n<p><strong>Servi\u00e7o<br \/>\n<\/strong><strong>25\u00aa FEICON BATIMAT<br \/>\n<\/strong><strong>Data:<\/strong>\u00a0entre 9 a 12 de abril de 2019<br \/>\n<strong>Hor\u00e1rio:<\/strong>\u00a0ter\u00e7a a sexta das 10h \u00e0s 20h<br \/>\n<strong>Local:<\/strong>\u00a0S\u00e3o Paulo Expo \u2013 S\u00e3o Paulo\/SP \u2013 Brasil<br \/>\n<strong>Endere\u00e7o:<\/strong>\u00a0Rod. Imigrantes Km 1,5 s\/n<br \/>\n<strong>Informa\u00e7\u00f5es:<\/strong><a href=\"https:\/\/xdatarp.com\/link.php?code=bDpodHRwJTNBJTJGJTJGd3d3LmZlaWNvbi5jb20uYnIlMkY6MTEzNTM1MTAxMDp3ZWJvYnJhc0BnbWFpbC5jb206NWRjMGRh\" target=\"_blank\" rel=\"noopener\" data-saferedirecturl=\"https:\/\/www.google.com\/url?q=https:\/\/xdatarp.com\/link.php?code%3DbDpodHRwJTNBJTJGJTJGd3d3LmZlaWNvbi5jb20uYnIlMkY6MTEzNTM1MTAxMDp3ZWJvYnJhc0BnbWFpbC5jb206NWRjMGRh&amp;source=gmail&amp;ust=1548355306934000&amp;usg=AFQjCNHi9SolBhY3pPnwMmjAgEZwIrZJMw\"><span style=\"color: #0000ff;\">www.feicon.com.br<\/span><br \/>\n<\/a><\/p>\n","protected":false},"excerpt":{"rendered":"<p>Janeiro, 2019 &#8211; A\u00a0Feicon Batimat, sal\u00e3o internacional da constru\u00e7\u00e3o e arquitetura, chega a sua 25\u00aa edi\u00e7\u00e3o incorporando novidades em gera\u00e7\u00e3o de neg\u00f3cios, inova\u00e7\u00e3o, networking e conte\u00fado. Com foco especial no varejo da constru\u00e7\u00e3o, que representa 65% dos visitantes, a\u00a0Feicon Batimat\u00a0aposta na representatividade do segmento para levar ao participante do evento experi\u00eancias imersivas que contribuam com [&hellip;]<\/p>\n","protected":false},"author":1,"featured_media":10980,"comment_status":"open","ping_status":"open","sticky":false,"template":"","format":"standard","meta":{"_uag_custom_page_level_css":"","footnotes":""},"categories":[27],"tags":[14783,14786,14788,4916,14784,14785,14789,10330,14790,14787],"class_list":["post-10978","post","type-post","status-publish","format-standard","has-post-thumbnail","hentry","category-acontece","tag-14783","tag-abramat-associacao-brasileira-da-industria-de-materiais-de-construcao","tag-fechaduras-e-selantes","tag-feicon-batimat","tag-ferramentas-e-equipamentos","tag-material-de-epis","tag-profissionais-do-setor-de-construcao","tag-revestimentos-e-acabamentos","tag-sao-paulo-expo-imigrantes-sp","tag-varejo-da-construcao-pecas-e-equipamentos"],"blocksy_meta":[],"spectra_blocks_featured_image_url":{"thumbnail":{"url":"https:\/\/construcaocivil.siriusmarketingedesign.com.br\/wp-content\/uploads\/2019\/01\/FEICON-150x150.jpg","width":150,"height":150},"medium":{"url":"https:\/\/construcaocivil.siriusmarketingedesign.com.br\/wp-content\/uploads\/2019\/01\/FEICON-300x200.jpg","width":300,"height":200},"medium_large":{"url":"https:\/\/construcaocivil.siriusmarketingedesign.com.br\/wp-content\/uploads\/2019\/01\/FEICON-768x512.jpg","width":768,"height":512},"large":{"url":"https:\/\/construcaocivil.siriusmarketingedesign.com.br\/wp-content\/uploads\/2019\/01\/FEICON.jpg","width":1000,"height":667},"full":{"url":"https:\/\/construcaocivil.siriusmarketingedesign.com.br\/wp-content\/uploads\/2019\/01\/FEICON.jpg","width":1000,"height":667}},"spectra_blocks_author_info":{"display_name":"Jornal da Constru\u00e7\u00e3o Civil","avatar_url":"https:\/\/secure.gravatar.com\/avatar\/973c9774fd44ddaceb026973c4962faa70fc512bc4c9da68e8ebb40fecee6540?s=96&d=mm&r=g","author_link":"https:\/\/construcaocivil.siriusmarketingedesign.com.br\/?author=1","description":"Desde de 2013, levando muitas informa\u00e7\u00f5es, lan\u00e7amentos e produtos de qualidade para toda cadeia produtiva da constru\u00e7\u00e3o. O Futuro da constru\u00e7\u00e3o passa por aqui,"},"uagb_featured_image_src":{"full":["https:\/\/construcaocivil.siriusmarketingedesign.com.br\/wp-content\/uploads\/2019\/01\/FEICON.jpg",1000,667,false],"thumbnail":["https:\/\/construcaocivil.siriusmarketingedesign.com.br\/wp-content\/uploads\/2019\/01\/FEICON-150x150.jpg",150,150,true],"medium":["https:\/\/construcaocivil.siriusmarketingedesign.com.br\/wp-content\/uploads\/2019\/01\/FEICON-300x200.jpg",300,200,true],"medium_large":["https:\/\/construcaocivil.siriusmarketingedesign.com.br\/wp-content\/uploads\/2019\/01\/FEICON-768x512.jpg",768,512,true],"large":["https:\/\/construcaocivil.siriusmarketingedesign.com.br\/wp-content\/uploads\/2019\/01\/FEICON.jpg",1000,667,false],"1536x1536":["https:\/\/construcaocivil.siriusmarketingedesign.com.br\/wp-content\/uploads\/2019\/01\/FEICON.jpg",1000,667,false],"2048x2048":["https:\/\/construcaocivil.siriusmarketingedesign.com.br\/wp-content\/uploads\/2019\/01\/FEICON.jpg",1000,667,false]},"uagb_author_info":{"display_name":"Jornal da Constru\u00e7\u00e3o Civil","author_link":"https:\/\/construcaocivil.siriusmarketingedesign.com.br\/?author=1"},"uagb_comment_info":0,"uagb_excerpt":"Janeiro, 2019 &#8211; A\u00a0Feicon Batimat, sal\u00e3o internacional da constru\u00e7\u00e3o e arquitetura, chega a sua 25\u00aa edi\u00e7\u00e3o incorporando novidades em gera\u00e7\u00e3o de neg\u00f3cios, inova\u00e7\u00e3o, networking e conte\u00fado. Com foco especial no varejo da constru\u00e7\u00e3o, que representa 65% dos visitantes, a\u00a0Feicon Batimat\u00a0aposta na representatividade do segmento para levar ao participante do evento experi\u00eancias imersivas que contribuam com&hellip;","_links":{"self":[{"href":"https:\/\/construcaocivil.siriusmarketingedesign.com.br\/index.php?rest_route=\/wp\/v2\/posts\/10978","targetHints":{"allow":["GET"]}}],"collection":[{"href":"https:\/\/construcaocivil.siriusmarketingedesign.com.br\/index.php?rest_route=\/wp\/v2\/posts"}],"about":[{"href":"https:\/\/construcaocivil.siriusmarketingedesign.com.br\/index.php?rest_route=\/wp\/v2\/types\/post"}],"author":[{"embeddable":true,"href":"https:\/\/construcaocivil.siriusmarketingedesign.com.br\/index.php?rest_route=\/wp\/v2\/users\/1"}],"replies":[{"embeddable":true,"href":"https:\/\/construcaocivil.siriusmarketingedesign.com.br\/index.php?rest_route=%2Fwp%2Fv2%2Fcomments&post=10978"}],"version-history":[{"count":0,"href":"https:\/\/construcaocivil.siriusmarketingedesign.com.br\/index.php?rest_route=\/wp\/v2\/posts\/10978\/revisions"}],"wp:featuredmedia":[{"embeddable":true,"href":"https:\/\/construcaocivil.siriusmarketingedesign.com.br\/index.php?rest_route=\/wp\/v2\/media\/10980"}],"wp:attachment":[{"href":"https:\/\/construcaocivil.siriusmarketingedesign.com.br\/index.php?rest_route=%2Fwp%2Fv2%2Fmedia&parent=10978"}],"wp:term":[{"taxonomy":"category","embeddable":true,"href":"https:\/\/construcaocivil.siriusmarketingedesign.com.br\/index.php?rest_route=%2Fwp%2Fv2%2Fcategories&post=10978"},{"taxonomy":"post_tag","embeddable":true,"href":"https:\/\/construcaocivil.siriusmarketingedesign.com.br\/index.php?rest_route=%2Fwp%2Fv2%2Ftags&post=10978"}],"curies":[{"name":"wp","href":"https:\/\/api.w.org\/{rel}","templated":true}]}}