{"id":1099,"date":"2016-03-16T16:27:04","date_gmt":"2016-03-16T16:27:04","guid":{"rendered":"http:\/\/www.jornaldaconstrucaocivil.com.br\/?p=1099"},"modified":"2016-03-16T16:27:04","modified_gmt":"2016-03-16T16:27:04","slug":"licoes-aprendidas-a-partir-do-acidente-de-fukushima","status":"publish","type":"post","link":"https:\/\/construcaocivil.siriusmarketingedesign.com.br\/?p=1099","title":{"rendered":"Li\u00e7\u00f5es aprendidas a partir do acidente de Fukushima"},"content":{"rendered":"<p><span style=\"color: #ff0000;\">Energia<\/span><\/p>\n<p><span style=\"color: #000000;\">Leonam dos Santos Guimar\u00e3es, Diretor de Planejamento, Gest\u00e3o e Meio Ambiente, e Edmundo Selvatici, Superintendente da Coordena\u00e7\u00e3o de Opera\u00e7\u00e3o, ambos da Eletronuclear, participar\u00e3o de semin\u00e1rio de seguran\u00e7a, no Jap\u00e3o, sobre<span style=\"color: #0000ff;\"> <em>Li\u00e7\u00f5es aprendidas a partir do acidente na Usina Nuclear Fukushima Daiichi<\/em>.<\/span><\/span><\/p>\n<p><span style=\"color: #000000;\">O encontro ser\u00e1 de 22 a 25 de mar\u00e7o, em T\u00f3quio, e tamb\u00e9m estar\u00e3o presentes executivos do M\u00e9xico, da Mongolia, Eslovenia e Emirados \u00c1rabes. Na ocasi\u00e3o ser\u00e3o trocadas experi\u00eancias vividas no acidente e li\u00e7\u00f5es aprendidas que poder\u00e3o ser utilizadas para refor\u00e7ar a seguran\u00e7a nuclear.<\/span><\/p>\n<p><span style=\"color: #000000;\">O semin\u00e1rio, organizado pelo<span style=\"color: #800000;\"> International Cooperation Center (JAIF)<\/span>, ter\u00e1 palestras e visitas a s\u00edtios nucleares japoneses.<\/span><\/p>\n<p><span style=\"color: #993300;\">Fonte: Assessoria de Imprensa Eletronuclear<\/span><\/p>\n","protected":false},"excerpt":{"rendered":"<p>Energia Leonam dos Santos Guimar\u00e3es, Diretor de Planejamento, Gest\u00e3o e Meio Ambiente, e Edmundo Selvatici, Superintendente da Coordena\u00e7\u00e3o de Opera\u00e7\u00e3o, ambos da Eletronuclear, participar\u00e3o de semin\u00e1rio de seguran\u00e7a, no Jap\u00e3o, sobre Li\u00e7\u00f5es aprendidas a partir do acidente na Usina Nuclear Fukushima Daiichi. O encontro ser\u00e1 de 22 a 25 de mar\u00e7o, em T\u00f3quio, e tamb\u00e9m [&hellip;]<\/p>\n","protected":false},"author":1,"featured_media":0,"comment_status":"open","ping_status":"open","sticky":false,"template":"","format":"quote","meta":{"_uag_custom_page_level_css":"","footnotes":""},"categories":[29],"tags":[379,3713,3953,4052,5464,6280,6839,11453,11826],"class_list":["post-1099","post","type-post","status-publish","format-quote","hentry","category-energia","tag-acidente-de-fukushima","tag-diretor-de-planejamento","tag-edmundo-selvatici","tag-eletronuclear","tag-gestao-e-meio-ambiente","tag-international-cooperation-center-jaif","tag-leonam-dos-santos-guimaraes","tag-superintendente-da-coordenacao-de-operacao","tag-toquio","post_format-post-format-quote"],"blocksy_meta":[],"spectra_blocks_featured_image_url":null,"spectra_blocks_author_info":{"display_name":"Jornal da Constru\u00e7\u00e3o Civil","avatar_url":"https:\/\/secure.gravatar.com\/avatar\/973c9774fd44ddaceb026973c4962faa70fc512bc4c9da68e8ebb40fecee6540?s=96&d=mm&r=g","author_link":"https:\/\/construcaocivil.siriusmarketingedesign.com.br\/?author=1","description":"Desde de 2013, levando muitas informa\u00e7\u00f5es, lan\u00e7amentos e produtos de qualidade para toda cadeia produtiva da constru\u00e7\u00e3o. O Futuro da constru\u00e7\u00e3o passa por aqui,"},"uagb_featured_image_src":{"full":false,"thumbnail":false,"medium":false,"medium_large":false,"large":false,"1536x1536":false,"2048x2048":false},"uagb_author_info":{"display_name":"Jornal da Constru\u00e7\u00e3o Civil","author_link":"https:\/\/construcaocivil.siriusmarketingedesign.com.br\/?author=1"},"uagb_comment_info":0,"uagb_excerpt":"Energia Leonam dos Santos Guimar\u00e3es, Diretor de Planejamento, Gest\u00e3o e Meio Ambiente, e Edmundo Selvatici, Superintendente da Coordena\u00e7\u00e3o de Opera\u00e7\u00e3o, ambos da Eletronuclear, participar\u00e3o de semin\u00e1rio de seguran\u00e7a, no Jap\u00e3o, sobre Li\u00e7\u00f5es aprendidas a partir do acidente na Usina Nuclear Fukushima Daiichi. O encontro ser\u00e1 de 22 a 25 de mar\u00e7o, em T\u00f3quio, e tamb\u00e9m&hellip;","_links":{"self":[{"href":"https:\/\/construcaocivil.siriusmarketingedesign.com.br\/index.php?rest_route=\/wp\/v2\/posts\/1099","targetHints":{"allow":["GET"]}}],"collection":[{"href":"https:\/\/construcaocivil.siriusmarketingedesign.com.br\/index.php?rest_route=\/wp\/v2\/posts"}],"about":[{"href":"https:\/\/construcaocivil.siriusmarketingedesign.com.br\/index.php?rest_route=\/wp\/v2\/types\/post"}],"author":[{"embeddable":true,"href":"https:\/\/construcaocivil.siriusmarketingedesign.com.br\/index.php?rest_route=\/wp\/v2\/users\/1"}],"replies":[{"embeddable":true,"href":"https:\/\/construcaocivil.siriusmarketingedesign.com.br\/index.php?rest_route=%2Fwp%2Fv2%2Fcomments&post=1099"}],"version-history":[{"count":0,"href":"https:\/\/construcaocivil.siriusmarketingedesign.com.br\/index.php?rest_route=\/wp\/v2\/posts\/1099\/revisions"}],"wp:attachment":[{"href":"https:\/\/construcaocivil.siriusmarketingedesign.com.br\/index.php?rest_route=%2Fwp%2Fv2%2Fmedia&parent=1099"}],"wp:term":[{"taxonomy":"category","embeddable":true,"href":"https:\/\/construcaocivil.siriusmarketingedesign.com.br\/index.php?rest_route=%2Fwp%2Fv2%2Fcategories&post=1099"},{"taxonomy":"post_tag","embeddable":true,"href":"https:\/\/construcaocivil.siriusmarketingedesign.com.br\/index.php?rest_route=%2Fwp%2Fv2%2Ftags&post=1099"}],"curies":[{"name":"wp","href":"https:\/\/api.w.org\/{rel}","templated":true}]}}