{"id":10994,"date":"2019-01-25T12:37:34","date_gmt":"2019-01-25T14:37:34","guid":{"rendered":"https:\/\/www.jornaldaconstrucaocivil.com.br\/?p=10994"},"modified":"2019-01-25T12:37:34","modified_gmt":"2019-01-25T14:37:34","slug":"para-incorporador-compactos-de-alto-padrao-e-areas-compartilhadas-sao-tendencia-em-2019","status":"publish","type":"post","link":"https:\/\/construcaocivil.siriusmarketingedesign.com.br\/?p=10994","title":{"rendered":"Para incorporador, compactos de alto padr\u00e3o e \u00e1reas compartilhadas s\u00e3o tend\u00eancia em 2019"},"content":{"rendered":"<p dir=\"ltr\" style=\"text-align: justify;\"><span style=\"color: #993300;\">Janeiro, 2019<\/span> &#8211; Diretor de uma das maiores empresas da constru\u00e7\u00e3o civil em Goi\u00e1s, M\u00e1rio Valois avalia que 2018 foi per\u00edodo de &#8220;precau\u00e7\u00e3o&#8221;, mas o ano que se inicia ser\u00e1 de crescimento com espa\u00e7o para novos lan\u00e7amentos, que ir\u00e3o privilegiar localiza\u00e7\u00e3o nobre e estrat\u00e9gica, al\u00e9m de de projetos que trar\u00e3o o m\u00e1ximo de comodidade<\/p>\n<p dir=\"ltr\" style=\"text-align: justify;\">Os compactos de alto padr\u00e3o e o compartilhamento de espa\u00e7os, uma tend\u00eancia crescente em Goi\u00e2nia nos \u00faltimos anos, deve ser a grande aposta de muitas construtoras e incorporadoras para 2019. Essa pelo menos \u00e9 a avalia\u00e7\u00e3o de M\u00e1rio Valois, engenheiro civil e diretor da Din\u00e2mica Engenharia, construtora com mais de 35 anos de mercado e que j\u00e1 planeja dois lan\u00e7amentos para este ano em Goi\u00e2nia, um no Setor Marista e outro no Bueno.<\/p>\n<p dir=\"ltr\" style=\"text-align: justify;\">&#8220;Para este ano percebo que o mercado est\u00e1 priorizando a localiza\u00e7\u00e3o estrat\u00e9gica e nobre, com unidades de metragens menores. Ao inv\u00e9s de apartamentos com mais de 100 ou 150 m\u00b2, a tend\u00eancia atual \u00e9 os compactos de alto padr\u00e3o, com compartilhamento de espa\u00e7os. Em um dos nossos projetos que iremos lan\u00e7ar este ano, planejamos fazer uma sala na \u00e1rea comum que possa servir, por exemplo, para aulas de ingl\u00eas para os moradores. Tamb\u00e9m estudamos o compartilhamento de ferramentaria, al\u00e9m de oferecer biciclet\u00e1rios, algo j\u00e1 presente nos nossos \u00faltimos empreendimentos. Ou seja, vamos tentar colocar o m\u00e1ximo de espa\u00e7os que tenham esse vi\u00e9s de compartilhamento&#8221;, explica o executivo.<\/p>\n<p dir=\"ltr\" style=\"text-align: justify;\">Para Valois, apesar da melhora dos \u00edndices econ\u00f4micos, o ano que se encerrou foi de poucos lan\u00e7amentos no mercado imobili\u00e1rio, a pr\u00f3pria Din\u00e2mica Engenharia, da qual \u00e9 s\u00f3cio, apresentou apenas um empreendimento, o Celebrate Vaca Brava, residencial de alto padr\u00e3o em constru\u00e7\u00e3o no Setor Bueno e que, dentre seus muitos diferenciais, traz um moderno sistema de seguran\u00e7a. O incorporador diz que viu 2018 como um ano de &#8220;precau\u00e7\u00e3o&#8221;, motivada principalmente pelas incertezas geradas pela disputa eleitoral no Pa\u00eds e por epis\u00f3dios que tamb\u00e9m afetaram a economia, como a greve dos caminhoneiros em maio.<\/p>\n<p dir=\"ltr\" style=\"text-align: justify;\"><b>Expectativa<\/b><\/p>\n<p dir=\"ltr\" style=\"text-align: justify;\">Mas apesar do per\u00edodo de cautela, o empres\u00e1rio reconhece que 2018 trouxe um bom momento para economia do pa\u00eds e que deve se intensificar ainda mais em 2019. \u00a0&#8220;Apesar de estarmos motivados para este ano, sabemos que n\u00e3o vai ser de uma hora para a outra, mas estamos certos de que a economia vai melhorar. Aquela precau\u00e7\u00e3o que tivemos em 2018 j\u00e1 foi e hoje h\u00e1 um clima de al\u00edvio. Todo mundo est\u00e1 acreditando que o novo presidente vai implementar o que prometeu, e com certeza, \u00a0os empregos v\u00e3o voltar e os recursos e a vontade do empres\u00e1rio em lan\u00e7ar novos produtos tamb\u00e9m vir\u00e1&#8221;, considera.<\/p>\n<p dir=\"ltr\">Fonte: Imprensa\/Comunica\u00e7\u00e3o Sem Fronteiras<\/p>\n","protected":false},"excerpt":{"rendered":"<p>Janeiro, 2019 &#8211; Diretor de uma das maiores empresas da constru\u00e7\u00e3o civil em Goi\u00e1s, M\u00e1rio Valois avalia que 2018 foi per\u00edodo de &#8220;precau\u00e7\u00e3o&#8221;, mas o ano que se inicia ser\u00e1 de crescimento com espa\u00e7o para novos lan\u00e7amentos, que ir\u00e3o privilegiar localiza\u00e7\u00e3o nobre e estrat\u00e9gica, al\u00e9m de de projetos que trar\u00e3o o m\u00e1ximo de comodidade Os [&hellip;]<\/p>\n","protected":false},"author":1,"featured_media":10995,"comment_status":"open","ping_status":"open","sticky":false,"template":"","format":"standard","meta":{"_uag_custom_page_level_css":"","footnotes":""},"categories":[30],"tags":[14806,14809,2970,3691,14808,4142,5514,14807,5924,7563,10080,11028],"class_list":["post-10994","post","type-post","status-publish","format-standard","has-post-thumbnail","hentry","category-imoveis","tag-bairro-bueno-e-regiao","tag-bairro-vaca-brava","tag-construtoras-e-incorporadoras","tag-dinamica-engenharia","tag-economia-e-novos-investimentos","tag-empreendimentos-residenciais","tag-goiania-go","tag-goias-mercado-imobiliario-2019","tag-imoveis-de-alto-padrao","tag-mercado-imobiliario","tag-regiao-centro-oeste","tag-setor-marista"],"blocksy_meta":[],"spectra_blocks_featured_image_url":{"thumbnail":{"url":"https:\/\/construcaocivil.siriusmarketingedesign.com.br\/wp-content\/uploads\/2019\/01\/Parque-Vaca-Brava-150x150.jpg","width":150,"height":150},"medium":{"url":"https:\/\/construcaocivil.siriusmarketingedesign.com.br\/wp-content\/uploads\/2019\/01\/Parque-Vaca-Brava-300x200.jpg","width":300,"height":200},"medium_large":{"url":"https:\/\/construcaocivil.siriusmarketingedesign.com.br\/wp-content\/uploads\/2019\/01\/Parque-Vaca-Brava.jpg","width":640,"height":426},"large":{"url":"https:\/\/construcaocivil.siriusmarketingedesign.com.br\/wp-content\/uploads\/2019\/01\/Parque-Vaca-Brava.jpg","width":640,"height":426},"full":{"url":"https:\/\/construcaocivil.siriusmarketingedesign.com.br\/wp-content\/uploads\/2019\/01\/Parque-Vaca-Brava.jpg","width":640,"height":426}},"spectra_blocks_author_info":{"display_name":"Jornal da Constru\u00e7\u00e3o Civil","avatar_url":"https:\/\/secure.gravatar.com\/avatar\/973c9774fd44ddaceb026973c4962faa70fc512bc4c9da68e8ebb40fecee6540?s=96&d=mm&r=g","author_link":"https:\/\/construcaocivil.siriusmarketingedesign.com.br\/?author=1","description":"Desde de 2013, levando muitas informa\u00e7\u00f5es, lan\u00e7amentos e produtos de qualidade para toda cadeia produtiva da constru\u00e7\u00e3o. O Futuro da constru\u00e7\u00e3o passa por aqui,"},"uagb_featured_image_src":{"full":["https:\/\/construcaocivil.siriusmarketingedesign.com.br\/wp-content\/uploads\/2019\/01\/Parque-Vaca-Brava.jpg",640,426,false],"thumbnail":["https:\/\/construcaocivil.siriusmarketingedesign.com.br\/wp-content\/uploads\/2019\/01\/Parque-Vaca-Brava-150x150.jpg",150,150,true],"medium":["https:\/\/construcaocivil.siriusmarketingedesign.com.br\/wp-content\/uploads\/2019\/01\/Parque-Vaca-Brava-300x200.jpg",300,200,true],"medium_large":["https:\/\/construcaocivil.siriusmarketingedesign.com.br\/wp-content\/uploads\/2019\/01\/Parque-Vaca-Brava.jpg",640,426,false],"large":["https:\/\/construcaocivil.siriusmarketingedesign.com.br\/wp-content\/uploads\/2019\/01\/Parque-Vaca-Brava.jpg",640,426,false],"1536x1536":["https:\/\/construcaocivil.siriusmarketingedesign.com.br\/wp-content\/uploads\/2019\/01\/Parque-Vaca-Brava.jpg",640,426,false],"2048x2048":["https:\/\/construcaocivil.siriusmarketingedesign.com.br\/wp-content\/uploads\/2019\/01\/Parque-Vaca-Brava.jpg",640,426,false]},"uagb_author_info":{"display_name":"Jornal da Constru\u00e7\u00e3o Civil","author_link":"https:\/\/construcaocivil.siriusmarketingedesign.com.br\/?author=1"},"uagb_comment_info":0,"uagb_excerpt":"Janeiro, 2019 &#8211; Diretor de uma das maiores empresas da constru\u00e7\u00e3o civil em Goi\u00e1s, M\u00e1rio Valois avalia que 2018 foi per\u00edodo de &#8220;precau\u00e7\u00e3o&#8221;, mas o ano que se inicia ser\u00e1 de crescimento com espa\u00e7o para novos lan\u00e7amentos, que ir\u00e3o privilegiar localiza\u00e7\u00e3o nobre e estrat\u00e9gica, al\u00e9m de de projetos que trar\u00e3o o m\u00e1ximo de comodidade Os&hellip;","_links":{"self":[{"href":"https:\/\/construcaocivil.siriusmarketingedesign.com.br\/index.php?rest_route=\/wp\/v2\/posts\/10994","targetHints":{"allow":["GET"]}}],"collection":[{"href":"https:\/\/construcaocivil.siriusmarketingedesign.com.br\/index.php?rest_route=\/wp\/v2\/posts"}],"about":[{"href":"https:\/\/construcaocivil.siriusmarketingedesign.com.br\/index.php?rest_route=\/wp\/v2\/types\/post"}],"author":[{"embeddable":true,"href":"https:\/\/construcaocivil.siriusmarketingedesign.com.br\/index.php?rest_route=\/wp\/v2\/users\/1"}],"replies":[{"embeddable":true,"href":"https:\/\/construcaocivil.siriusmarketingedesign.com.br\/index.php?rest_route=%2Fwp%2Fv2%2Fcomments&post=10994"}],"version-history":[{"count":0,"href":"https:\/\/construcaocivil.siriusmarketingedesign.com.br\/index.php?rest_route=\/wp\/v2\/posts\/10994\/revisions"}],"wp:featuredmedia":[{"embeddable":true,"href":"https:\/\/construcaocivil.siriusmarketingedesign.com.br\/index.php?rest_route=\/wp\/v2\/media\/10995"}],"wp:attachment":[{"href":"https:\/\/construcaocivil.siriusmarketingedesign.com.br\/index.php?rest_route=%2Fwp%2Fv2%2Fmedia&parent=10994"}],"wp:term":[{"taxonomy":"category","embeddable":true,"href":"https:\/\/construcaocivil.siriusmarketingedesign.com.br\/index.php?rest_route=%2Fwp%2Fv2%2Fcategories&post=10994"},{"taxonomy":"post_tag","embeddable":true,"href":"https:\/\/construcaocivil.siriusmarketingedesign.com.br\/index.php?rest_route=%2Fwp%2Fv2%2Ftags&post=10994"}],"curies":[{"name":"wp","href":"https:\/\/api.w.org\/{rel}","templated":true}]}}