{"id":11000,"date":"2019-01-25T17:54:49","date_gmt":"2019-01-25T19:54:49","guid":{"rendered":"https:\/\/www.jornaldaconstrucaocivil.com.br\/?p=11000"},"modified":"2019-01-25T18:23:11","modified_gmt":"2019-01-25T20:23:11","slug":"tragedia-anunciada-rompimento-da-barragem-de-sobradinhomg","status":"publish","type":"post","link":"https:\/\/construcaocivil.siriusmarketingedesign.com.br\/?p=11000","title":{"rendered":"Trag\u00e9dia anunciada: Rompimento da Barragem de Brumadinho(MG)"},"content":{"rendered":"<p style=\"font-weight: 400; text-align: justify;\"><span style=\"color: #993300;\">Janeiro, 2019<\/span> &#8211; No dia 3 de Julho de 2018, o movimento Ba\u00eda Viva \u2013 fundado nos anos 1990 \u2013 protocolou representa\u00e7\u00e3o junto ao Minist\u00e9rio P\u00fablico Federal e o Minist\u00e9rio P\u00fablico Estadual (ver anexo), solicitando\u00a0<strong>provid\u00eancias urgentes, com base nos princ\u00edpios da PRECAU\u00c7\u00c3O E DA PREVEN\u00c7\u00c3O,<\/strong>\u00a0em rela\u00e7\u00e3o \u00e0 exist\u00eancia de\u00a0<strong>600 barragens de rejeitos situadas em Minas Gerais num volume estimado de 123 milh\u00f5es de toneladas depositados precariamente, representando elevado risco de novos desastres ambientais<\/strong>, como<strong>\u00a0<\/strong>o\u00a0que ocorreu\u00a0<span style=\"color: #993300;\"><strong>hoje (25\/01\/2019) na\u00a0<\/strong><strong>barragem da mineradora Vale do Rio Doce que rompeu em Brumadinho<\/strong><\/span>, cidade que faz parte da Grande Belo Horizonte.\u00a0<strong>Portanto, trata-se de mais uma trag\u00e9dia ambiental anunciada!<\/strong><\/p>\n<figure id=\"attachment_11004\" aria-describedby=\"caption-attachment-11004\" style=\"width: 300px\" class=\"wp-caption alignright\"><img loading=\"lazy\" decoding=\"async\" class=\"size-medium wp-image-11004\" src=\"https:\/\/www.jornaldaconstrucaocivil.com.br\/wp-content\/uploads\/2019\/01\/AA-SERGIO-300x189.jpg\" alt=\"\" width=\"300\" height=\"189\" srcset=\"https:\/\/construcaocivil.siriusmarketingedesign.com.br\/wp-content\/uploads\/2019\/01\/AA-SERGIO-300x189.jpg 300w, https:\/\/construcaocivil.siriusmarketingedesign.com.br\/wp-content\/uploads\/2019\/01\/AA-SERGIO-768x484.jpg 768w, https:\/\/construcaocivil.siriusmarketingedesign.com.br\/wp-content\/uploads\/2019\/01\/AA-SERGIO.jpg 999w\" sizes=\"auto, (max-width: 300px) 100vw, 300px\" \/><figcaption id=\"caption-attachment-11004\" class=\"wp-caption-text\">S\u00e9rgio Ricardo<\/figcaption><\/figure>\n<p style=\"font-weight: 400; text-align: justify;\">Na ocasi\u00e3o, foi solicitado a\u00a0<strong>interdi\u00e7\u00e3o imediata do dep\u00f3sito de lixo qu\u00edmico<\/strong>\u00a0(com mais de 20 metros de altura e 274 mil metros quadrados) que recebe 100 caminh\u00f5es por dia de rejeitos industriais oriundo da poluidora\u00a0Companhia Sider\u00fargica Nacional (CSN), que encontra-se\u00a0localizado \u00e0s margens do Rio Para\u00edba do Sul, em Volta Redonda, que em caso de uma Tromba D\u00b4\u00c1gua que \u00e9 bastante comum no inverno poder\u00e1 provocar a suspens\u00e3o do abastecimento de \u00e1gua de 12 milh\u00f5es de pessoas da Regi\u00e3o Metropolitana do Rio de Janeiro.<\/p>\n<figure id=\"attachment_11002\" aria-describedby=\"caption-attachment-11002\" style=\"width: 225px\" class=\"wp-caption alignleft\"><img loading=\"lazy\" decoding=\"async\" class=\"size-medium wp-image-11002\" src=\"https:\/\/www.jornaldaconstrucaocivil.com.br\/wp-content\/uploads\/2019\/01\/Escoria-CSN-2-225x300.jpg\" alt=\"\" width=\"225\" height=\"300\" srcset=\"https:\/\/construcaocivil.siriusmarketingedesign.com.br\/wp-content\/uploads\/2019\/01\/Escoria-CSN-2-225x300.jpg 225w, https:\/\/construcaocivil.siriusmarketingedesign.com.br\/wp-content\/uploads\/2019\/01\/Escoria-CSN-2-768x1025.jpg 768w, https:\/\/construcaocivil.siriusmarketingedesign.com.br\/wp-content\/uploads\/2019\/01\/Escoria-CSN-2-767x1024.jpg 767w, https:\/\/construcaocivil.siriusmarketingedesign.com.br\/wp-content\/uploads\/2019\/01\/Escoria-CSN-2.jpg 899w\" sizes=\"auto, (max-width: 225px) 100vw, 225px\" \/><figcaption id=\"caption-attachment-11002\" class=\"wp-caption-text\">Escoria CSN<\/figcaption><\/figure>\n<p style=\"font-weight: 400; text-align: justify;\">O documento com 23 p\u00e1ginas, protocolado junto aos Minist\u00e9rios P\u00fablico Federal e Estadual, alertava\u00a0<strong>que o n\u00famero de\u00a0<\/strong><strong>\u00e1reas contaminadas no territ\u00f3rio fluminense pode chegar a\u00a0mais de 600\u00a0s\u00edtios contaminados<\/strong>, o que torna extremamente vulner\u00e1vel o patrim\u00f4nio ambiental e a\u00a0sa\u00fade p\u00fablica, sendo que em muitos casos estes passivos ambientais amea\u00e7am o abastecimento p\u00fablico, al\u00e9m do risco de contamina\u00e7\u00e3o das \u00e1guas subterr\u00e2neas.<\/p>\n<p style=\"font-weight: 400; text-align: justify;\"><span style=\"color: #0000ff;\">DESDE QUE A REPRESENTA\u00c7\u00c3O FOI PROTOCOLADA, N\u00c3O FOMOS INFORMADOS SOBRE QUE\u00a0MEDIDAS EFETIVAS FORAM ADOTADAS PELAS AUTORIDADES COMPETENTES PARA EVITAR, PREVENIR NOVOS DESASTRES AMBIENTAIS.<\/span><\/p>\n<p style=\"font-weight: 400; text-align: justify;\"><strong>Segue os contatos dos \u00f3rg\u00e3os onde foi protocolada a representa\u00e7\u00e3o em anexo:<\/strong><\/p>\n<p style=\"font-weight: 400; text-align: justify;\"><strong>MINIST\u00c9RIO P\u00daBLICO ESTADUAL<\/strong><\/p>\n<p style=\"font-weight: 400; text-align: justify;\">Tel. (21)\u00a02222-5274<\/p>\n<p style=\"text-align: justify;\"><strong>PROCURADORIA GERAL DA REP\u00daBLICA \u2013\u00a0VOLTA\u00a0REDONDA<\/strong><\/p>\n<p style=\"text-align: justify;\">Tel.: (24) 3344-8800,\u00a0<a href=\"tel:2139719460\">(21) 3971-9460<\/a>\/ 9488<\/p>\n<p style=\"text-align: justify;\">Fax: (24) 3344-8801<\/p>\n<p style=\"text-align: justify;\">Pe\u00e7o sua ajuda para que esta situa\u00e7\u00e3o de Impunidade Ambiental n\u00e3o persista e que medidas preventivas sejam adotadas.<\/p>\n<p><b>Link:\u00a0<span style=\"color: #0000ff;\"><a style=\"color: #0000ff;\" href=\"https:\/\/www.facebook.com\/jornaldaband\/videos\/858662904338463\/UzpfSTEwMDAwMzM5MTg5NjU4MDozMDYwNjExMjk0OTk0MTQ6MTA6MDoxNTMzMTA2Nzk5Ojc3ODM3MDcwNDg4MDU5NjUwODE\/\" target=\"_blank\" rel=\"noopener noreferrer\">https:\/\/www.facebook.com\/jornaldaband\/videos\/858662904338463\/UzpfSTEwMDAwMzM5MTg5NjU4MDozMDYwNjExMjk0OTk0MTQ6MTA6MDoxNTMzMTA2Nzk5Ojc3ODM3MDcwNDg4MDU5NjUwODE\/<\/a><\/span><\/b><\/p>\n<p>Contato:<\/p>\n<p>S\u00e9rgio Ricardo<\/p>\n<p>BA\u00cdA VIVA<\/p>\n<p>Tel. (21) 99734-8088 (whatsapp)<\/p>\n","protected":false},"excerpt":{"rendered":"<p>Janeiro, 2019 &#8211; No dia 3 de Julho de 2018, o movimento Ba\u00eda Viva \u2013 fundado nos anos 1990 \u2013 protocolou representa\u00e7\u00e3o junto ao Minist\u00e9rio P\u00fablico Federal e o Minist\u00e9rio P\u00fablico Estadual (ver anexo), solicitando\u00a0provid\u00eancias urgentes, com base nos princ\u00edpios da PRECAU\u00c7\u00c3O E DA PREVEN\u00c7\u00c3O,\u00a0em rela\u00e7\u00e3o \u00e0 exist\u00eancia de\u00a0600 barragens de rejeitos situadas em Minas [&hellip;]<\/p>\n","protected":false},"author":1,"featured_media":11003,"comment_status":"open","ping_status":"open","sticky":false,"template":"","format":"standard","meta":{"_uag_custom_page_level_css":"","footnotes":""},"categories":[37],"tags":[14824,14823,14817,14819,3411,14814,14816,14821,14815,14818,14820,14826,14825,11441],"class_list":["post-11000","post","type-post","status-publish","format-standard","has-post-thumbnail","hentry","category-sustentabilidade","tag-200-vitimas","tag-brumadinho-mg","tag-csn-poluicao","tag-csn-polui-com-rejeitos-rio-paraiba-do-sul","tag-defesa-civil","tag-denuncia-rompimento-da-barragem-de-sobradinho-mg","tag-imediata-do-deposito-de-lixo-quimico","tag-meio-ambiente-em-perigo","tag-mineradora-vale-do-rio-doce","tag-procuradoria-geral-da-republica-volta-redonda","tag-rompimento-da-barragem-de-sobradinhomg","tag-rompimento-de-3-barragens","tag-sos-brumadinho-mg","tag-sul-fluminense"],"blocksy_meta":[],"spectra_blocks_featured_image_url":{"thumbnail":{"url":"https:\/\/construcaocivil.siriusmarketingedesign.com.br\/wp-content\/uploads\/2019\/01\/Escoria-CSN-1-150x150.jpg","width":150,"height":150},"medium":{"url":"https:\/\/construcaocivil.siriusmarketingedesign.com.br\/wp-content\/uploads\/2019\/01\/Escoria-CSN-1-300x201.jpg","width":300,"height":201},"medium_large":{"url":"https:\/\/construcaocivil.siriusmarketingedesign.com.br\/wp-content\/uploads\/2019\/01\/Escoria-CSN-1.jpg","width":700,"height":469},"large":{"url":"https:\/\/construcaocivil.siriusmarketingedesign.com.br\/wp-content\/uploads\/2019\/01\/Escoria-CSN-1.jpg","width":700,"height":469},"full":{"url":"https:\/\/construcaocivil.siriusmarketingedesign.com.br\/wp-content\/uploads\/2019\/01\/Escoria-CSN-1.jpg","width":700,"height":469}},"spectra_blocks_author_info":{"display_name":"Jornal da Constru\u00e7\u00e3o Civil","avatar_url":"https:\/\/secure.gravatar.com\/avatar\/973c9774fd44ddaceb026973c4962faa70fc512bc4c9da68e8ebb40fecee6540?s=96&d=mm&r=g","author_link":"https:\/\/construcaocivil.siriusmarketingedesign.com.br\/?author=1","description":"Desde de 2013, levando muitas informa\u00e7\u00f5es, lan\u00e7amentos e produtos de qualidade para toda cadeia produtiva da constru\u00e7\u00e3o. O Futuro da constru\u00e7\u00e3o passa por aqui,"},"uagb_featured_image_src":{"full":["https:\/\/construcaocivil.siriusmarketingedesign.com.br\/wp-content\/uploads\/2019\/01\/Escoria-CSN-1.jpg",700,469,false],"thumbnail":["https:\/\/construcaocivil.siriusmarketingedesign.com.br\/wp-content\/uploads\/2019\/01\/Escoria-CSN-1-150x150.jpg",150,150,true],"medium":["https:\/\/construcaocivil.siriusmarketingedesign.com.br\/wp-content\/uploads\/2019\/01\/Escoria-CSN-1-300x201.jpg",300,201,true],"medium_large":["https:\/\/construcaocivil.siriusmarketingedesign.com.br\/wp-content\/uploads\/2019\/01\/Escoria-CSN-1.jpg",700,469,false],"large":["https:\/\/construcaocivil.siriusmarketingedesign.com.br\/wp-content\/uploads\/2019\/01\/Escoria-CSN-1.jpg",700,469,false],"1536x1536":["https:\/\/construcaocivil.siriusmarketingedesign.com.br\/wp-content\/uploads\/2019\/01\/Escoria-CSN-1.jpg",700,469,false],"2048x2048":["https:\/\/construcaocivil.siriusmarketingedesign.com.br\/wp-content\/uploads\/2019\/01\/Escoria-CSN-1.jpg",700,469,false]},"uagb_author_info":{"display_name":"Jornal da Constru\u00e7\u00e3o Civil","author_link":"https:\/\/construcaocivil.siriusmarketingedesign.com.br\/?author=1"},"uagb_comment_info":0,"uagb_excerpt":"Janeiro, 2019 &#8211; No dia 3 de Julho de 2018, o movimento Ba\u00eda Viva \u2013 fundado nos anos 1990 \u2013 protocolou representa\u00e7\u00e3o junto ao Minist\u00e9rio P\u00fablico Federal e o Minist\u00e9rio P\u00fablico Estadual (ver anexo), solicitando\u00a0provid\u00eancias urgentes, com base nos princ\u00edpios da PRECAU\u00c7\u00c3O E DA PREVEN\u00c7\u00c3O,\u00a0em rela\u00e7\u00e3o \u00e0 exist\u00eancia de\u00a0600 barragens de rejeitos situadas em Minas&hellip;","_links":{"self":[{"href":"https:\/\/construcaocivil.siriusmarketingedesign.com.br\/index.php?rest_route=\/wp\/v2\/posts\/11000","targetHints":{"allow":["GET"]}}],"collection":[{"href":"https:\/\/construcaocivil.siriusmarketingedesign.com.br\/index.php?rest_route=\/wp\/v2\/posts"}],"about":[{"href":"https:\/\/construcaocivil.siriusmarketingedesign.com.br\/index.php?rest_route=\/wp\/v2\/types\/post"}],"author":[{"embeddable":true,"href":"https:\/\/construcaocivil.siriusmarketingedesign.com.br\/index.php?rest_route=\/wp\/v2\/users\/1"}],"replies":[{"embeddable":true,"href":"https:\/\/construcaocivil.siriusmarketingedesign.com.br\/index.php?rest_route=%2Fwp%2Fv2%2Fcomments&post=11000"}],"version-history":[{"count":0,"href":"https:\/\/construcaocivil.siriusmarketingedesign.com.br\/index.php?rest_route=\/wp\/v2\/posts\/11000\/revisions"}],"wp:featuredmedia":[{"embeddable":true,"href":"https:\/\/construcaocivil.siriusmarketingedesign.com.br\/index.php?rest_route=\/wp\/v2\/media\/11003"}],"wp:attachment":[{"href":"https:\/\/construcaocivil.siriusmarketingedesign.com.br\/index.php?rest_route=%2Fwp%2Fv2%2Fmedia&parent=11000"}],"wp:term":[{"taxonomy":"category","embeddable":true,"href":"https:\/\/construcaocivil.siriusmarketingedesign.com.br\/index.php?rest_route=%2Fwp%2Fv2%2Fcategories&post=11000"},{"taxonomy":"post_tag","embeddable":true,"href":"https:\/\/construcaocivil.siriusmarketingedesign.com.br\/index.php?rest_route=%2Fwp%2Fv2%2Ftags&post=11000"}],"curies":[{"name":"wp","href":"https:\/\/api.w.org\/{rel}","templated":true}]}}