{"id":11008,"date":"2019-01-27T15:49:07","date_gmt":"2019-01-27T17:49:07","guid":{"rendered":"https:\/\/www.jornaldaconstrucaocivil.com.br\/?p=11008"},"modified":"2019-01-27T15:52:27","modified_gmt":"2019-01-27T17:52:27","slug":"a-tragedia-de-brumadinho-impoe-o-enquadramento-da-empresa-vale-conforme-art-225-da-constituicao-e-art-927-do-codigo-civil","status":"publish","type":"post","link":"https:\/\/construcaocivil.siriusmarketingedesign.com.br\/?p=11008","title":{"rendered":"A trag\u00e9dia de Brumadinho imp\u00f5e o enquadramento da empresa Vale conforme art. 225 da Constitui\u00e7\u00e3o e art. 927 do C\u00f3digo Civil"},"content":{"rendered":"<p style=\"text-align: justify;\"><span style=\"color: #000080;\">Janeiro, 2019<\/span> &#8211; A trag\u00e9dia de Brumadinho imp\u00f5e o enquadramento da empresa Vale conforme art. 225 da Constitui\u00e7\u00e3o e art. 927 do C\u00f3digo Civil. Importa dizer que a repara\u00e7\u00e3o ambiental e em raz\u00e3o das v\u00edtimas independente de comprova\u00e7\u00e3o de culpa. Ou seja, a responsabilidade \u00e9 objetiva. N\u00e3o se admitir\u00e1 afirmar em defesa que a empresa n\u00e3o agiu com culpa (imprud\u00eancia, neglig\u00eancia ou imper\u00edcia). A empresa assume o risco do neg\u00f3cio. Tudo sem preju\u00edzo da aplica\u00e7\u00e3o das medidas administrativas e criminais. Principalmente as enumeradas na Lei de Crimes ambientais.<\/p>\n<p style=\"text-align: justify;\"><span style=\"color: #003300;\"><em>Dr C\u00e1ssio Faeddo, \u00e9 Advogado com especializa\u00e7\u00e3o nas \u00e1reas de Direito Empresarial, Direito do Turismo, Neg\u00f3cios Hoteleiros e Responsabilidade Civil Empresarial. Mestre em Direitos Fundamentais. P\u00f3s-graduado em Direito do Trabalho e Processo do Trabalho.<\/em><\/span><\/p>\n<p>Conatos:\u00a0<span style=\"color: #333399;\"><a style=\"color: #333399;\" href=\"http:\/\/www.faeddo.com.br\/\" target=\"_blank\" rel=\"noopener noreferrer\">www.faeddo.com.br<\/a>\u00a0<\/span>&#8211;\u00a0\u00a0<span style=\"color: #0000ff;\"><a style=\"color: #0000ff;\" href=\"mailto:contato@faeddo.com.br\" rel=\"noreferrer\">contato@faeddo.com.br<\/a><\/span><\/p>\n","protected":false},"excerpt":{"rendered":"<p>Janeiro, 2019 &#8211; A trag\u00e9dia de Brumadinho imp\u00f5e o enquadramento da empresa Vale conforme art. 225 da Constitui\u00e7\u00e3o e art. 927 do C\u00f3digo Civil. Importa dizer que a repara\u00e7\u00e3o ambiental e em raz\u00e3o das v\u00edtimas independente de comprova\u00e7\u00e3o de culpa. Ou seja, a responsabilidade \u00e9 objetiva. N\u00e3o se admitir\u00e1 afirmar em defesa que a empresa [&hellip;]<\/p>\n","protected":false},"author":1,"featured_media":11010,"comment_status":"open","ping_status":"open","sticky":false,"template":"","format":"standard","meta":{"_uag_custom_page_level_css":"","footnotes":""},"categories":[27],"tags":[14832,14829,14836,14823,14828,3411,14835,14834,14827,7735,14833,9449,14831,10679,14830],"class_list":["post-11008","post","type-post","status-publish","format-standard","has-post-thumbnail","hentry","category-acontece","tag-imprudencia","tag-300-vitimas","tag-advogao-dr-cassio-faeddo","tag-brumadinho-mg","tag-crime-ambiental-e-doloso","tag-defesa-civil","tag-governador-zema-libera-autorizacoes-para-a-vale","tag-governo-de-minas","tag-mineradora-vale-e-multada-em-bilhoes","tag-ministerio-publico-federal","tag-negligencia-ou-impericia","tag-procuradoria-geral-da-republica","tag-risco-do-negocio","tag-sao-paulo-sp","tag-vale-mineradora-art-225-da-constituicao-e-art-927-do-codigo-civil"],"blocksy_meta":[],"spectra_blocks_featured_image_url":{"thumbnail":{"url":"https:\/\/construcaocivil.siriusmarketingedesign.com.br\/wp-content\/uploads\/2019\/01\/VALE-I-20190126-brumadinho-620x349-150x150.jpg","width":150,"height":150},"medium":{"url":"https:\/\/construcaocivil.siriusmarketingedesign.com.br\/wp-content\/uploads\/2019\/01\/VALE-I-20190126-brumadinho-620x349-300x169.jpg","width":300,"height":169},"medium_large":{"url":"https:\/\/construcaocivil.siriusmarketingedesign.com.br\/wp-content\/uploads\/2019\/01\/VALE-I-20190126-brumadinho-620x349.jpg","width":620,"height":349},"large":{"url":"https:\/\/construcaocivil.siriusmarketingedesign.com.br\/wp-content\/uploads\/2019\/01\/VALE-I-20190126-brumadinho-620x349.jpg","width":620,"height":349},"full":{"url":"https:\/\/construcaocivil.siriusmarketingedesign.com.br\/wp-content\/uploads\/2019\/01\/VALE-I-20190126-brumadinho-620x349.jpg","width":620,"height":349}},"spectra_blocks_author_info":{"display_name":"Jornal da Constru\u00e7\u00e3o Civil","avatar_url":"https:\/\/secure.gravatar.com\/avatar\/973c9774fd44ddaceb026973c4962faa70fc512bc4c9da68e8ebb40fecee6540?s=96&d=mm&r=g","author_link":"https:\/\/construcaocivil.siriusmarketingedesign.com.br\/?author=1","description":"Desde de 2013, levando muitas informa\u00e7\u00f5es, lan\u00e7amentos e produtos de qualidade para toda cadeia produtiva da constru\u00e7\u00e3o. O Futuro da constru\u00e7\u00e3o passa por aqui,"},"uagb_featured_image_src":{"full":["https:\/\/construcaocivil.siriusmarketingedesign.com.br\/wp-content\/uploads\/2019\/01\/VALE-I-20190126-brumadinho-620x349.jpg",620,349,false],"thumbnail":["https:\/\/construcaocivil.siriusmarketingedesign.com.br\/wp-content\/uploads\/2019\/01\/VALE-I-20190126-brumadinho-620x349-150x150.jpg",150,150,true],"medium":["https:\/\/construcaocivil.siriusmarketingedesign.com.br\/wp-content\/uploads\/2019\/01\/VALE-I-20190126-brumadinho-620x349-300x169.jpg",300,169,true],"medium_large":["https:\/\/construcaocivil.siriusmarketingedesign.com.br\/wp-content\/uploads\/2019\/01\/VALE-I-20190126-brumadinho-620x349.jpg",620,349,false],"large":["https:\/\/construcaocivil.siriusmarketingedesign.com.br\/wp-content\/uploads\/2019\/01\/VALE-I-20190126-brumadinho-620x349.jpg",620,349,false],"1536x1536":["https:\/\/construcaocivil.siriusmarketingedesign.com.br\/wp-content\/uploads\/2019\/01\/VALE-I-20190126-brumadinho-620x349.jpg",620,349,false],"2048x2048":["https:\/\/construcaocivil.siriusmarketingedesign.com.br\/wp-content\/uploads\/2019\/01\/VALE-I-20190126-brumadinho-620x349.jpg",620,349,false]},"uagb_author_info":{"display_name":"Jornal da Constru\u00e7\u00e3o Civil","author_link":"https:\/\/construcaocivil.siriusmarketingedesign.com.br\/?author=1"},"uagb_comment_info":0,"uagb_excerpt":"Janeiro, 2019 &#8211; A trag\u00e9dia de Brumadinho imp\u00f5e o enquadramento da empresa Vale conforme art. 225 da Constitui\u00e7\u00e3o e art. 927 do C\u00f3digo Civil. Importa dizer que a repara\u00e7\u00e3o ambiental e em raz\u00e3o das v\u00edtimas independente de comprova\u00e7\u00e3o de culpa. Ou seja, a responsabilidade \u00e9 objetiva. N\u00e3o se admitir\u00e1 afirmar em defesa que a empresa&hellip;","_links":{"self":[{"href":"https:\/\/construcaocivil.siriusmarketingedesign.com.br\/index.php?rest_route=\/wp\/v2\/posts\/11008","targetHints":{"allow":["GET"]}}],"collection":[{"href":"https:\/\/construcaocivil.siriusmarketingedesign.com.br\/index.php?rest_route=\/wp\/v2\/posts"}],"about":[{"href":"https:\/\/construcaocivil.siriusmarketingedesign.com.br\/index.php?rest_route=\/wp\/v2\/types\/post"}],"author":[{"embeddable":true,"href":"https:\/\/construcaocivil.siriusmarketingedesign.com.br\/index.php?rest_route=\/wp\/v2\/users\/1"}],"replies":[{"embeddable":true,"href":"https:\/\/construcaocivil.siriusmarketingedesign.com.br\/index.php?rest_route=%2Fwp%2Fv2%2Fcomments&post=11008"}],"version-history":[{"count":0,"href":"https:\/\/construcaocivil.siriusmarketingedesign.com.br\/index.php?rest_route=\/wp\/v2\/posts\/11008\/revisions"}],"wp:featuredmedia":[{"embeddable":true,"href":"https:\/\/construcaocivil.siriusmarketingedesign.com.br\/index.php?rest_route=\/wp\/v2\/media\/11010"}],"wp:attachment":[{"href":"https:\/\/construcaocivil.siriusmarketingedesign.com.br\/index.php?rest_route=%2Fwp%2Fv2%2Fmedia&parent=11008"}],"wp:term":[{"taxonomy":"category","embeddable":true,"href":"https:\/\/construcaocivil.siriusmarketingedesign.com.br\/index.php?rest_route=%2Fwp%2Fv2%2Fcategories&post=11008"},{"taxonomy":"post_tag","embeddable":true,"href":"https:\/\/construcaocivil.siriusmarketingedesign.com.br\/index.php?rest_route=%2Fwp%2Fv2%2Ftags&post=11008"}],"curies":[{"name":"wp","href":"https:\/\/api.w.org\/{rel}","templated":true}]}}