{"id":11014,"date":"2019-01-28T12:27:27","date_gmt":"2019-01-28T14:27:27","guid":{"rendered":"https:\/\/www.jornaldaconstrucaocivil.com.br\/?p=11014"},"modified":"2019-01-28T12:27:27","modified_gmt":"2019-01-28T14:27:27","slug":"justica-defere-cautelar-do-mpt-e-bloqueia-r-800-milhoes-da-vale","status":"publish","type":"post","link":"https:\/\/construcaocivil.siriusmarketingedesign.com.br\/?p=11014","title":{"rendered":"Justi\u00e7a defere cautelar do MPT e bloqueia R$ 800 milh\u00f5es da Vale"},"content":{"rendered":"<p style=\"text-align: justify;\"><span style=\"color: #0000ff;\">Janeiro, 2019<\/span> &#8211; A Vara do Trabalho de Betim deferiu, na madrugada de hoje, o pedido formulado pelo Minist\u00e9rio P\u00fablico do Trabalho em Minas Gerais (MPT) em a\u00e7\u00e3o cautelar.<br \/>\nA\u00a0<span style=\"color: #0000ff;\"><a style=\"color: #0000ff;\" href=\"http:\/\/prt3.mpt.mp.br\/images\/Ascom\/2018\/Novembro\/liminar_Brumadinho_II.pdf\" target=\"_blank\" rel=\"noopener noreferrer\">decis\u00e3o<\/a>\u00a0<\/span>autoriza o bloqueio de R$ 800 milh\u00f5es nas contas da Vale S.A, para &#8220;assegurar as indeniza\u00e7\u00f5es necess\u00e1rias a todos os atingidos, empregados diretos ou terceirizados, pelo rompimento da barragem na mina denominada C\u00f3rrego do Feij\u00e3o.<\/p>\n<p style=\"text-align: justify;\">A empresa tamb\u00e9m ser\u00e1 notificada a manter o pagamento dos sal\u00e1rios aos parentes e familiares de trabalhadores desaparecidos, bem como arcar com despesas de funeral, translado de corpo, sepultamento. Uma \u00faltima obriga\u00e7\u00e3o fixa prazo de 10 dias \u00fateis para que a empresa apresente o Programa de gerenciamento de riscos, inclusive com dados da empresa ou respons\u00e1veis por sua elabora\u00e7\u00e3o e monitoramento, dentre outros documentos que dever\u00e3o instruir o inqu\u00e9rito.<\/p>\n<p style=\"text-align: justify;\">Leia a \u00edntegra da\u00a0<span style=\"color: #0000ff;\"><a style=\"color: #0000ff;\" href=\"http:\/\/prt3.mpt.mp.br\/images\/Ascom\/2018\/Novembro\/liminar_Brumadinho_II.pdf\" target=\"_blank\" rel=\"noopener noreferrer\">decis\u00e3o<\/a>.<\/span><\/p>\n<p>Fonte: Imprensa\/MPT-MG<\/p>\n","protected":false},"excerpt":{"rendered":"<p>Janeiro, 2019 &#8211; A Vara do Trabalho de Betim deferiu, na madrugada de hoje, o pedido formulado pelo Minist\u00e9rio P\u00fablico do Trabalho em Minas Gerais (MPT) em a\u00e7\u00e3o cautelar. A\u00a0decis\u00e3o\u00a0autoriza o bloqueio de R$ 800 milh\u00f5es nas contas da Vale S.A, para &#8220;assegurar as indeniza\u00e7\u00f5es necess\u00e1rias a todos os atingidos, empregados diretos ou terceirizados, pelo [&hellip;]<\/p>\n","protected":false},"author":1,"featured_media":10501,"comment_status":"open","ping_status":"open","sticky":false,"template":"","format":"standard","meta":{"_uag_custom_page_level_css":"","footnotes":""},"categories":[27],"tags":[14837,14843,14841,14844,3192,14840,14842,5838,7438,14839,7950,14838],"class_list":["post-11014","post","type-post","status-publish","format-standard","has-post-thumbnail","hentry","category-acontece","tag-400-vitimas","tag-bloqueio-de-r-800-milhoes","tag-cade-os-investimentos-da-vale-em-seguranca","tag-complaince-da-mineradora-vale-nao-existe","tag-crime","tag-destruicao-de-brumadinho-mg","tag-funcionarios-da-vale-sumidos","tag-ibama","tag-meio-ambiente","tag-mineradora-vale","tag-mpt-mg","tag-vale-s-a"],"blocksy_meta":[],"spectra_blocks_featured_image_url":{"thumbnail":{"url":"https:\/\/construcaocivil.siriusmarketingedesign.com.br\/wp-content\/uploads\/2018\/10\/MARIANA-JUSTICA-150x150.jpg","width":150,"height":150},"medium":{"url":"https:\/\/construcaocivil.siriusmarketingedesign.com.br\/wp-content\/uploads\/2018\/10\/MARIANA-JUSTICA-300x176.jpg","width":300,"height":176},"medium_large":{"url":"https:\/\/construcaocivil.siriusmarketingedesign.com.br\/wp-content\/uploads\/2018\/10\/MARIANA-JUSTICA.jpg","width":758,"height":445},"large":{"url":"https:\/\/construcaocivil.siriusmarketingedesign.com.br\/wp-content\/uploads\/2018\/10\/MARIANA-JUSTICA.jpg","width":758,"height":445},"full":{"url":"https:\/\/construcaocivil.siriusmarketingedesign.com.br\/wp-content\/uploads\/2018\/10\/MARIANA-JUSTICA.jpg","width":758,"height":445}},"spectra_blocks_author_info":{"display_name":"Jornal da Constru\u00e7\u00e3o Civil","avatar_url":"https:\/\/secure.gravatar.com\/avatar\/973c9774fd44ddaceb026973c4962faa70fc512bc4c9da68e8ebb40fecee6540?s=96&d=mm&r=g","author_link":"https:\/\/construcaocivil.siriusmarketingedesign.com.br\/?author=1","description":"Desde de 2013, levando muitas informa\u00e7\u00f5es, lan\u00e7amentos e produtos de qualidade para toda cadeia produtiva da constru\u00e7\u00e3o. O Futuro da constru\u00e7\u00e3o passa por aqui,"},"uagb_featured_image_src":{"full":["https:\/\/construcaocivil.siriusmarketingedesign.com.br\/wp-content\/uploads\/2018\/10\/MARIANA-JUSTICA.jpg",758,445,false],"thumbnail":["https:\/\/construcaocivil.siriusmarketingedesign.com.br\/wp-content\/uploads\/2018\/10\/MARIANA-JUSTICA-150x150.jpg",150,150,true],"medium":["https:\/\/construcaocivil.siriusmarketingedesign.com.br\/wp-content\/uploads\/2018\/10\/MARIANA-JUSTICA-300x176.jpg",300,176,true],"medium_large":["https:\/\/construcaocivil.siriusmarketingedesign.com.br\/wp-content\/uploads\/2018\/10\/MARIANA-JUSTICA.jpg",758,445,false],"large":["https:\/\/construcaocivil.siriusmarketingedesign.com.br\/wp-content\/uploads\/2018\/10\/MARIANA-JUSTICA.jpg",758,445,false],"1536x1536":["https:\/\/construcaocivil.siriusmarketingedesign.com.br\/wp-content\/uploads\/2018\/10\/MARIANA-JUSTICA.jpg",758,445,false],"2048x2048":["https:\/\/construcaocivil.siriusmarketingedesign.com.br\/wp-content\/uploads\/2018\/10\/MARIANA-JUSTICA.jpg",758,445,false]},"uagb_author_info":{"display_name":"Jornal da Constru\u00e7\u00e3o Civil","author_link":"https:\/\/construcaocivil.siriusmarketingedesign.com.br\/?author=1"},"uagb_comment_info":0,"uagb_excerpt":"Janeiro, 2019 &#8211; A Vara do Trabalho de Betim deferiu, na madrugada de hoje, o pedido formulado pelo Minist\u00e9rio P\u00fablico do Trabalho em Minas Gerais (MPT) em a\u00e7\u00e3o cautelar. A\u00a0decis\u00e3o\u00a0autoriza o bloqueio de R$ 800 milh\u00f5es nas contas da Vale S.A, para &#8220;assegurar as indeniza\u00e7\u00f5es necess\u00e1rias a todos os atingidos, empregados diretos ou terceirizados, pelo&hellip;","_links":{"self":[{"href":"https:\/\/construcaocivil.siriusmarketingedesign.com.br\/index.php?rest_route=\/wp\/v2\/posts\/11014","targetHints":{"allow":["GET"]}}],"collection":[{"href":"https:\/\/construcaocivil.siriusmarketingedesign.com.br\/index.php?rest_route=\/wp\/v2\/posts"}],"about":[{"href":"https:\/\/construcaocivil.siriusmarketingedesign.com.br\/index.php?rest_route=\/wp\/v2\/types\/post"}],"author":[{"embeddable":true,"href":"https:\/\/construcaocivil.siriusmarketingedesign.com.br\/index.php?rest_route=\/wp\/v2\/users\/1"}],"replies":[{"embeddable":true,"href":"https:\/\/construcaocivil.siriusmarketingedesign.com.br\/index.php?rest_route=%2Fwp%2Fv2%2Fcomments&post=11014"}],"version-history":[{"count":0,"href":"https:\/\/construcaocivil.siriusmarketingedesign.com.br\/index.php?rest_route=\/wp\/v2\/posts\/11014\/revisions"}],"wp:featuredmedia":[{"embeddable":true,"href":"https:\/\/construcaocivil.siriusmarketingedesign.com.br\/index.php?rest_route=\/wp\/v2\/media\/10501"}],"wp:attachment":[{"href":"https:\/\/construcaocivil.siriusmarketingedesign.com.br\/index.php?rest_route=%2Fwp%2Fv2%2Fmedia&parent=11014"}],"wp:term":[{"taxonomy":"category","embeddable":true,"href":"https:\/\/construcaocivil.siriusmarketingedesign.com.br\/index.php?rest_route=%2Fwp%2Fv2%2Fcategories&post=11014"},{"taxonomy":"post_tag","embeddable":true,"href":"https:\/\/construcaocivil.siriusmarketingedesign.com.br\/index.php?rest_route=%2Fwp%2Fv2%2Ftags&post=11014"}],"curies":[{"name":"wp","href":"https:\/\/api.w.org\/{rel}","templated":true}]}}