{"id":11036,"date":"2019-01-31T13:01:32","date_gmt":"2019-01-31T15:01:32","guid":{"rendered":"https:\/\/www.jornaldaconstrucaocivil.com.br\/?p=11036"},"modified":"2019-01-31T13:01:32","modified_gmt":"2019-01-31T15:01:32","slug":"brumadinho-entre-a-justa-indignacao-e-o-linchamento-moral","status":"publish","type":"post","link":"https:\/\/construcaocivil.siriusmarketingedesign.com.br\/?p=11036","title":{"rendered":"Brumadinho: entre a justa indigna\u00e7\u00e3o e o linchamento moral"},"content":{"rendered":"<div style=\"text-align: justify;\"><span style=\"color: #993300;\">Janeiro, 2019<\/span> &#8211; A sociedade brasileira n\u00e3o suporta mais a repeti\u00e7\u00e3o de acidentes que poderiam ter sido evitados se a solu\u00e7\u00e3o t\u00e9cnica mais conservadora tivesse sido adotada. Casos como o de Mariana e, agora, o de Brumadinho, em Minas Gerais, causam enorme sofrimento nas comunidades diretamente afetadas. Vidas foram ceifadas, fam\u00edlias destro\u00e7adas, meio ambiente arruinado.<\/div>\n<div style=\"text-align: justify;\"><\/div>\n<div style=\"text-align: justify;\">O medo passou a ser companheiro insepar\u00e1vel das popula\u00e7\u00f5es que podem, no futuro, vir a ser afetadas pelo eventual rompimento de barragens semelhantes \u00e0s de Brumadinho, que est\u00e3o espalhadas pelo pa\u00eds. \u00c9 insuport\u00e1vel conviver com essa situa\u00e7\u00e3o.<\/div>\n<div><\/div>\n<blockquote>\n<div>A justa indigna\u00e7\u00e3o da sociedade brasileira abriu caminho, no entanto, para iniciativas marcadas por um ineg\u00e1vel desejo de vingan\u00e7a \u2013 e n\u00e3o de Justi\u00e7a.<strong>No lugar de promover uma apura\u00e7\u00e3o independente, rigorosa e t\u00e9cnica, busca-se a conveniente escolha de \u201cculpados\u201d. Pouco importa que n\u00e3o sejam eles os donos da barragem, nem sequer os seus operadores ou construtores.<\/strong><\/div>\n<\/blockquote>\n<div><\/div>\n<div style=\"text-align: justify;\"><strong>N\u00e3o se leva em conta que o \u2018mal\u2019 est\u00e1 na raiz, ou seja, na escolha incorreta da solu\u00e7\u00e3o t\u00e9cnica mais adequada e conservadora para construir uma barragem de rejeitos.<\/strong>\u00a0Ao promover o linchamento moral de dois engenheiros da empresa T\u00fcv S\u00fcd Brasil, que atestaram a seguran\u00e7a da barragem citada na data de 26 de setembro de 2018, n\u00e3o estamos pensando no futuro, n\u00e3o estamos trabalhando para que as barragens de rejeitos sejam constru\u00eddas segundo outros modelos e t\u00e9cnicas, n\u00e3o estamos exigindo que as atuais barragens, com alteamento a montante, sejam descomissionadas. Estamos promovendo um linchamento moral e, quem sabe, a destrui\u00e7\u00e3o da carreira de dois brilhantes engenheiros geot\u00e9cnicos.<\/div>\n<blockquote>\n<div>\u00c9 evidente que as responsabilidades devem ser apuradas e os respons\u00e1veis, punidos.\u00a0<strong>Mas n\u00e3o se faz isso a priori, elegendo culpados que s\u00e3o, neste caso, de forma n\u00e3o surpreendente, os elos mais fr\u00e1geis dessa corrente.<\/strong>\u00a0Em um acidente como este de Brumadinho, a apura\u00e7\u00e3o das causas ser\u00e1 consequ\u00eancia de estudos exaustivos e profundos, realizados por profissionais e empresas independentes, que desfrutam de insuspeitada reputa\u00e7\u00e3o.<\/div>\n<\/blockquote>\n<div style=\"text-align: justify;\">Os engenheiros Andr\u00e9 Yassuda e Makoto Namba, que est\u00e3o em pris\u00e3o provis\u00f3ria, desfrutam de grande credibilidade no meio t\u00e9cnico e no universo da geotecnia. Ambos constru\u00edram uma longa e vitoriosa carreira durante a qual prestaram excepcionais servi\u00e7os \u00e0 geotecnia brasileira.\u00a0<strong>\u00c9 assustador observar que pessoas e profissionais dessa qualidade sejam jogados \u00e0 fogueira do \u00f3dio p\u00fablico, com o apoio at\u00e9 de entidades que deveriam defend\u00ea-los dessa moderna inquisi\u00e7\u00e3o.<\/strong><\/div>\n<div style=\"text-align: justify;\"><\/div>\n<div style=\"text-align: justify;\">N\u00e3o queremos impunidade.\u00a0<strong>Queremos Justi\u00e7a.<\/strong>\u00a0Queremos o devido processo legal. Queremos respeito aos inocentes at\u00e9 que eles sejam declarados culpados depois da correta apura\u00e7\u00e3o dos fatos. Queremos que as melhores t\u00e9cnicas sejam aplicadas \u00e0 constru\u00e7\u00e3o de barragens e que as barragens com alteamento a montante, hoje em opera\u00e7\u00e3o, sejam eliminadas.<\/div>\n<div><\/div>\n<div>Vamos crescer como pa\u00eds fazendo Justi\u00e7a e n\u00e3o promovendo o linchamento de reputa\u00e7\u00f5es.<\/div>\n<div>\n<p style=\"text-align: center;\"><strong>ABEG &#8211; Associa\u00e7\u00e3o<\/strong><strong>\u00a0Brasileira de Empresas de Projetos e Consultoria em Engenharia Geot\u00e9cnica<\/strong><\/p>\n<p style=\"text-align: center;\">\n<strong><em>31\u00a0de janeiro de 2019<\/em><\/strong><\/p>\n<\/div>\n<p>&nbsp;<\/p>\n<div style=\"text-align: justify;\"><strong>A ABEG &#8211; Associa\u00e7\u00e3o Brasileira de Empresas de Projetos e Consultoria em Engenharia Geot\u00e9cnica\u00a0<\/strong>\u00e9\u00a0uma associa\u00e7\u00e3o sem fins lucrativos fundada em 27 de novembro de 1997 que congrega empresas especializadas no desenvolvimento de projetos de funda\u00e7\u00f5es, conten\u00e7\u00f5es, taludes e sua estabilidade, terraplenagem, pavimenta\u00e7\u00e3o e drenagem, geotecnia ambiental, t\u00faneis e barragens.<\/div>\n<div style=\"text-align: justify;\"><\/div>\n<div style=\"text-align: justify;\"><span style=\"color: #0000ff;\"><strong>Site:\u00a0<a style=\"color: #0000ff;\" href=\"http:\/\/www.abeg.com.br\/\" target=\"_blank\" rel=\"noopener\" data-saferedirecturl=\"https:\/\/www.google.com\/url?q=http:\/\/www.abeg.com.br&amp;source=gmail&amp;ust=1549031733590000&amp;usg=AFQjCNE35FivHWpt2vme8RQC8j_yfr4Mew\">www.abeg.com.br<\/a><\/strong><\/span><\/div>\n<div style=\"text-align: justify;\"><\/div>\n<div><\/div>\n","protected":false},"excerpt":{"rendered":"<p>Janeiro, 2019 &#8211; A sociedade brasileira n\u00e3o suporta mais a repeti\u00e7\u00e3o de acidentes que poderiam ter sido evitados se a solu\u00e7\u00e3o t\u00e9cnica mais conservadora tivesse sido adotada. Casos como o de Mariana e, agora, o de Brumadinho, em Minas Gerais, causam enorme sofrimento nas comunidades diretamente afetadas. Vidas foram ceifadas, fam\u00edlias destro\u00e7adas, meio ambiente arruinado. [&hellip;]<\/p>\n","protected":false},"author":1,"featured_media":11038,"comment_status":"open","ping_status":"open","sticky":false,"template":"","format":"standard","meta":{"_uag_custom_page_level_css":"","footnotes":""},"categories":[27],"tags":[14887,14885,14886,14891,14888,14893,14894,14892,14896,14890,14895,10679,14889],"class_list":["post-11036","post","type-post","status-publish","format-standard","has-post-thumbnail","hentry","category-acontece","tag-abeg-associacao-brasileira-de-empresas-de-projetos-e-consultoria-em-engenharia-geotecnica","tag-barragens-em-risco-no-brasil","tag-brumadinho-entre-a-justa-indignacao-e-o-linchamento-moral","tag-construtores-de-barragens","tag-engenheiros-presos","tag-meio-ambiente-arruinado","tag-minas-gerais-brasil","tag-mineradora-vale-qual-punicao","tag-mortes-de-inocentes","tag-presidente-da-mineradora-vale-livre","tag-rompimento-de-barragens-no-brasil","tag-sao-paulo-sp","tag-tuv-sud-brasil"],"blocksy_meta":[],"spectra_blocks_featured_image_url":{"thumbnail":{"url":"https:\/\/construcaocivil.siriusmarketingedesign.com.br\/wp-content\/uploads\/2019\/01\/Bombeiro-lama-brumadinho-868x644-150x150.jpeg","width":150,"height":150},"medium":{"url":"https:\/\/construcaocivil.siriusmarketingedesign.com.br\/wp-content\/uploads\/2019\/01\/Bombeiro-lama-brumadinho-868x644-300x223.jpeg","width":300,"height":223},"medium_large":{"url":"https:\/\/construcaocivil.siriusmarketingedesign.com.br\/wp-content\/uploads\/2019\/01\/Bombeiro-lama-brumadinho-868x644-768x570.jpeg","width":768,"height":570},"large":{"url":"https:\/\/construcaocivil.siriusmarketingedesign.com.br\/wp-content\/uploads\/2019\/01\/Bombeiro-lama-brumadinho-868x644.jpeg","width":868,"height":644},"full":{"url":"https:\/\/construcaocivil.siriusmarketingedesign.com.br\/wp-content\/uploads\/2019\/01\/Bombeiro-lama-brumadinho-868x644.jpeg","width":868,"height":644}},"spectra_blocks_author_info":{"display_name":"Jornal da Constru\u00e7\u00e3o Civil","avatar_url":"https:\/\/secure.gravatar.com\/avatar\/973c9774fd44ddaceb026973c4962faa70fc512bc4c9da68e8ebb40fecee6540?s=96&d=mm&r=g","author_link":"https:\/\/construcaocivil.siriusmarketingedesign.com.br\/?author=1","description":"Desde de 2013, levando muitas informa\u00e7\u00f5es, lan\u00e7amentos e produtos de qualidade para toda cadeia produtiva da constru\u00e7\u00e3o. O Futuro da constru\u00e7\u00e3o passa por aqui,"},"uagb_featured_image_src":{"full":["https:\/\/construcaocivil.siriusmarketingedesign.com.br\/wp-content\/uploads\/2019\/01\/Bombeiro-lama-brumadinho-868x644.jpeg",868,644,false],"thumbnail":["https:\/\/construcaocivil.siriusmarketingedesign.com.br\/wp-content\/uploads\/2019\/01\/Bombeiro-lama-brumadinho-868x644-150x150.jpeg",150,150,true],"medium":["https:\/\/construcaocivil.siriusmarketingedesign.com.br\/wp-content\/uploads\/2019\/01\/Bombeiro-lama-brumadinho-868x644-300x223.jpeg",300,223,true],"medium_large":["https:\/\/construcaocivil.siriusmarketingedesign.com.br\/wp-content\/uploads\/2019\/01\/Bombeiro-lama-brumadinho-868x644-768x570.jpeg",768,570,true],"large":["https:\/\/construcaocivil.siriusmarketingedesign.com.br\/wp-content\/uploads\/2019\/01\/Bombeiro-lama-brumadinho-868x644.jpeg",868,644,false],"1536x1536":["https:\/\/construcaocivil.siriusmarketingedesign.com.br\/wp-content\/uploads\/2019\/01\/Bombeiro-lama-brumadinho-868x644.jpeg",868,644,false],"2048x2048":["https:\/\/construcaocivil.siriusmarketingedesign.com.br\/wp-content\/uploads\/2019\/01\/Bombeiro-lama-brumadinho-868x644.jpeg",868,644,false]},"uagb_author_info":{"display_name":"Jornal da Constru\u00e7\u00e3o Civil","author_link":"https:\/\/construcaocivil.siriusmarketingedesign.com.br\/?author=1"},"uagb_comment_info":0,"uagb_excerpt":"Janeiro, 2019 &#8211; A sociedade brasileira n\u00e3o suporta mais a repeti\u00e7\u00e3o de acidentes que poderiam ter sido evitados se a solu\u00e7\u00e3o t\u00e9cnica mais conservadora tivesse sido adotada. Casos como o de Mariana e, agora, o de Brumadinho, em Minas Gerais, causam enorme sofrimento nas comunidades diretamente afetadas. Vidas foram ceifadas, fam\u00edlias destro\u00e7adas, meio ambiente arruinado.&hellip;","_links":{"self":[{"href":"https:\/\/construcaocivil.siriusmarketingedesign.com.br\/index.php?rest_route=\/wp\/v2\/posts\/11036","targetHints":{"allow":["GET"]}}],"collection":[{"href":"https:\/\/construcaocivil.siriusmarketingedesign.com.br\/index.php?rest_route=\/wp\/v2\/posts"}],"about":[{"href":"https:\/\/construcaocivil.siriusmarketingedesign.com.br\/index.php?rest_route=\/wp\/v2\/types\/post"}],"author":[{"embeddable":true,"href":"https:\/\/construcaocivil.siriusmarketingedesign.com.br\/index.php?rest_route=\/wp\/v2\/users\/1"}],"replies":[{"embeddable":true,"href":"https:\/\/construcaocivil.siriusmarketingedesign.com.br\/index.php?rest_route=%2Fwp%2Fv2%2Fcomments&post=11036"}],"version-history":[{"count":0,"href":"https:\/\/construcaocivil.siriusmarketingedesign.com.br\/index.php?rest_route=\/wp\/v2\/posts\/11036\/revisions"}],"wp:featuredmedia":[{"embeddable":true,"href":"https:\/\/construcaocivil.siriusmarketingedesign.com.br\/index.php?rest_route=\/wp\/v2\/media\/11038"}],"wp:attachment":[{"href":"https:\/\/construcaocivil.siriusmarketingedesign.com.br\/index.php?rest_route=%2Fwp%2Fv2%2Fmedia&parent=11036"}],"wp:term":[{"taxonomy":"category","embeddable":true,"href":"https:\/\/construcaocivil.siriusmarketingedesign.com.br\/index.php?rest_route=%2Fwp%2Fv2%2Fcategories&post=11036"},{"taxonomy":"post_tag","embeddable":true,"href":"https:\/\/construcaocivil.siriusmarketingedesign.com.br\/index.php?rest_route=%2Fwp%2Fv2%2Ftags&post=11036"}],"curies":[{"name":"wp","href":"https:\/\/api.w.org\/{rel}","templated":true}]}}