{"id":11063,"date":"2019-02-04T12:37:35","date_gmt":"2019-02-04T14:37:35","guid":{"rendered":"https:\/\/www.jornaldaconstrucaocivil.com.br\/?p=11063"},"modified":"2019-02-04T12:37:35","modified_gmt":"2019-02-04T14:37:35","slug":"erika-bernardino-apra-e-eleita-presidente-da-almaco","status":"publish","type":"post","link":"https:\/\/construcaocivil.siriusmarketingedesign.com.br\/?p=11063","title":{"rendered":"Erika Bernardino Apr\u00e1 \u00e9 eleita presidente da ALMACO"},"content":{"rendered":"<p style=\"text-align: justify;\"><span style=\"color: #993300;\">Fevereiro, 2019<\/span> &#8211; Erika Bernardino Apr\u00e1, 41, \u00e9 a nova presidente da Associa\u00e7\u00e3o Latino-Americana de Materiais Comp\u00f3sitos (ALMACO). Formada em publicidade e jornalismo, ela ocupou ao longo dos \u00faltimos onze anos os cargos de gerente de marketing e gestora geral da ALMACO. Seu mandato ter\u00e1 dura\u00e7\u00e3o de tr\u00eas anos, prorrog\u00e1veis por mais tr\u00eas \u2013 \u00e9 a primeira mulher a presidir a ALMACO, entidade fundada em 1981.<br \/>\n<b><br \/>\n<\/b><em><span style=\"color: #0000ff;\">\u201cA escolha de uma executiva independente, que n\u00e3o est\u00e1 ligada a uma determinada empresa do setor, refor\u00e7a o perfil cada vez mais profissional da ALMACO\u201d,<\/span><\/em> comenta Erika.\u00a0Rodrigo Braga (Owens Corning) e Marcelo Aguiar (Tecnofibras) assumiram os cargos de 1\u00ba Vice-Presidente e 2\u00ba Vice-Presidente, respectivamente.<\/p>\n<p>Disseminar o conhecimento acerca dos materiais comp\u00f3sitos \u00e9 o foco da nova gest\u00e3o. A estrat\u00e9gia, observa a presidente, baseia-se na realiza\u00e7\u00e3o de cursos, workshops, jornadas t\u00e9cnicas e treinamentos in-company, entre outras atividades.<\/p>\n<p>\u201cVale a pena destacar tamb\u00e9m o fortalecimento e a amplia\u00e7\u00e3o do n\u00famero de comit\u00eas setoriais, visando \u00e0 busca por novas oportunidades de neg\u00f3cios para todos os integrantes da cadeia produtiva dos comp\u00f3sitos\u201d, afirma Erika. Em paralelo, a nova administra\u00e7\u00e3o atuar\u00e1 de maneira intensa como interlocutora entre os associados e os \u00f3rg\u00e3os governamentais. <em><span style=\"color: #0000ff;\">\u201cA ideia \u00e9 atender, da forma mais abrangente poss\u00edvel, \u00e0s demandas e pleitos que surgirem\u201d<\/span><\/em>, observa.<br \/>\n<b><br \/>\nMercado em expans\u00e3o<\/p>\n<p><\/b>O setor de comp\u00f3sitos \u2013 um tipo de pl\u00e1stico de alta performance \u2013 fechou 2018 registrando um faturamento de R$ 2,697 bilh\u00f5es, alta de 3,8% em compara\u00e7\u00e3o ao ano anterior. O consumo de mat\u00e9rias-primas no per\u00edodo alcan\u00e7ou 202 mil toneladas, volume 3,1% maior do que o anotado em 2017. Os n\u00fameros s\u00e3o da Maxiquim, consultoria contratada pela ALMACO.<br \/>\n<b><br \/>\n<\/b>As ind\u00fastrias de transporte, com destaque para as montadoras de ve\u00edculos agr\u00edcolas, e a de infraestrutura, com foco na expans\u00e3o das redes el\u00e9tricas \u2013 postes e cruzetas de comp\u00f3sitos s\u00e3o largamente utilizados nesse segmento \u2013, seguiram respondendo pela maior parte do volume consumido. Tamb\u00e9m ajudaram a ampliar em 5% o n\u00famero de vagas de emprego geradas em 2018 pelo setor, totalizando 63 mil postos de trabalho.<\/p>\n<p>Para 2019, Erika confia na retomada dos demais mercados que mais consomem os comp\u00f3sitos, principalmente o da constru\u00e7\u00e3o civil, l\u00edder brasileiro na demanda pelo material. <em><span style=\"color: #0000ff;\">\u201cCom a estabilidade pol\u00edtica e a melhora do cen\u00e1rio econ\u00f4mico, a constru\u00e7\u00e3o tende a ser uma das primeiras beneficiadas\u201d<\/span><\/em>, completa.<\/p>\n<p><i>Para mais informa\u00e7\u00f5es, acesse<span style=\"color: #0000ff;\">\u00a0<a style=\"color: #0000ff;\" href=\"http:\/\/www.almaco.org.br\/\" target=\"_blank\" rel=\"noopener noreferrer\">www.almaco.org.br<\/a>.<\/span><\/i><\/p>\n","protected":false},"excerpt":{"rendered":"<p>Fevereiro, 2019 &#8211; Erika Bernardino Apr\u00e1, 41, \u00e9 a nova presidente da Associa\u00e7\u00e3o Latino-Americana de Materiais Comp\u00f3sitos (ALMACO). Formada em publicidade e jornalismo, ela ocupou ao longo dos \u00faltimos onze anos os cargos de gerente de marketing e gestora geral da ALMACO. Seu mandato ter\u00e1 dura\u00e7\u00e3o de tr\u00eas anos, prorrog\u00e1veis por mais tr\u00eas \u2013 \u00e9 [&hellip;]<\/p>\n","protected":false},"author":1,"featured_media":11064,"comment_status":"open","ping_status":"open","sticky":false,"template":"","format":"standard","meta":{"_uag_custom_page_level_css":"","footnotes":""},"categories":[27],"tags":[606,2826,14919,7438,14918,10679,10995,14917],"class_list":["post-11063","post","type-post","status-publish","format-standard","has-post-thumbnail","hentry","category-acontece","tag-almaco","tag-construcao-civil","tag-material-plastico","tag-meio-ambiente","tag-residuos-na-construcao","tag-sao-paulo-sp","tag-setor-de-compositos","tag-veiculos-agricolas"],"blocksy_meta":[],"spectra_blocks_featured_image_url":{"thumbnail":{"url":"https:\/\/construcaocivil.siriusmarketingedesign.com.br\/wp-content\/uploads\/2019\/02\/Erika_Bernardino_2019_02-150x150.jpg","width":150,"height":150},"medium":{"url":"https:\/\/construcaocivil.siriusmarketingedesign.com.br\/wp-content\/uploads\/2019\/02\/Erika_Bernardino_2019_02-300x200.jpg","width":300,"height":200},"medium_large":{"url":"https:\/\/construcaocivil.siriusmarketingedesign.com.br\/wp-content\/uploads\/2019\/02\/Erika_Bernardino_2019_02-768x512.jpg","width":768,"height":512},"large":{"url":"https:\/\/construcaocivil.siriusmarketingedesign.com.br\/wp-content\/uploads\/2019\/02\/Erika_Bernardino_2019_02-1024x683.jpg","width":1024,"height":683},"full":{"url":"https:\/\/construcaocivil.siriusmarketingedesign.com.br\/wp-content\/uploads\/2019\/02\/Erika_Bernardino_2019_02.jpg","width":5472,"height":3648}},"spectra_blocks_author_info":{"display_name":"Jornal da Constru\u00e7\u00e3o Civil","avatar_url":"https:\/\/secure.gravatar.com\/avatar\/973c9774fd44ddaceb026973c4962faa70fc512bc4c9da68e8ebb40fecee6540?s=96&d=mm&r=g","author_link":"https:\/\/construcaocivil.siriusmarketingedesign.com.br\/?author=1","description":"Desde de 2013, levando muitas informa\u00e7\u00f5es, lan\u00e7amentos e produtos de qualidade para toda cadeia produtiva da constru\u00e7\u00e3o. O Futuro da constru\u00e7\u00e3o passa por aqui,"},"uagb_featured_image_src":{"full":["https:\/\/construcaocivil.siriusmarketingedesign.com.br\/wp-content\/uploads\/2019\/02\/Erika_Bernardino_2019_02.jpg",5472,3648,false],"thumbnail":["https:\/\/construcaocivil.siriusmarketingedesign.com.br\/wp-content\/uploads\/2019\/02\/Erika_Bernardino_2019_02-150x150.jpg",150,150,true],"medium":["https:\/\/construcaocivil.siriusmarketingedesign.com.br\/wp-content\/uploads\/2019\/02\/Erika_Bernardino_2019_02-300x200.jpg",300,200,true],"medium_large":["https:\/\/construcaocivil.siriusmarketingedesign.com.br\/wp-content\/uploads\/2019\/02\/Erika_Bernardino_2019_02-768x512.jpg",768,512,true],"large":["https:\/\/construcaocivil.siriusmarketingedesign.com.br\/wp-content\/uploads\/2019\/02\/Erika_Bernardino_2019_02-1024x683.jpg",1024,683,true],"1536x1536":["https:\/\/construcaocivil.siriusmarketingedesign.com.br\/wp-content\/uploads\/2019\/02\/Erika_Bernardino_2019_02.jpg",1536,1024,false],"2048x2048":["https:\/\/construcaocivil.siriusmarketingedesign.com.br\/wp-content\/uploads\/2019\/02\/Erika_Bernardino_2019_02.jpg",2048,1365,false]},"uagb_author_info":{"display_name":"Jornal da Constru\u00e7\u00e3o Civil","author_link":"https:\/\/construcaocivil.siriusmarketingedesign.com.br\/?author=1"},"uagb_comment_info":0,"uagb_excerpt":"Fevereiro, 2019 &#8211; Erika Bernardino Apr\u00e1, 41, \u00e9 a nova presidente da Associa\u00e7\u00e3o Latino-Americana de Materiais Comp\u00f3sitos (ALMACO). Formada em publicidade e jornalismo, ela ocupou ao longo dos \u00faltimos onze anos os cargos de gerente de marketing e gestora geral da ALMACO. Seu mandato ter\u00e1 dura\u00e7\u00e3o de tr\u00eas anos, prorrog\u00e1veis por mais tr\u00eas \u2013 \u00e9&hellip;","_links":{"self":[{"href":"https:\/\/construcaocivil.siriusmarketingedesign.com.br\/index.php?rest_route=\/wp\/v2\/posts\/11063","targetHints":{"allow":["GET"]}}],"collection":[{"href":"https:\/\/construcaocivil.siriusmarketingedesign.com.br\/index.php?rest_route=\/wp\/v2\/posts"}],"about":[{"href":"https:\/\/construcaocivil.siriusmarketingedesign.com.br\/index.php?rest_route=\/wp\/v2\/types\/post"}],"author":[{"embeddable":true,"href":"https:\/\/construcaocivil.siriusmarketingedesign.com.br\/index.php?rest_route=\/wp\/v2\/users\/1"}],"replies":[{"embeddable":true,"href":"https:\/\/construcaocivil.siriusmarketingedesign.com.br\/index.php?rest_route=%2Fwp%2Fv2%2Fcomments&post=11063"}],"version-history":[{"count":0,"href":"https:\/\/construcaocivil.siriusmarketingedesign.com.br\/index.php?rest_route=\/wp\/v2\/posts\/11063\/revisions"}],"wp:featuredmedia":[{"embeddable":true,"href":"https:\/\/construcaocivil.siriusmarketingedesign.com.br\/index.php?rest_route=\/wp\/v2\/media\/11064"}],"wp:attachment":[{"href":"https:\/\/construcaocivil.siriusmarketingedesign.com.br\/index.php?rest_route=%2Fwp%2Fv2%2Fmedia&parent=11063"}],"wp:term":[{"taxonomy":"category","embeddable":true,"href":"https:\/\/construcaocivil.siriusmarketingedesign.com.br\/index.php?rest_route=%2Fwp%2Fv2%2Fcategories&post=11063"},{"taxonomy":"post_tag","embeddable":true,"href":"https:\/\/construcaocivil.siriusmarketingedesign.com.br\/index.php?rest_route=%2Fwp%2Fv2%2Ftags&post=11063"}],"curies":[{"name":"wp","href":"https:\/\/api.w.org\/{rel}","templated":true}]}}