{"id":1108,"date":"2016-03-19T17:32:55","date_gmt":"2016-03-19T17:32:55","guid":{"rendered":"http:\/\/www.jornaldaconstrucaocivil.com.br\/?p=1108"},"modified":"2016-03-19T17:32:55","modified_gmt":"2016-03-19T17:32:55","slug":"denver-imper-traz-novidades-e-praticidade-para-o-varejo-na-feicon-2016","status":"publish","type":"post","link":"https:\/\/construcaocivil.siriusmarketingedesign.com.br\/?p=1108","title":{"rendered":"Denver Imper traz novidades e praticidade para o varejo na FEICON 2016"},"content":{"rendered":"<p><span style=\"color: #000000;\"><b><i>Na 22\u00aa edi\u00e7\u00e3o da FEICON Batimat, a Denver Imper marca presen\u00e7a com seu reconhecido padr\u00e3o de qualidade, que agora pode ser encontrado n\u00e3o s\u00f3 em constru\u00e7\u00f5es de grande porte, mas tamb\u00e9m pequenas constru\u00e7\u00f5es e reformas que precisam de produtos que garantam a durabilidade de todas as obras.<\/i><\/b><\/span><\/p>\n<p><span style=\"color: #000000;\">A Denver Impermeabilizantes mais uma vez estar\u00e1 presente na maior feira de constru\u00e7\u00e3o civil da Am\u00e9rica Latina, a FEICON Batimat que acontecer\u00e1 em S\u00e3o Paulo de 12 a 16 de Abril, no pavilh\u00e3o do Anhembi. Este ano, a empresa participa com um stand totalmente focado nos conceitos, necessidades e perfil do varejo da constru\u00e7\u00e3o civil. Para os revendedores, profissionais e consumidores visitantes da feira, a Denver Impermeabilizantes montou um stand vitrine, com pain\u00e9is de produtos aplicados e uma loja pronta com os melhores produtos de impermeabiliza\u00e7\u00e3o no mercado de constru\u00e7\u00e3o.<\/span><\/p>\n<p><span style=\"color: #000000;\">A marca Denver Imper, j\u00e1 reconhecida pela aplica\u00e7\u00e3o em obras estruturais grandiosas, dedica-se agora a levar seu bom desempenho para constru\u00e7\u00f5es e reformas de quaisquer dimens\u00f5es, al\u00e9m de outras aplica\u00e7\u00f5es vers\u00e1teis. \u201cA FEICON n\u00e3o \u00e9 para n\u00f3s apenas mais uma feira para fortalecer a marca e fazer neg\u00f3cios. Para a Denver Imper \u00e9 um momento de reunir a equipe e encontrar nossos clientes, mostrar o nosso trabalho de uma forma bastante visual e principalmente fortalecer e criar relacionamentos. Ainda que com um mercado com perspectiva de baixa, cremos que os neg\u00f3cios mesmo que menores, s\u00e3o balizados pelos relacionamentos e pautados na confian\u00e7a e qualidade, por isso nosso foco na FEICON s\u00e3o as pessoas. Queremos mostrar que temos uma equipe forte, presente e que sabe a necessidade dos clientes para estabelecer neg\u00f3cios pautados no relacionamento com confian\u00e7a e qualidade.\u201d, declara Fl\u00e1vio de Camargo, gerente de marketing da Denver Imper.<\/span><\/p>\n<p><span style=\"color: #000000;\">Na linha asf\u00e1ltica, um dos lan\u00e7amentos \u00e9 a <strong>DENVERFITA<\/strong>, uma fita adesiva revestida com filme aluminizado na face superior que permite sua exposi\u00e7\u00e3o a raios U.V. e intemp\u00e9ries. \u00c9 um produto altamente aderente aos principais tipos de materiais utilizados na constru\u00e7\u00e3o. A r\u00e1pida e f\u00e1cil aplica\u00e7\u00e3o garante sua utiliza\u00e7\u00e3o em reparos imediatos em veda\u00e7\u00f5es diversas, em materiais como argamassa, concreto e metais etc.<\/span><\/p>\n<p><span style=\"color: #000000;\">Outra inova\u00e7\u00e3o \u00e9 a <strong>DENVERMANTA PRIMER ACQUA<\/strong>, uma emuls\u00e3o asf\u00e1ltica para imprima\u00e7\u00e3o, para aplica\u00e7\u00e3o a frio especialmente recomendada para substratos de concreto e argamassas, que atua como elemento de liga\u00e7\u00e3o nas aplica\u00e7\u00f5es de mantas asf\u00e1lticas.<\/span><\/p>\n<p><span style=\"color: #000000;\">Mais uma novidade \u00e9 o <strong>DENVEFLEX TRINCA<\/strong>, um selante flex\u00edvel de base acr\u00edlica, na cor branca, indicado para veda\u00e7\u00e3o de trincas, fissuras, juntas de acabamento e arremates em diversos materiais como concreto, madeira, fibrocimento, cer\u00e2mica, pedra, alvenaria, alum\u00ednio etc.. A f\u00f3rmula oferece vantagens como secagem r\u00e1pida, aplica\u00e7\u00e3o sem sujeira e ainda aceita pintura.<\/span><\/p>\n<p><span style=\"color: #000000;\">Esses produtos integram o portf\u00f3lio de produtos da Denver Imper, que j\u00e1 esteve presente em grandes obras como a Ponte Estaiada Oct\u00e1vio Frias de Oliveira (S\u00e3o Paulo), o Centro Administrativo de Minas Gerais, Est\u00e1dio Man\u00e9 Garrincha, Pal\u00e1cio do Planalto, Biblioteca da Rep\u00fablica, Museu Nacional Oscar Niemeyer, entre outras.<\/span><\/p>\n<p><span style=\"color: #000000;\">O stand da Denver Imper na 22\u00aa FEICON Batimat contar\u00e1 com especialistas da equipe t\u00e9cnica para orientar e indicar a melhor solu\u00e7\u00e3o para todas as obras.<\/span><\/p>\n<p><span style=\"color: #000000;\"><strong><em>Servi\u00e7o<\/em><\/strong><\/span><\/p>\n<p><span style=\"color: #800000;\"><strong>FEICON BATIMAT 2016 \u2013 22\u00ba Sal\u00e3o Internacional da Constru\u00e7\u00e3o<\/strong><\/span><\/p>\n<p><span style=\"color: #800000;\">Data: 12 a 16 de Abril de 2016<\/span><\/p>\n<p><span style=\"color: #800000;\">Hor\u00e1rio: 11h \u00e0s 20h, de ter\u00e7a \u00e0 sexta-feira, e de 9h \u00e0s 17h, no s\u00e1bado<\/span><\/p>\n<p><span style=\"color: #800000;\">Local: Pavilh\u00e3o de Exposi\u00e7\u00f5es do Anhembi \u2013 S\u00e3o Paulo\/SP \u2013 Brasil<\/span><\/p>\n<p><span style=\"color: #800000;\">Estande Denver Imper: C600<\/span><\/p>\n<p><strong>Outras informa\u00e7\u00f5es: <\/strong><strong><a href=\"http:\/\/www.feicon.com.br\/\" target=\"_blank\">www.FEICON.com.br\/<\/a>\u00a0<\/strong><\/p>\n<p><span style=\"color: #ff0000;\"><strong><em>Sobre a Denver Impermeabilizantes<\/em><\/strong><\/span><\/p>\n<p><span style=\"color: #000000;\">Pertencente ao grupo Formitex, a Denver Impermeabilizantes se consolidou nos \u00faltimos 30 anos como uma das maiores fabricantes nacionais de impermeabilizantes e especialidades qu\u00edmicas para a constru\u00e7\u00e3o civil, com mais de 300 colaboradores, a empresa conta com o apoio de uma equipe de profissionais qualificados e reconhecidos no mercado, dentre eles engenheiros, arquitetos, qu\u00edmicos, t\u00e9cnicos, operadores, profissionais de vendas e assist\u00eancia t\u00e9cnica, distribu\u00eddos entre a matriz localizada na cidade de Suzano (SP), a filial em Feira de Santana (BA) que est\u00e1 em expans\u00e3o e opera\u00e7\u00e3o desde 2012 e por todo o Brasil. Al\u00e9m de investir em uma equipe qualificada, a empresa investiu fortemente na amplia\u00e7\u00e3o de sua capacidade produtiva, log\u00edstica e automa\u00e7\u00e3o de seus equipamentos. <\/span><\/p>\n<p>Saiba mais em <strong><a href=\"http:\/\/www.denverimper.com.br\/\" target=\"_blank\">www.denverimper.com.br<\/a>\u00a0<\/strong><\/p>\n<p><span style=\"color: #993366;\">Fonte: Assessoria de Imprensa Denver Impermeabilizantes<\/span><\/p>\n","protected":false},"excerpt":{"rendered":"<p>Na 22\u00aa edi\u00e7\u00e3o da FEICON Batimat, a Denver Imper marca presen\u00e7a com seu reconhecido padr\u00e3o de qualidade, que agora pode ser encontrado n\u00e3o s\u00f3 em constru\u00e7\u00f5es de grande porte, mas tamb\u00e9m pequenas constru\u00e7\u00f5es e reformas que precisam de produtos que garantam a durabilidade de todas as obras. A Denver Impermeabilizantes mais uma vez estar\u00e1 presente [&hellip;]<\/p>\n","protected":false},"author":1,"featured_media":0,"comment_status":"open","ping_status":"open","sticky":false,"template":"","format":"quote","meta":{"_uag_custom_page_level_css":"","footnotes":""},"categories":[33],"tags":[135,3444,3445,3447,3448,4914,4931,5117,5671,11490],"class_list":["post-1108","post","type-post","status-publish","format-quote","hentry","category-mercado","tag-22o-salao-internacional-da-construcao","tag-denveflex-trinca","tag-denver-imper","tag-denverfita","tag-denvermanta-primer-acqua","tag-feicon-2016","tag-feira-de-santana","tag-flavio-camargo-gerente-de-marketing","tag-grupo-formitex","tag-suzano","post_format-post-format-quote"],"blocksy_meta":[],"spectra_blocks_featured_image_url":null,"spectra_blocks_author_info":{"display_name":"Jornal da Constru\u00e7\u00e3o Civil","avatar_url":"https:\/\/secure.gravatar.com\/avatar\/973c9774fd44ddaceb026973c4962faa70fc512bc4c9da68e8ebb40fecee6540?s=96&d=mm&r=g","author_link":"https:\/\/construcaocivil.siriusmarketingedesign.com.br\/?author=1","description":"Desde de 2013, levando muitas informa\u00e7\u00f5es, lan\u00e7amentos e produtos de qualidade para toda cadeia produtiva da constru\u00e7\u00e3o. O Futuro da constru\u00e7\u00e3o passa por aqui,"},"uagb_featured_image_src":{"full":false,"thumbnail":false,"medium":false,"medium_large":false,"large":false,"1536x1536":false,"2048x2048":false},"uagb_author_info":{"display_name":"Jornal da Constru\u00e7\u00e3o Civil","author_link":"https:\/\/construcaocivil.siriusmarketingedesign.com.br\/?author=1"},"uagb_comment_info":0,"uagb_excerpt":"Na 22\u00aa edi\u00e7\u00e3o da FEICON Batimat, a Denver Imper marca presen\u00e7a com seu reconhecido padr\u00e3o de qualidade, que agora pode ser encontrado n\u00e3o s\u00f3 em constru\u00e7\u00f5es de grande porte, mas tamb\u00e9m pequenas constru\u00e7\u00f5es e reformas que precisam de produtos que garantam a durabilidade de todas as obras. A Denver Impermeabilizantes mais uma vez estar\u00e1 presente&hellip;","_links":{"self":[{"href":"https:\/\/construcaocivil.siriusmarketingedesign.com.br\/index.php?rest_route=\/wp\/v2\/posts\/1108","targetHints":{"allow":["GET"]}}],"collection":[{"href":"https:\/\/construcaocivil.siriusmarketingedesign.com.br\/index.php?rest_route=\/wp\/v2\/posts"}],"about":[{"href":"https:\/\/construcaocivil.siriusmarketingedesign.com.br\/index.php?rest_route=\/wp\/v2\/types\/post"}],"author":[{"embeddable":true,"href":"https:\/\/construcaocivil.siriusmarketingedesign.com.br\/index.php?rest_route=\/wp\/v2\/users\/1"}],"replies":[{"embeddable":true,"href":"https:\/\/construcaocivil.siriusmarketingedesign.com.br\/index.php?rest_route=%2Fwp%2Fv2%2Fcomments&post=1108"}],"version-history":[{"count":0,"href":"https:\/\/construcaocivil.siriusmarketingedesign.com.br\/index.php?rest_route=\/wp\/v2\/posts\/1108\/revisions"}],"wp:attachment":[{"href":"https:\/\/construcaocivil.siriusmarketingedesign.com.br\/index.php?rest_route=%2Fwp%2Fv2%2Fmedia&parent=1108"}],"wp:term":[{"taxonomy":"category","embeddable":true,"href":"https:\/\/construcaocivil.siriusmarketingedesign.com.br\/index.php?rest_route=%2Fwp%2Fv2%2Fcategories&post=1108"},{"taxonomy":"post_tag","embeddable":true,"href":"https:\/\/construcaocivil.siriusmarketingedesign.com.br\/index.php?rest_route=%2Fwp%2Fv2%2Ftags&post=1108"}],"curies":[{"name":"wp","href":"https:\/\/api.w.org\/{rel}","templated":true}]}}