{"id":11132,"date":"2019-02-13T17:46:06","date_gmt":"2019-02-13T19:46:06","guid":{"rendered":"https:\/\/www.jornaldaconstrucaocivil.com.br\/?p=11132"},"modified":"2019-02-13T17:46:06","modified_gmt":"2019-02-13T19:46:06","slug":"construcao-leva-a-parlamentares-propostas-para-gerar-1-milhao-de-empregos","status":"publish","type":"post","link":"https:\/\/construcaocivil.siriusmarketingedesign.com.br\/?p=11132","title":{"rendered":"Constru\u00e7\u00e3o leva a parlamentares propostas para gerar 1 milh\u00e3o de empregos"},"content":{"rendered":"<p style=\"text-align: justify;\"><span style=\"color: #993300;\">Fevereiro, 2019<\/span> &#8211; Mais de 200 parlamentares federais manifestaram apoio ao projeto<strong>\u00a0&#8216;Constru\u00e7\u00e3o: 1 Milh\u00e3o de Empregos J\u00e1&#8217;<\/strong>, apresentado pela C\u00e2mara Brasileira da Ind\u00fastria da Constru\u00e7\u00e3o (CBIC) na manh\u00e3 quarta-feira (13), no B Hotel, em Bras\u00edlia. Senadores e deputados de todos os estados e do Distrito Federal acompanharam a apresenta\u00e7\u00e3o do conjunto de propostas que ter\u00e3o debate no Congresso e s\u00e3o destinadas a melhorar o ambiente de neg\u00f3cios e a retomada do investimento.<\/p>\n<p style=\"text-align: justify;\">O presidente da CBIC, Jos\u00e9 Carlos Martins, explicou que o setor da constru\u00e7\u00e3o vem desenvolvendo\u00a0<strong>alternativas que permitam ao capital privado suprir o investimento p\u00fablico<\/strong>, sobrecarregado pela crise, e voltar a empreender e gerar renda e emprego. &#8220;A \u00fanica forma de se sair de uma crise macroecon\u00f4mica \u00e9 via emprego, por isso n\u00f3s queremos convid\u00e1-los para esse projeto que visa a retomada do emprego formal, decente, com garantias trabalhistas, tudo dentro da lei&#8221;, explicou.<\/p>\n<p style=\"text-align: justify;\">Martins afirmou que a\u00a0<strong>inseguran\u00e7a jur\u00eddica inibe o investimento e que previsibilidade \u00e9 palavra b\u00e1sica para o Brasil buscar o desenvolvimento<\/strong>\u00a0nos diversos setores, especialmente na constru\u00e7\u00e3o. &#8220;N\u00e3o estamos de pires na m\u00e3o, n\u00e3o estamos pedindo benesse. Precisamos apenas ter tranquilidade para podermos trabalhar. Precisamos de seguran\u00e7a jur\u00eddica, cr\u00e9dito e planejamento. S\u00e3o bandeiras que estamos trazendo para os senhores e que j\u00e1 apresentamos ao governo federal, sinalizando nosso interesse em fazer parte da solu\u00e7\u00e3o e n\u00e3o do problema&#8221;, destacou.<\/p>\n<p style=\"text-align: justify;\">Ainda de acordo com Jos\u00e9 Carlos Martins, a CBIC est\u00e1 buscando uma uni\u00e3o nacional pelo emprego e contou com o\u00a0<strong>trabalho de base dos presidentes e dirigentes das 90 entidades associadas \u00e0 CBIC<\/strong>\u00a0\u2013 sindicatos e associa\u00e7\u00f5es da constru\u00e7\u00e3o de todo o Brasil. Foram esses associados que convidaram os parlamentares de seus estados e do DF e tamb\u00e9m se fizeram presentes ao encontro de hoje, em Bras\u00edlia. O pr\u00f3ximo passo \u00e9 reunir novamente os parlamentares para aprofundar a discuss\u00e3o dos temas apresentados.<\/p>\n<p style=\"text-align: justify;\">&#8220;O pa\u00eds abre uma nova p\u00e1gina de sua hist\u00f3ria, lastreada por uma demanda eloquente da popula\u00e7\u00e3o por outra forma de governar e exercitar a pol\u00edtica \u2013 cada vez mais focada no desenvolvimento do pais, no bem-estar do cidad\u00e3o e na defesa dos mais elevados interesses da sociedade. A agenda do desenvolvimento passa pela C\u00e2mara dos Deputados e pelo Senado Federal. A atua\u00e7\u00e3o de cada parlamentar tem sido, e continuar\u00e1 sendo, decisiva para o pr\u00f3ximo ciclo, que desejamos seja de recupera\u00e7\u00e3o da economia e avan\u00e7o nos mais diversos campos.\u00a0<strong>O Congresso nacional tem papel decisivo a cumprir, com a apresenta\u00e7\u00e3o, o exame e a aprova\u00e7\u00e3o de neg\u00f3cios favor\u00e1vel \u00e0 retomada do investimento<\/strong>\u00a0com seguran\u00e7a jur\u00eddica, maior previsibilidade e menos burocracia&#8221;, refor\u00e7ou Martins.<\/p>\n<p style=\"text-align: justify;\">Entre os temas tratados do projeto &#8216;Constru\u00e7\u00e3o: 1 Milh\u00e3o de Empregos J\u00e1&#8217; que ser\u00e3o discutidos na agenda legislativa est\u00e3o:<\/p>\n<p>\u2013 Reforma da Previd\u00eancia<\/p>\n<p>\u2013 Reforma Tribut\u00e1ria<\/p>\n<p>\u2013 Seguran\u00e7a Jur\u00eddica<\/p>\n<p>\u2013 FGTS<\/p>\n<p>\u2013 Lei de Licita\u00e7\u00f5es<\/p>\n<p>\u2013 Licenciamento Ambiental<\/p>\n<p>\u2013 \u00c1reas Contaminadas<\/p>\n<p>\u2013 Crit\u00e9rios para a paralisa\u00e7\u00e3o de obras<\/p>\n<p>\u2013 Lei Geral das Empresas de Pequeno Porte<\/p>\n<p>\u2013 Saneamento B\u00e1sico<\/p>\n<p>\u2013 Lei de Desapropria\u00e7\u00f5es<\/p>\n<p>\u2013 Securitiza\u00e7\u00e3o de Ativos<\/p>\n<p>\u2013 Garantia da obra pelo construtor (Solidez e Seguran\u00e7a das edifica\u00e7\u00f5es)<\/p>\n<p>\u2013 Aliena\u00e7\u00e3o Fiduci\u00e1ria<\/p>\n<p>\u2013 Prorroga\u00e7\u00e3o do Regime Especial Tribut\u00e1rio (RET) para obras do Programa Minha Casa Minha Vida (MCMV)<\/p>\n<p>\u2013 Redu\u00e7\u00e3o da Burocracia e Custos Cartoriais<\/p>\n<p>\u2013 Crit\u00e9rios ambientais e de sustentabilidade nas edifica\u00e7\u00f5es<\/p>\n<p>Fonte: Imprensa\/CBIC<\/p>\n","protected":false},"excerpt":{"rendered":"<p>Fevereiro, 2019 &#8211; Mais de 200 parlamentares federais manifestaram apoio ao projeto\u00a0&#8216;Constru\u00e7\u00e3o: 1 Milh\u00e3o de Empregos J\u00e1&#8217;, apresentado pela C\u00e2mara Brasileira da Ind\u00fastria da Constru\u00e7\u00e3o (CBIC) na manh\u00e3 quarta-feira (13), no B Hotel, em Bras\u00edlia. Senadores e deputados de todos os estados e do Distrito Federal acompanharam a apresenta\u00e7\u00e3o do conjunto de propostas que ter\u00e3o [&hellip;]<\/p>\n","protected":false},"author":1,"featured_media":11133,"comment_status":"open","ping_status":"open","sticky":false,"template":"","format":"standard","meta":{"_uag_custom_page_level_css":"","footnotes":""},"categories":[27],"tags":[1574,1717,2029,2758,15034,15038,3856,5020,15035,15036,14985,15040,9632,15039,15037,10791],"class_list":["post-11132","post","type-post","status-publish","format-standard","has-post-thumbnail","hentry","category-acontece","tag-brasilia-df","tag-camara-dos-deputados","tag-cbic","tag-congresso-nacional","tag-construcao-civil-construcao-1-milhao-de-empregos-ja","tag-criterios-para-a-paralisacao-de-obras","tag-economia","tag-fgts","tag-infraestrutura-negocios-favoravel-a-retomada-do-investimento","tag-investimentos-urgente-na-construcao-do-brasil","tag-ministerio-da-economia","tag-pais-forte-e-com-construcao-civil","tag-programa-minha-casa-minha-vida-mcmv","tag-reducao-da-burocracia-e-custos-cartoriais","tag-reforma-tributaria","tag-seguranca-juridica"],"blocksy_meta":[],"spectra_blocks_featured_image_url":{"thumbnail":{"url":"https:\/\/construcaocivil.siriusmarketingedesign.com.br\/wp-content\/uploads\/2019\/02\/EMPREGO-JA-150x150.jpeg","width":150,"height":150},"medium":{"url":"https:\/\/construcaocivil.siriusmarketingedesign.com.br\/wp-content\/uploads\/2019\/02\/EMPREGO-JA-300x200.jpeg","width":300,"height":200},"medium_large":{"url":"https:\/\/construcaocivil.siriusmarketingedesign.com.br\/wp-content\/uploads\/2019\/02\/EMPREGO-JA-768x512.jpeg","width":768,"height":512},"large":{"url":"https:\/\/construcaocivil.siriusmarketingedesign.com.br\/wp-content\/uploads\/2019\/02\/EMPREGO-JA-1024x683.jpeg","width":1024,"height":683},"full":{"url":"https:\/\/construcaocivil.siriusmarketingedesign.com.br\/wp-content\/uploads\/2019\/02\/EMPREGO-JA.jpeg","width":1280,"height":854}},"spectra_blocks_author_info":{"display_name":"Jornal da Constru\u00e7\u00e3o Civil","avatar_url":"https:\/\/secure.gravatar.com\/avatar\/973c9774fd44ddaceb026973c4962faa70fc512bc4c9da68e8ebb40fecee6540?s=96&d=mm&r=g","author_link":"https:\/\/construcaocivil.siriusmarketingedesign.com.br\/?author=1","description":"Desde de 2013, levando muitas informa\u00e7\u00f5es, lan\u00e7amentos e produtos de qualidade para toda cadeia produtiva da constru\u00e7\u00e3o. O Futuro da constru\u00e7\u00e3o passa por aqui,"},"uagb_featured_image_src":{"full":["https:\/\/construcaocivil.siriusmarketingedesign.com.br\/wp-content\/uploads\/2019\/02\/EMPREGO-JA.jpeg",1280,854,false],"thumbnail":["https:\/\/construcaocivil.siriusmarketingedesign.com.br\/wp-content\/uploads\/2019\/02\/EMPREGO-JA-150x150.jpeg",150,150,true],"medium":["https:\/\/construcaocivil.siriusmarketingedesign.com.br\/wp-content\/uploads\/2019\/02\/EMPREGO-JA-300x200.jpeg",300,200,true],"medium_large":["https:\/\/construcaocivil.siriusmarketingedesign.com.br\/wp-content\/uploads\/2019\/02\/EMPREGO-JA-768x512.jpeg",768,512,true],"large":["https:\/\/construcaocivil.siriusmarketingedesign.com.br\/wp-content\/uploads\/2019\/02\/EMPREGO-JA-1024x683.jpeg",1024,683,true],"1536x1536":["https:\/\/construcaocivil.siriusmarketingedesign.com.br\/wp-content\/uploads\/2019\/02\/EMPREGO-JA.jpeg",1280,854,false],"2048x2048":["https:\/\/construcaocivil.siriusmarketingedesign.com.br\/wp-content\/uploads\/2019\/02\/EMPREGO-JA.jpeg",1280,854,false]},"uagb_author_info":{"display_name":"Jornal da Constru\u00e7\u00e3o Civil","author_link":"https:\/\/construcaocivil.siriusmarketingedesign.com.br\/?author=1"},"uagb_comment_info":0,"uagb_excerpt":"Fevereiro, 2019 &#8211; Mais de 200 parlamentares federais manifestaram apoio ao projeto\u00a0&#8216;Constru\u00e7\u00e3o: 1 Milh\u00e3o de Empregos J\u00e1&#8217;, apresentado pela C\u00e2mara Brasileira da Ind\u00fastria da Constru\u00e7\u00e3o (CBIC) na manh\u00e3 quarta-feira (13), no B Hotel, em Bras\u00edlia. Senadores e deputados de todos os estados e do Distrito Federal acompanharam a apresenta\u00e7\u00e3o do conjunto de propostas que ter\u00e3o&hellip;","_links":{"self":[{"href":"https:\/\/construcaocivil.siriusmarketingedesign.com.br\/index.php?rest_route=\/wp\/v2\/posts\/11132","targetHints":{"allow":["GET"]}}],"collection":[{"href":"https:\/\/construcaocivil.siriusmarketingedesign.com.br\/index.php?rest_route=\/wp\/v2\/posts"}],"about":[{"href":"https:\/\/construcaocivil.siriusmarketingedesign.com.br\/index.php?rest_route=\/wp\/v2\/types\/post"}],"author":[{"embeddable":true,"href":"https:\/\/construcaocivil.siriusmarketingedesign.com.br\/index.php?rest_route=\/wp\/v2\/users\/1"}],"replies":[{"embeddable":true,"href":"https:\/\/construcaocivil.siriusmarketingedesign.com.br\/index.php?rest_route=%2Fwp%2Fv2%2Fcomments&post=11132"}],"version-history":[{"count":0,"href":"https:\/\/construcaocivil.siriusmarketingedesign.com.br\/index.php?rest_route=\/wp\/v2\/posts\/11132\/revisions"}],"wp:featuredmedia":[{"embeddable":true,"href":"https:\/\/construcaocivil.siriusmarketingedesign.com.br\/index.php?rest_route=\/wp\/v2\/media\/11133"}],"wp:attachment":[{"href":"https:\/\/construcaocivil.siriusmarketingedesign.com.br\/index.php?rest_route=%2Fwp%2Fv2%2Fmedia&parent=11132"}],"wp:term":[{"taxonomy":"category","embeddable":true,"href":"https:\/\/construcaocivil.siriusmarketingedesign.com.br\/index.php?rest_route=%2Fwp%2Fv2%2Fcategories&post=11132"},{"taxonomy":"post_tag","embeddable":true,"href":"https:\/\/construcaocivil.siriusmarketingedesign.com.br\/index.php?rest_route=%2Fwp%2Fv2%2Ftags&post=11132"}],"curies":[{"name":"wp","href":"https:\/\/api.w.org\/{rel}","templated":true}]}}