{"id":11142,"date":"2019-02-15T12:46:24","date_gmt":"2019-02-15T14:46:24","guid":{"rendered":"https:\/\/www.jornaldaconstrucaocivil.com.br\/?p=11142"},"modified":"2019-02-15T12:46:24","modified_gmt":"2019-02-15T14:46:24","slug":"e-sabado-feira-do-bem-tem-diversao-garantida-e-gratuita-em-sao-paulo-com-a-presenca-vip-de-nadja-haddad","status":"publish","type":"post","link":"https:\/\/construcaocivil.siriusmarketingedesign.com.br\/?p=11142","title":{"rendered":"\u00c9 s\u00e1bado! Feira do Bem tem divers\u00e3o garantida e gratuita em S\u00e3o Paulo com a presen\u00e7a VIP de Nadja Haddad!"},"content":{"rendered":"<p style=\"text-align: justify;\"><span style=\"color: #993300;\">Fevereiro, 2019<\/span> &#8211; Programe-se para um\u00a0<span style=\"color: #0000ff;\"><a style=\"color: #0000ff;\" href=\"https:\/\/www.facebook.com\/events\/1647225405377768\/1681637398603235\/?notif_t=admin_plan_mall_activity&amp;notif_id=1549825223473354\" target=\"_blank\" rel=\"noopener noreferrer\">evento imperd\u00edvel<\/a>!<\/span> A pr\u00f3xima edi\u00e7\u00e3o da Feira do Bem est\u00e1 cheia de novidades e muitas atra\u00e7\u00f5es em um ambiente arborizado, ao ar livre. O evento acontece, de forma gratuita, s\u00e1bado, dia 16 de fevereiro, na Pra\u00e7a Pereira Coutinho, no cora\u00e7\u00e3o da Vila Nova Concei\u00e7\u00e3o.<\/p>\n<p style=\"text-align: justify;\">Durante o dia todo, haver\u00e1 brincadeiras tradicionais de rua, para reviver e participar em fam\u00edlia, como pular corda, carrinho de rolim\u00e3, cabo de guerra, corrida do saco, peteca, perna de pau, amarelinha, bambol\u00ea, estrel\u00e3o e caxangu\u00e1, pi\u00e3o, bolinha de gude, entre outras.<\/p>\n<figure id=\"attachment_11144\" aria-describedby=\"caption-attachment-11144\" style=\"width: 300px\" class=\"wp-caption alignleft\"><img loading=\"lazy\" decoding=\"async\" class=\"size-medium wp-image-11144\" src=\"https:\/\/www.jornaldaconstrucaocivil.com.br\/wp-content\/uploads\/2019\/02\/TIAGO-II-OK-300x200.jpg\" alt=\"\" width=\"300\" height=\"200\" srcset=\"https:\/\/construcaocivil.siriusmarketingedesign.com.br\/wp-content\/uploads\/2019\/02\/TIAGO-II-OK-300x200.jpg 300w, https:\/\/construcaocivil.siriusmarketingedesign.com.br\/wp-content\/uploads\/2019\/02\/TIAGO-II-OK-768x512.jpg 768w, https:\/\/construcaocivil.siriusmarketingedesign.com.br\/wp-content\/uploads\/2019\/02\/TIAGO-II-OK-1024x683.jpg 1024w, https:\/\/construcaocivil.siriusmarketingedesign.com.br\/wp-content\/uploads\/2019\/02\/TIAGO-II-OK-450x300.jpg 450w, https:\/\/construcaocivil.siriusmarketingedesign.com.br\/wp-content\/uploads\/2019\/02\/TIAGO-II-OK.jpg 1037w\" sizes=\"auto, (max-width: 300px) 100vw, 300px\" \/><figcaption id=\"caption-attachment-11144\" class=\"wp-caption-text\">Divulga\u00e7\u00e3o. Foto de Tiago Lasak<\/figcaption><\/figure>\n<p style=\"text-align: justify;\">Al\u00e9m disso, ser\u00e1 poss\u00edvel tirar uma foto dentro de uma bolha de Sab\u00e3o gigante com a Recriar Festas; degustar os azeites da K-Lab e escutar as hist\u00f3rias do Victor, criador da marca; pedalar para fazer o pr\u00f3prio suco, com o time da Yba Bike, em uma iniciativa divertida e ecol\u00f3gica; al\u00e9m de experimentar o sorvete de waffle da Oop, sucesso absoluto na edi\u00e7\u00e3o anterior.<\/p>\n<p style=\"text-align: justify;\">Durante todo o dia, quem estiver na Feria ser\u00e1 surpreendido com a facilidade de fazer o bem. As mais de 07 ONGs e projetos presentes s\u00e3o um convite \u00e0 gentileza. O Instituto Amor em Mechas, que entrega um kit de amor para mulheres em tratamento quimioter\u00e1pico, por exemplo, vai possibilitar a doa\u00e7\u00e3o de 15 cm de cabelo ou de uma\u00a0<strong><u>\u00fanica mecha<\/u><\/strong>, que pode ser cortada na hora por um profissional ou j\u00e1 trazidas de casa, contribuindo e muito para a autoestima das mulheres em tratamento.<\/p>\n<p style=\"text-align: justify;\">Al\u00e9m disso estar\u00e3o presentes a Casas Andr\u00e9 Luiz, Amigos do Bem, ambas premiadas entre as 100 melhores do Brasil em 2018. Outra ONG presente ser\u00e1 o Projeto Solidariedade com Arte, que ensinar\u00e1 a fazer mosaico &#8211; arte ensinada para dar uma profiss\u00e3o aos moradores de rua \u2013 e produzir uma pe\u00e7a para ser levada para casa.<\/p>\n<p style=\"text-align: justify;\">Al\u00e9m disso, haver\u00e1 oficinas de slime, ponte de balas de gomas, filtro dos sonhos, lettering e muito mais. Esta edi\u00e7\u00e3o ter\u00e1 participa\u00e7\u00e3o\u00a0<strong>VIP<\/strong>\u00a0da\u00a0<strong>Nadja Haddad<\/strong>, apresentadora do programa Bake Off Brasil do SBT, que \u00e9 madrinha de duas ONGs presentes.<\/p>\n<p style=\"text-align: justify;\">Ser\u00e1 poss\u00edvel, ainda, assistir a uma apresenta\u00e7\u00e3o da Cia Ballet de Cegos e \u00e0 nova coreografia do artista mirim Michel, que j\u00e1 teve aulas com Rodrigo Teaser, cover do Michael Jackson, e Lavelle Smith, core\u00f3grafo oficial do Rei do Pop por 23 anos.<\/p>\n<p style=\"text-align: justify;\">As marcas autorais reunir\u00e3o moda infantil, moda feminina e masculina, moda praia, design, artigos para casa, cer\u00e2mica, decora\u00e7\u00e3o, artigos para pet, brinquedos e uma infinidade de del\u00edcias de mercearia em geral (queijo, geleias, p\u00e3o, azeite, ch\u00e1, pimentas, temperos, entre outros). Haver\u00e1 op\u00e7\u00f5es de almo\u00e7os e lanches, como bai\u00e3o de dois, crepes, dadinhos de tapioca, drinks exclusivos e cervejas artesanais deliciosas.<\/p>\n<p><strong>O que voc\u00ea vai encontrar na FEIRA DO BEM:<\/strong><\/p>\n<ul>\n<li>Mais de 120 marcas autorais expositoras;<\/li>\n<li>Brincadeiras de rua em fam\u00edlia;<\/li>\n<li>Oficinas Gratuitas* de Mosaico, Filtro dos Sonhos, Lettering, Abayomi, Ponte de Balas de Goma e Slime;<\/li>\n<li>Apresenta\u00e7\u00f5es Art\u00edsticas;<\/li>\n<li>Foto dentro da Bolha de Sab\u00e3o Gigante;<\/li>\n<li>\u00c1rea de Alimenta\u00e7\u00e3o;<\/li>\n<li>Mais de 07 ONGs \/ Projetos participantes.<\/li>\n<\/ul>\n<p>*vagas limitadas<\/p>\n<p><strong>Confira os hor\u00e1rios das atra\u00e7\u00f5es:<\/strong><\/p>\n<p>10h30 as 11h30 &#8211; Roda Brincalal\u00e1, um encontro com m\u00fasicas, hist\u00f3rias e brincadeiras sensoriais para crian\u00e7as de 0 a 3 anos<\/p>\n<p>11h &#8211; Oficina de Filtro dos Sonhos<\/p>\n<p>11h30 &#8211; Oficina de Slime<\/p>\n<p>12h &#8211; Oficina de Abayomi<\/p>\n<p>12h30 &#8211; Oficina de Ponte de Balas de Goma<\/p>\n<p>13h &#8211; Oficina de Lettering<\/p>\n<p>14h &#8211; Oficina de Abayomi<\/p>\n<p>14h30 &#8211; Oficina de Slime<\/p>\n<p>15h &#8211; Oficina de Mosaico<\/p>\n<p>15h30 &#8211; Oficina de Ponte de Balas de Goma<\/p>\n<p>16h30 &#8211; Apresenta\u00e7\u00e3o Especial Michel Atie<\/p>\n<p>Brincadeiras de Rua \u2013 das 11h \u00e0s 17h<\/p>\n<p>Bolha de Sab\u00e3o Gigante com Foto \u2013 das 12h30 \u00e0s 15h30<\/p>\n<p><strong>Servi\u00e7o:<\/strong><\/p>\n<p>Evento Feira do Bem \u2013 Por Um Mundo Melhor!<\/p>\n<p>Data: 16\/02, S\u00e1bado<\/p>\n<p>Hor\u00e1rio: das 10h \u00e0s 19h<\/p>\n<p>Local: Pra\u00e7a Pereira Coutinho \u2013 Vila Nova Concei\u00e7\u00e3o<\/p>\n<p>(pr\u00f3xima ao parque do Ibirapuera \u2013 entre as Ruas Baltazar da Veiga e Domingos Fernandes)<\/p>\n<p><strong>Mais informa\u00e7\u00f5es:<\/strong><\/p>\n<p><span style=\"color: #0000ff;\"><a style=\"color: #0000ff;\" href=\"https:\/\/www.facebook.com\/feiradobemoficial\/\" target=\"_blank\" rel=\"noopener noreferrer\">https:\/\/www.facebook.com\/feiradobemoficial\/<\/a><\/span><\/p>\n<p><span style=\"color: #0000ff;\"><a style=\"color: #0000ff;\" href=\"https:\/\/www.instagram.com\/feiradobemoficial\/\" target=\"_blank\" rel=\"noopener noreferrer\">https:\/\/www.instagram.com\/feiradobemoficial\/<\/a><\/span><\/p>\n<p>&nbsp;<\/p>\n<p>&nbsp;<\/p>\n","protected":false},"excerpt":{"rendered":"<p>Fevereiro, 2019 &#8211; Programe-se para um\u00a0evento imperd\u00edvel! A pr\u00f3xima edi\u00e7\u00e3o da Feira do Bem est\u00e1 cheia de novidades e muitas atra\u00e7\u00f5es em um ambiente arborizado, ao ar livre. O evento acontece, de forma gratuita, s\u00e1bado, dia 16 de fevereiro, na Pra\u00e7a Pereira Coutinho, no cora\u00e7\u00e3o da Vila Nova Concei\u00e7\u00e3o. Durante o dia todo, haver\u00e1 brincadeiras [&hellip;]<\/p>\n","protected":false},"author":1,"featured_media":11143,"comment_status":"open","ping_status":"open","sticky":false,"template":"","format":"standard","meta":{"_uag_custom_page_level_css":"","footnotes":""},"categories":[37],"tags":[15055,15058,15054,2245,15062,15052,15056,15057,15059,15060,15053,15061],"class_list":["post-11142","post","type-post","status-publish","format-standard","has-post-thumbnail","hentry","category-sustentabilidade","tag-bolha-de-sabao-gigante","tag-bolha-de-sabao-gigante-com-foto","tag-brincadeiras-e-atracoes-musicais","tag-cidadania-e-sustentabilidade","tag-ecologia-urbana","tag-feira-do-bem-sp","tag-ocupar-pracas-publicas","tag-oficina-de-abayomi","tag-praca-pereira-coutinho","tag-teatro-e-brincadeiras","tag-vila-nova-conceicao-sp","tag-yba-bike-passeio-de-bicicleta"],"blocksy_meta":[],"spectra_blocks_featured_image_url":{"thumbnail":{"url":"https:\/\/construcaocivil.siriusmarketingedesign.com.br\/wp-content\/uploads\/2019\/02\/FEIRA-DO-BEM-150x150.jpg","width":150,"height":150},"medium":{"url":"https:\/\/construcaocivil.siriusmarketingedesign.com.br\/wp-content\/uploads\/2019\/02\/FEIRA-DO-BEM-300x200.jpg","width":300,"height":200},"medium_large":{"url":"https:\/\/construcaocivil.siriusmarketingedesign.com.br\/wp-content\/uploads\/2019\/02\/FEIRA-DO-BEM-768x512.jpg","width":768,"height":512},"large":{"url":"https:\/\/construcaocivil.siriusmarketingedesign.com.br\/wp-content\/uploads\/2019\/02\/FEIRA-DO-BEM-1024x683.jpg","width":1024,"height":683},"full":{"url":"https:\/\/construcaocivil.siriusmarketingedesign.com.br\/wp-content\/uploads\/2019\/02\/FEIRA-DO-BEM-e1550241391486.jpg","width":1200,"height":800}},"spectra_blocks_author_info":{"display_name":"Jornal da Constru\u00e7\u00e3o Civil","avatar_url":"https:\/\/secure.gravatar.com\/avatar\/973c9774fd44ddaceb026973c4962faa70fc512bc4c9da68e8ebb40fecee6540?s=96&d=mm&r=g","author_link":"https:\/\/construcaocivil.siriusmarketingedesign.com.br\/?author=1","description":"Desde de 2013, levando muitas informa\u00e7\u00f5es, lan\u00e7amentos e produtos de qualidade para toda cadeia produtiva da constru\u00e7\u00e3o. O Futuro da constru\u00e7\u00e3o passa por aqui,"},"uagb_featured_image_src":{"full":["https:\/\/construcaocivil.siriusmarketingedesign.com.br\/wp-content\/uploads\/2019\/02\/FEIRA-DO-BEM-e1550241391486.jpg",1200,800,false],"thumbnail":["https:\/\/construcaocivil.siriusmarketingedesign.com.br\/wp-content\/uploads\/2019\/02\/FEIRA-DO-BEM-150x150.jpg",150,150,true],"medium":["https:\/\/construcaocivil.siriusmarketingedesign.com.br\/wp-content\/uploads\/2019\/02\/FEIRA-DO-BEM-300x200.jpg",300,200,true],"medium_large":["https:\/\/construcaocivil.siriusmarketingedesign.com.br\/wp-content\/uploads\/2019\/02\/FEIRA-DO-BEM-768x512.jpg",768,512,true],"large":["https:\/\/construcaocivil.siriusmarketingedesign.com.br\/wp-content\/uploads\/2019\/02\/FEIRA-DO-BEM-1024x683.jpg",1024,683,true],"1536x1536":["https:\/\/construcaocivil.siriusmarketingedesign.com.br\/wp-content\/uploads\/2019\/02\/FEIRA-DO-BEM-e1550241391486.jpg",1200,800,false],"2048x2048":["https:\/\/construcaocivil.siriusmarketingedesign.com.br\/wp-content\/uploads\/2019\/02\/FEIRA-DO-BEM-e1550241391486.jpg",1200,800,false]},"uagb_author_info":{"display_name":"Jornal da Constru\u00e7\u00e3o Civil","author_link":"https:\/\/construcaocivil.siriusmarketingedesign.com.br\/?author=1"},"uagb_comment_info":0,"uagb_excerpt":"Fevereiro, 2019 &#8211; Programe-se para um\u00a0evento imperd\u00edvel! A pr\u00f3xima edi\u00e7\u00e3o da Feira do Bem est\u00e1 cheia de novidades e muitas atra\u00e7\u00f5es em um ambiente arborizado, ao ar livre. O evento acontece, de forma gratuita, s\u00e1bado, dia 16 de fevereiro, na Pra\u00e7a Pereira Coutinho, no cora\u00e7\u00e3o da Vila Nova Concei\u00e7\u00e3o. Durante o dia todo, haver\u00e1 brincadeiras&hellip;","_links":{"self":[{"href":"https:\/\/construcaocivil.siriusmarketingedesign.com.br\/index.php?rest_route=\/wp\/v2\/posts\/11142","targetHints":{"allow":["GET"]}}],"collection":[{"href":"https:\/\/construcaocivil.siriusmarketingedesign.com.br\/index.php?rest_route=\/wp\/v2\/posts"}],"about":[{"href":"https:\/\/construcaocivil.siriusmarketingedesign.com.br\/index.php?rest_route=\/wp\/v2\/types\/post"}],"author":[{"embeddable":true,"href":"https:\/\/construcaocivil.siriusmarketingedesign.com.br\/index.php?rest_route=\/wp\/v2\/users\/1"}],"replies":[{"embeddable":true,"href":"https:\/\/construcaocivil.siriusmarketingedesign.com.br\/index.php?rest_route=%2Fwp%2Fv2%2Fcomments&post=11142"}],"version-history":[{"count":0,"href":"https:\/\/construcaocivil.siriusmarketingedesign.com.br\/index.php?rest_route=\/wp\/v2\/posts\/11142\/revisions"}],"wp:featuredmedia":[{"embeddable":true,"href":"https:\/\/construcaocivil.siriusmarketingedesign.com.br\/index.php?rest_route=\/wp\/v2\/media\/11143"}],"wp:attachment":[{"href":"https:\/\/construcaocivil.siriusmarketingedesign.com.br\/index.php?rest_route=%2Fwp%2Fv2%2Fmedia&parent=11142"}],"wp:term":[{"taxonomy":"category","embeddable":true,"href":"https:\/\/construcaocivil.siriusmarketingedesign.com.br\/index.php?rest_route=%2Fwp%2Fv2%2Fcategories&post=11142"},{"taxonomy":"post_tag","embeddable":true,"href":"https:\/\/construcaocivil.siriusmarketingedesign.com.br\/index.php?rest_route=%2Fwp%2Fv2%2Ftags&post=11142"}],"curies":[{"name":"wp","href":"https:\/\/api.w.org\/{rel}","templated":true}]}}