{"id":11161,"date":"2019-02-19T11:38:18","date_gmt":"2019-02-19T14:38:18","guid":{"rendered":"https:\/\/www.jornaldaconstrucaocivil.com.br\/?p=11161"},"modified":"2019-02-19T11:38:18","modified_gmt":"2019-02-19T14:38:18","slug":"expo-revestir-2019-arauco-melamina-apresenta-o-padrao-tinto","status":"publish","type":"post","link":"https:\/\/construcaocivil.siriusmarketingedesign.com.br\/?p=11161","title":{"rendered":"Expo Revestir 2019:  Arauco Melamina apresenta o padr\u00e3o Tinto"},"content":{"rendered":"<p style=\"text-align: justify;\"><span style=\"color: #993300;\">Fevereiro, 2019<\/span> &#8211; A\u00a0<span style=\"color: #0000ff;\"><strong>Arauco Melamina<\/strong><\/span>\u00a0\u2013 uma das l\u00edderes globais no setor de pain\u00e9is elaborados com madeira de fontes renov\u00e1veis \u2013 tem entre seus objetivos se firmar como refer\u00eancia no desenvolvimento de revestimentos de alto valor agregado. Para a Expo Revestir 2019, que acontece de 12 a 15 de mar\u00e7o no Transamerica Expo Center, em S\u00e3o Paulo, a empresa apresenta o padr\u00e3o Tinto, madeirado de tons escuros in\u00e9dito no portf\u00f3lio da marca.<\/p>\n<p style=\"text-align: justify;\">A novidade se inspira nos barris de madeira utilizados no envelhecimento dos vinhos da c\u00eanica Lombardia, na It\u00e1lia, despertando poeticamente os sentidos para desvendar a buc\u00f3lica regi\u00e3o, evocando ainda a beleza e a sofistica\u00e7\u00e3o na simplicidade da vida nas pequenas cidades italianas.<\/p>\n<p style=\"text-align: justify;\">O painel traz em sua superf\u00edcie o desenho da elegante madeira carvalho tons avermelhados e discretos contrastes que transmite aconchego e um toque de exclusividade aos ambientes. A versatilidade permite que ele seja combinado com diferentes cores e madeirados, sendo ideal para paginar paredes, mobili\u00e1rio personalizado, tampos de m\u00f3veis soltos e bancadas de espa\u00e7os gourmet.<\/p>\n<p style=\"text-align: justify;\">Tinto \u00e9 um dos cinco padr\u00f5es do Lan\u00e7amento Avante!, grande destaque da Arauco Melamina para a Expo Revestir, propondo novos conceitos e interpreta\u00e7\u00f5es para impulsionar a consolida\u00e7\u00e3o de novas ideias que movem o mundo avante com originalidade.<\/p>\n<p>Mais informa\u00e7\u00f5es:\u00a0<span style=\"color: #0000ff;\"><a style=\"color: #0000ff;\" href=\"http:\/\/www.arauco.com.br\" target=\"_blank\" rel=\"noopener\" data-saferedirecturl=\"https:\/\/www.google.com\/url?q=https:\/\/denisedelalamoreleases.com\/link.php?code%3DbDpodHRwJTNBJTJGJTJGd3d3LmFyYXVjby5jb20uYnI6MTQ4MzA2NTczMjp3ZWJvYnJhc0BnbWFpbC5jb206NDUyZmRm&amp;source=gmail&amp;ust=1550672274202000&amp;usg=AFQjCNH8b47ll_wHejPW0sFxK7HjbtHdtg\">www.arauco.com.br<\/a><\/span><\/p>\n<p><strong>Servi\u00e7o<\/strong><\/p>\n<p><strong>Arauco Melamina na 17\u00aa Expo Revestir<\/strong><\/p>\n<p>Estande: 1066 (Pavilh\u00e3o A)<\/p>\n<p>Per\u00edodo: de 12 a 15 de mar\u00e7o de 2019<\/p>\n<p>Hor\u00e1rio: das 10h \u00e0s 19h<\/p>\n<p>Local: Transamerica Expo Center &#8211; Avenida Doutor M\u00e1rio Vilas Boas Rodrigues, 387, S\u00e3o Paulo\/SP<\/p>\n","protected":false},"excerpt":{"rendered":"<p>Fevereiro, 2019 &#8211; A\u00a0Arauco Melamina\u00a0\u2013 uma das l\u00edderes globais no setor de pain\u00e9is elaborados com madeira de fontes renov\u00e1veis \u2013 tem entre seus objetivos se firmar como refer\u00eancia no desenvolvimento de revestimentos de alto valor agregado. Para a Expo Revestir 2019, que acontece de 12 a 15 de mar\u00e7o no Transamerica Expo Center, em S\u00e3o [&hellip;]<\/p>\n","protected":false},"author":1,"featured_media":11162,"comment_status":"open","ping_status":"open","sticky":false,"template":"","format":"standard","meta":{"_uag_custom_page_level_css":"","footnotes":""},"categories":[28],"tags":[15098,15101,15102,15095,15100,15097,15103,15099,15096,10679,11873],"class_list":["post-11161","post","type-post","status-publish","format-standard","has-post-thumbnail","hentry","category-arquitetura","tag-arauco-lanca-novidades-para-casa","tag-arauco-melamina","tag-bancadas-de-espacos-gourmet","tag-casa-e-decoracao-2019","tag-decoracao-paineis-elaborados-de-madeiras","tag-expo-revestir-2019","tag-moveis-soltos","tag-mundo-da-ecoracao-lojas-de-decoracao-e-moveis","tag-novidades-para-lojistas-decoracao","tag-sao-paulo-sp","tag-transamerica-expo-center"],"blocksy_meta":[],"spectra_blocks_featured_image_url":{"thumbnail":{"url":"https:\/\/construcaocivil.siriusmarketingedesign.com.br\/wp-content\/uploads\/2019\/02\/ARAUCO-150x150.jpg","width":150,"height":150},"medium":{"url":"https:\/\/construcaocivil.siriusmarketingedesign.com.br\/wp-content\/uploads\/2019\/02\/ARAUCO-300x180.jpg","width":300,"height":180},"medium_large":{"url":"https:\/\/construcaocivil.siriusmarketingedesign.com.br\/wp-content\/uploads\/2019\/02\/ARAUCO-768x461.jpg","width":768,"height":461},"large":{"url":"https:\/\/construcaocivil.siriusmarketingedesign.com.br\/wp-content\/uploads\/2019\/02\/ARAUCO-1024x614.jpg","width":1024,"height":614},"full":{"url":"https:\/\/construcaocivil.siriusmarketingedesign.com.br\/wp-content\/uploads\/2019\/02\/ARAUCO.jpg","width":1440,"height":864}},"spectra_blocks_author_info":{"display_name":"Jornal da Constru\u00e7\u00e3o Civil","avatar_url":"https:\/\/secure.gravatar.com\/avatar\/973c9774fd44ddaceb026973c4962faa70fc512bc4c9da68e8ebb40fecee6540?s=96&d=mm&r=g","author_link":"https:\/\/construcaocivil.siriusmarketingedesign.com.br\/?author=1","description":"Desde de 2013, levando muitas informa\u00e7\u00f5es, lan\u00e7amentos e produtos de qualidade para toda cadeia produtiva da constru\u00e7\u00e3o. O Futuro da constru\u00e7\u00e3o passa por aqui,"},"uagb_featured_image_src":{"full":["https:\/\/construcaocivil.siriusmarketingedesign.com.br\/wp-content\/uploads\/2019\/02\/ARAUCO.jpg",1440,864,false],"thumbnail":["https:\/\/construcaocivil.siriusmarketingedesign.com.br\/wp-content\/uploads\/2019\/02\/ARAUCO-150x150.jpg",150,150,true],"medium":["https:\/\/construcaocivil.siriusmarketingedesign.com.br\/wp-content\/uploads\/2019\/02\/ARAUCO-300x180.jpg",300,180,true],"medium_large":["https:\/\/construcaocivil.siriusmarketingedesign.com.br\/wp-content\/uploads\/2019\/02\/ARAUCO-768x461.jpg",768,461,true],"large":["https:\/\/construcaocivil.siriusmarketingedesign.com.br\/wp-content\/uploads\/2019\/02\/ARAUCO-1024x614.jpg",1024,614,true],"1536x1536":["https:\/\/construcaocivil.siriusmarketingedesign.com.br\/wp-content\/uploads\/2019\/02\/ARAUCO.jpg",1440,864,false],"2048x2048":["https:\/\/construcaocivil.siriusmarketingedesign.com.br\/wp-content\/uploads\/2019\/02\/ARAUCO.jpg",1440,864,false]},"uagb_author_info":{"display_name":"Jornal da Constru\u00e7\u00e3o Civil","author_link":"https:\/\/construcaocivil.siriusmarketingedesign.com.br\/?author=1"},"uagb_comment_info":0,"uagb_excerpt":"Fevereiro, 2019 &#8211; A\u00a0Arauco Melamina\u00a0\u2013 uma das l\u00edderes globais no setor de pain\u00e9is elaborados com madeira de fontes renov\u00e1veis \u2013 tem entre seus objetivos se firmar como refer\u00eancia no desenvolvimento de revestimentos de alto valor agregado. Para a Expo Revestir 2019, que acontece de 12 a 15 de mar\u00e7o no Transamerica Expo Center, em S\u00e3o&hellip;","_links":{"self":[{"href":"https:\/\/construcaocivil.siriusmarketingedesign.com.br\/index.php?rest_route=\/wp\/v2\/posts\/11161","targetHints":{"allow":["GET"]}}],"collection":[{"href":"https:\/\/construcaocivil.siriusmarketingedesign.com.br\/index.php?rest_route=\/wp\/v2\/posts"}],"about":[{"href":"https:\/\/construcaocivil.siriusmarketingedesign.com.br\/index.php?rest_route=\/wp\/v2\/types\/post"}],"author":[{"embeddable":true,"href":"https:\/\/construcaocivil.siriusmarketingedesign.com.br\/index.php?rest_route=\/wp\/v2\/users\/1"}],"replies":[{"embeddable":true,"href":"https:\/\/construcaocivil.siriusmarketingedesign.com.br\/index.php?rest_route=%2Fwp%2Fv2%2Fcomments&post=11161"}],"version-history":[{"count":0,"href":"https:\/\/construcaocivil.siriusmarketingedesign.com.br\/index.php?rest_route=\/wp\/v2\/posts\/11161\/revisions"}],"wp:featuredmedia":[{"embeddable":true,"href":"https:\/\/construcaocivil.siriusmarketingedesign.com.br\/index.php?rest_route=\/wp\/v2\/media\/11162"}],"wp:attachment":[{"href":"https:\/\/construcaocivil.siriusmarketingedesign.com.br\/index.php?rest_route=%2Fwp%2Fv2%2Fmedia&parent=11161"}],"wp:term":[{"taxonomy":"category","embeddable":true,"href":"https:\/\/construcaocivil.siriusmarketingedesign.com.br\/index.php?rest_route=%2Fwp%2Fv2%2Fcategories&post=11161"},{"taxonomy":"post_tag","embeddable":true,"href":"https:\/\/construcaocivil.siriusmarketingedesign.com.br\/index.php?rest_route=%2Fwp%2Fv2%2Ftags&post=11161"}],"curies":[{"name":"wp","href":"https:\/\/api.w.org\/{rel}","templated":true}]}}