{"id":11188,"date":"2019-02-21T12:25:23","date_gmt":"2019-02-21T15:25:23","guid":{"rendered":"https:\/\/www.jornaldaconstrucaocivil.com.br\/?p=11188"},"modified":"2019-02-21T16:01:45","modified_gmt":"2019-02-21T19:01:45","slug":"nova-reforma-da-previdencia-pune-trabalhadores-deixa-livres-militares-e-juizes-e-direciona-dinheiro-para-bancos-brasil-segue-ladeira-abaixo","status":"publish","type":"post","link":"https:\/\/construcaocivil.siriusmarketingedesign.com.br\/?p=11188","title":{"rendered":"Nova Reforma da Previd\u00eancia pune trabalhadores, deixa livre militares, ju\u00edzes e direciona, dinheiro para bancos.  Brasil segue ladeira abaixo"},"content":{"rendered":"<p><span style=\"color: #0000ff;\"><em>Por Rose Pires\u00a0<\/em><\/span><\/p>\n<p style=\"text-align: justify;\"><span style=\"color: #993300;\">Fevereiro, 2019<\/span> &#8211; Se n\u00e3o bastasse uma anomalia total do governo na esfera econ\u00f4mica, corrup\u00e7\u00e3o no Partido Laranja e o sumi\u00e7o do Quieroz, a equipe do Ministro Paulo Guedes apresentou ontem (20), na C\u00e2mara dos deputados e no Senado Federal, a t\u00e3o sonhada Reforma da Previd\u00eancia, com o argumento de que o projeto da Reforma ir\u00e1 economizar R$ 1 trilh\u00e3o em 10 anos, levar\u00e1 igualdade \u00e9 justi\u00e7a para todos., al\u00e9m de equilibrar o d\u00e9ficit p\u00fablico.<\/p>\n<p style=\"text-align: justify;\">A l\u00f3gica de estado m\u00ednimo e eficiente n\u00e3o parece condicente com alguns pontos da reforma.\u00a0 Militares, Ju\u00edzes, Deputados e Policiais, n\u00e3o tiveram propostas apresentadas ontem por qu\u00ea?<\/p>\n<p style=\"text-align: justify;\">Afinal s\u00e9 \u00e9 para economizar, ent\u00e3o, inclua todos os trabalhadores, da elite do servi\u00e7o p\u00fablico aos mais humildes, sem exce\u00e7\u00e3o.\u00a0 Segundo Jair Bolsonaro e Paulo Guedes, o estado brasileiro \u00e9 muito ineficiente.\u00a0 Temos que saber para quem o estado \u00e9 ineficiente? A FORD j\u00e1 se mandou do pa\u00eds, deixando mais de 25 mil demitidos.<\/p>\n<p><span style=\"color: #0000ff;\">Por fim, algu\u00e9m ouviu falar da gera\u00e7\u00e3o de empregos pelo governo Bolsonaro?<\/span><\/p>\n","protected":false},"excerpt":{"rendered":"<p>Por Rose Pires\u00a0 Fevereiro, 2019 &#8211; Se n\u00e3o bastasse uma anomalia total do governo na esfera econ\u00f4mica, corrup\u00e7\u00e3o no Partido Laranja e o sumi\u00e7o do Quieroz, a equipe do Ministro Paulo Guedes apresentou ontem (20), na C\u00e2mara dos deputados e no Senado Federal, a t\u00e3o sonhada Reforma da Previd\u00eancia, com o argumento de que o [&hellip;]<\/p>\n","protected":false},"author":1,"featured_media":10456,"comment_status":"open","ping_status":"open","sticky":false,"template":"","format":"standard","meta":{"_uag_custom_page_level_css":"","footnotes":""},"categories":[27],"tags":[15155,15159,15151,1569,15153,3898,15157,15158,15154,15156,15152,15150,10375],"class_list":["post-11188","post","type-post","status-publish","format-standard","has-post-thumbnail","hentry","category-acontece","tag-27-milhoes-na-informalidade","tag-acabou-justica-do-trabalho","tag-bancos-lucram-bilhoes","tag-brasilia","tag-construcao-civil-segue-sem-investimentos","tag-economia-parada","tag-fgts-do-trabalhador-ira-para-bancos","tag-ford-fecha-fabrica-25-mil-desempregados","tag-governo-federal-apresenta-propostas-postivas-para-o-brasil","tag-idosos-vao-ficar-aposentadorias","tag-minsterio-da-economia","tag-nova-reforma-da-previdencia-pune-trabalhadores","tag-rio-de-janeiro"],"blocksy_meta":[],"spectra_blocks_featured_image_url":{"thumbnail":{"url":"https:\/\/construcaocivil.siriusmarketingedesign.com.br\/wp-content\/uploads\/2018\/10\/Desemprego-150x150.jpg","width":150,"height":150},"medium":{"url":"https:\/\/construcaocivil.siriusmarketingedesign.com.br\/wp-content\/uploads\/2018\/10\/Desemprego-300x225.jpg","width":300,"height":225},"medium_large":{"url":"https:\/\/construcaocivil.siriusmarketingedesign.com.br\/wp-content\/uploads\/2018\/10\/Desemprego-768x576.jpg","width":768,"height":576},"large":{"url":"https:\/\/construcaocivil.siriusmarketingedesign.com.br\/wp-content\/uploads\/2018\/10\/Desemprego.jpg","width":768,"height":576},"full":{"url":"https:\/\/construcaocivil.siriusmarketingedesign.com.br\/wp-content\/uploads\/2018\/10\/Desemprego.jpg","width":768,"height":576}},"spectra_blocks_author_info":{"display_name":"Jornal da Constru\u00e7\u00e3o Civil","avatar_url":"https:\/\/secure.gravatar.com\/avatar\/973c9774fd44ddaceb026973c4962faa70fc512bc4c9da68e8ebb40fecee6540?s=96&d=mm&r=g","author_link":"https:\/\/construcaocivil.siriusmarketingedesign.com.br\/?author=1","description":"Desde de 2013, levando muitas informa\u00e7\u00f5es, lan\u00e7amentos e produtos de qualidade para toda cadeia produtiva da constru\u00e7\u00e3o. O Futuro da constru\u00e7\u00e3o passa por aqui,"},"uagb_featured_image_src":{"full":["https:\/\/construcaocivil.siriusmarketingedesign.com.br\/wp-content\/uploads\/2018\/10\/Desemprego.jpg",768,576,false],"thumbnail":["https:\/\/construcaocivil.siriusmarketingedesign.com.br\/wp-content\/uploads\/2018\/10\/Desemprego-150x150.jpg",150,150,true],"medium":["https:\/\/construcaocivil.siriusmarketingedesign.com.br\/wp-content\/uploads\/2018\/10\/Desemprego-300x225.jpg",300,225,true],"medium_large":["https:\/\/construcaocivil.siriusmarketingedesign.com.br\/wp-content\/uploads\/2018\/10\/Desemprego-768x576.jpg",768,576,true],"large":["https:\/\/construcaocivil.siriusmarketingedesign.com.br\/wp-content\/uploads\/2018\/10\/Desemprego.jpg",768,576,false],"1536x1536":["https:\/\/construcaocivil.siriusmarketingedesign.com.br\/wp-content\/uploads\/2018\/10\/Desemprego.jpg",768,576,false],"2048x2048":["https:\/\/construcaocivil.siriusmarketingedesign.com.br\/wp-content\/uploads\/2018\/10\/Desemprego.jpg",768,576,false]},"uagb_author_info":{"display_name":"Jornal da Constru\u00e7\u00e3o Civil","author_link":"https:\/\/construcaocivil.siriusmarketingedesign.com.br\/?author=1"},"uagb_comment_info":0,"uagb_excerpt":"Por Rose Pires\u00a0 Fevereiro, 2019 &#8211; Se n\u00e3o bastasse uma anomalia total do governo na esfera econ\u00f4mica, corrup\u00e7\u00e3o no Partido Laranja e o sumi\u00e7o do Quieroz, a equipe do Ministro Paulo Guedes apresentou ontem (20), na C\u00e2mara dos deputados e no Senado Federal, a t\u00e3o sonhada Reforma da Previd\u00eancia, com o argumento de que o&hellip;","_links":{"self":[{"href":"https:\/\/construcaocivil.siriusmarketingedesign.com.br\/index.php?rest_route=\/wp\/v2\/posts\/11188","targetHints":{"allow":["GET"]}}],"collection":[{"href":"https:\/\/construcaocivil.siriusmarketingedesign.com.br\/index.php?rest_route=\/wp\/v2\/posts"}],"about":[{"href":"https:\/\/construcaocivil.siriusmarketingedesign.com.br\/index.php?rest_route=\/wp\/v2\/types\/post"}],"author":[{"embeddable":true,"href":"https:\/\/construcaocivil.siriusmarketingedesign.com.br\/index.php?rest_route=\/wp\/v2\/users\/1"}],"replies":[{"embeddable":true,"href":"https:\/\/construcaocivil.siriusmarketingedesign.com.br\/index.php?rest_route=%2Fwp%2Fv2%2Fcomments&post=11188"}],"version-history":[{"count":0,"href":"https:\/\/construcaocivil.siriusmarketingedesign.com.br\/index.php?rest_route=\/wp\/v2\/posts\/11188\/revisions"}],"wp:featuredmedia":[{"embeddable":true,"href":"https:\/\/construcaocivil.siriusmarketingedesign.com.br\/index.php?rest_route=\/wp\/v2\/media\/10456"}],"wp:attachment":[{"href":"https:\/\/construcaocivil.siriusmarketingedesign.com.br\/index.php?rest_route=%2Fwp%2Fv2%2Fmedia&parent=11188"}],"wp:term":[{"taxonomy":"category","embeddable":true,"href":"https:\/\/construcaocivil.siriusmarketingedesign.com.br\/index.php?rest_route=%2Fwp%2Fv2%2Fcategories&post=11188"},{"taxonomy":"post_tag","embeddable":true,"href":"https:\/\/construcaocivil.siriusmarketingedesign.com.br\/index.php?rest_route=%2Fwp%2Fv2%2Ftags&post=11188"}],"curies":[{"name":"wp","href":"https:\/\/api.w.org\/{rel}","templated":true}]}}