{"id":11226,"date":"2019-02-26T12:35:30","date_gmt":"2019-02-26T15:35:30","guid":{"rendered":"https:\/\/www.jornaldaconstrucaocivil.com.br\/?p=11226"},"modified":"2019-02-26T12:35:30","modified_gmt":"2019-02-26T15:35:30","slug":"grandes-carnavais-tres-sambas-enredo-campeoes-sobre-natureza","status":"publish","type":"post","link":"https:\/\/construcaocivil.siriusmarketingedesign.com.br\/?p=11226","title":{"rendered":"Grandes Carnavais : Tr\u00eas sambas-enredo campe\u00f5es sobre natureza"},"content":{"rendered":"<p style=\"text-align: justify;\"><i><span style=\"color: #993300;\">Fevereiro, 2019<\/span> &#8211; Para especialista, assuntos relacionados ao meio ambiente e \u00e0 conserva\u00e7\u00e3o devem estar presentes em agendas pol\u00edticas, culturais e de educa\u00e7\u00e3o. O carnaval n\u00e3o deve ficar de fora<\/i><\/p>\n<div>\n<p style=\"text-align: justify;\">A natureza e a conserva\u00e7\u00e3o do meio ambiente sempre foram fontes de inspira\u00e7\u00e3o para v\u00e1rios compositores e carnavalescos. O tema j\u00e1 inspirou sambas de escolas tradicionais que desfilaram pela Marqu\u00eas de Sapuca\u00ed e no Anhembi e trouxeram ao p\u00fablico a import\u00e2ncia sobre o debate das quest\u00f5es ambientais.<\/p>\n<p style=\"text-align: justify;\">\u201cNo momento em que as manifesta\u00e7\u00f5es culturais abordam temas relacionados ao meio ambiente, temos a chance de conscientizar mais pessoas sobre o papel da biodiversidade e dos servi\u00e7os ecossist\u00eamicos para o homem\u201d, explica a ec\u00f3loga, professora da Universidade Federal do Paran\u00e1 (UFPR) e membro da Rede de Especialistas em Conserva\u00e7\u00e3o da Natureza, Marcia Marques.<\/p>\n<p style=\"text-align: justify;\">De acordo com a especialista, as manifesta\u00e7\u00f5es culturais s\u00e3o excelentes momentos para provocar uma reflex\u00e3o para a conserva\u00e7\u00e3o da natureza. \u201cEm um pa\u00eds com a maior biodiversidade do mundo, \u00e9 fundamental que assuntos relacionados ao meio ambiente e \u00e0 conserva\u00e7\u00e3o estejam inseridos nas agendas pol\u00edticas, culturais e de educa\u00e7\u00e3o. O carnaval, de certa maneira, contribui com isso\u201d, analisa.<\/p>\n<p style=\"text-align: justify;\">Em 2019, a import\u00e2ncia da natureza e o alerta para a conserva\u00e7\u00e3o n\u00e3o est\u00e3o entre as principais fontes de inspira\u00e7\u00e3o para as escolas de samba dos grupos especiais do Rio de Janeiro e de S\u00e3o Paulo. Apenas a Mocidade Alegre sinalizou que retratar\u00e1 o Rio Amazonas em meio \u00e0 lenda ind\u00edgena Ayakama\u00e9 no samb\u00f3dromo paulista.<\/p>\n<p style=\"text-align: justify;\"><strong>Lista<\/strong><\/p>\n<p style=\"text-align: justify;\">Falar sobre elementos naturais e a import\u00e2ncia da conserva\u00e7\u00e3o j\u00e1 ajudou algumas escolas a vibrarem com o grito de \u201ccampe\u00e3\u201d. Conhe\u00e7a tr\u00eas sambas-enredo sobre natureza que conquistaram o p\u00fablico e venceram o carnaval:<\/p>\n<p style=\"text-align: justify;\"><strong>1.\u201cChu\u00ea, Chu\u00e1, as \u00e1guas v\u00e3o rolar\u201d (Mocidade Independente de Padre Miguel \u2013 1991)<\/strong><\/p>\n<p style=\"text-align: justify;\">No in\u00edcio da d\u00e9cada de 1990, a escola de samba de Padre Miguel escolheu como tema o recurso natural mais importante do planeta. A Mocidade falou da \u00e1gua como fonte da vida, o uso no dia a dia e exaltou cachoeiras, mares e rios. Com o samba-enredo, a escola garantiu o bicampeonato na Sapuca\u00ed.<\/p>\n<p style=\"text-align: justify;\"><em>\u201c\u00c9 no Chu\u00ea, Chu\u00ea<\/em><\/p>\n<p style=\"text-align: justify;\"><em>\u00c9 no Chu\u00ea, Chu\u00e1<\/em><\/p>\n<p style=\"text-align: justify;\"><em>N\u00e3o quero nem saber, as \u00e1guas v\u00e3o rolar.<\/em><\/p>\n<p style=\"text-align: justify;\"><em>\u00c9 no Chu\u00ea, Chu\u00ea<\/em><\/p>\n<p style=\"text-align: justify;\"><em>\u00c9 no Chu\u00ea, Chu\u00e1<\/em><\/p>\n<p style=\"text-align: justify;\"><em>Pois a tristeza j\u00e1 deixei pra l\u00e1!<\/em><\/p>\n<p style=\"text-align: justify;\"><em>Da vida sou a fonte de energia<\/em><\/p>\n<p style=\"text-align: justify;\"><em>Sou chuva, cachoeira, rio e mar<\/em><\/p>\n<p style=\"text-align: justify;\"><em>Sou gota de orvalho, sou encanto<\/em><\/p>\n<p style=\"text-align: justify;\"><em>E qualquer sede posso saciar.\u201d<\/em><\/p>\n<p style=\"text-align: justify;\"><strong>2.\u201cAmaz\u00f4nia, a Dama do Universo\u201d (X-9 Paulistana \u2013 1997)<\/strong><\/p>\n<p style=\"text-align: justify;\">Nesse samba-enredo, a escola paulista falou sobre os mist\u00e9rios e a magia que envolve a regi\u00e3o amaz\u00f4nica. Relembrou a \u00e9poca da borracha e a explora\u00e7\u00e3o das seringueiras. A agremia\u00e7\u00e3o tamb\u00e9m destacou as riquezas naturais da regi\u00e3o, como as \u00e1guas e o guaran\u00e1, e provocou uma reflex\u00e3o sobre a import\u00e2ncia da preserva\u00e7\u00e3o dos recursos naturais.<\/p>\n<p style=\"text-align: justify;\"><em>\u201c\u00c9 boi-bumb\u00e1 (olha o boi, olha o boi)<\/em><\/p>\n<p style=\"text-align: justify;\"><em>Esse boi \u00e9 garantido e caprichoso<\/em><\/p>\n<p style=\"text-align: justify;\"><em>Descendo o rio de Manaus a Parintins<\/em><\/p>\n<p style=\"text-align: justify;\"><em>Tudo isso \u00e9 maravilhoso.<\/em><\/p>\n<p style=\"text-align: justify;\"><em>Temos que usar a consci\u00eancia<\/em><\/p>\n<p style=\"text-align: justify;\"><em>E despertar para um futuro promissor,<\/em><\/p>\n<p style=\"text-align: justify;\"><em>Preservando a natureza<\/em><\/p>\n<p style=\"text-align: justify;\"><em>Pra nossa vida ter valor.\u201d<\/em><\/p>\n<p style=\"text-align: justify;\"><strong>3.\u201cMan\u00f4a, Manaus, Amaz\u00f4nia, Terra Santa: Alimenta o corpo, equilibra a alma e transmite a paz\u201d (Beija-Flor \u2013 2004)<\/strong><\/p>\n<p style=\"text-align: justify;\">Uma das maiores campe\u00e3s do carnaval carioca, a Beija-Flor levou a Amaz\u00f4nia para o samb\u00f3dromo em 2004, mostrando o verde das florestas e alertando sobre a destrui\u00e7\u00e3o da natureza ao longo dos anos. O massacre dos \u00edndios na regi\u00e3o e o perigo das queimadas tamb\u00e9m foi retratado pela escola, que destacou a import\u00e2ncia da conserva\u00e7\u00e3o da natureza e da Amaz\u00f4nia.<\/p>\n<p style=\"text-align: justify;\"><em>\u201cFor\u00e7a, mist\u00e9rio e magia<\/em><\/p>\n<p style=\"text-align: justify;\"><em>Fruto da energia, o meu guaran\u00e1<\/em><\/p>\n<p style=\"text-align: justify;\"><em>A l\u00e1grima que o trov\u00e3o derramou<\/em><\/p>\n<p style=\"text-align: justify;\"><em>A terra guardou semente no olhar<\/em><\/p>\n<p style=\"text-align: justify;\"><em>Mau\u00e9s, Anau\u00ea, cultura milenar<\/em><\/p>\n<p style=\"text-align: justify;\"><em>Anau\u00ea, Manaus, Mamirau\u00e1<\/em><\/p>\n<p style=\"text-align: justify;\"><em>Viva a Paris Tropical<\/em><\/p>\n<p style=\"text-align: justify;\"><em>\u00c1gua que lava minh\u00b4alma<\/em><\/p>\n<p style=\"text-align: justify;\"><em>Ao matar a sede da popula\u00e7\u00e3o<\/em><\/p>\n<p style=\"text-align: justify;\"><em>Caboclo \u00ea a homenagem hoje \u00e9<\/em><\/p>\n<p style=\"text-align: justify;\"><em>A todo povo da floresta um canto de f\u00e9<\/em><\/p>\n<p style=\"text-align: justify;\"><em>Se Deus me deu, vou preservar<\/em><\/p>\n<p style=\"text-align: justify;\"><em>Meus filhos v\u00e3o se orgulhar<\/em><\/p>\n<p style=\"text-align: justify;\"><em>A Amaz\u00f4nia \u00e9 Brasil, \u00e9 luz do criador<\/em><\/p>\n<p style=\"text-align: justify;\"><em>Avante com a tribo Beija-Flor.\u201d<\/em><\/p>\n<p>Fonte: Imprensa\/<em>Rede de Especialistas<\/em><\/p>\n<\/div>\n","protected":false},"excerpt":{"rendered":"<p>Fevereiro, 2019 &#8211; Para especialista, assuntos relacionados ao meio ambiente e \u00e0 conserva\u00e7\u00e3o devem estar presentes em agendas pol\u00edticas, culturais e de educa\u00e7\u00e3o. O carnaval n\u00e3o deve ficar de fora A natureza e a conserva\u00e7\u00e3o do meio ambiente sempre foram fontes de inspira\u00e7\u00e3o para v\u00e1rios compositores e carnavalescos. O tema j\u00e1 inspirou sambas de escolas [&hellip;]<\/p>\n","protected":false},"author":1,"featured_media":11227,"comment_status":"open","ping_status":"open","sticky":false,"template":"","format":"standard","meta":{"_uag_custom_page_level_css":"","footnotes":""},"categories":[27],"tags":[15216,15221,15219,652,15218,15224,15217,3269,15223,7156,15226,7438,15215,8061,10375,10668,15225,15222,15214,12003,15220],"class_list":["post-11226","post","type-post","status-publish","format-standard","has-post-thumbnail","hentry","category-acontece","tag-chue","tag-manoa","tag-a-dama-do-universo","tag-amazonia","tag-as-aguas-vao-rolar","tag-beija-flor-2004","tag-chua","tag-curitiba-pr","tag-equilibra-a-alma-e-transmite-a-paz","tag-manaus","tag-marques-de-sapucai-rj","tag-meio-ambiente","tag-mocidade-independente-de-padre-miguel-1991","tag-natureza","tag-rio-de-janeiro","tag-sao-paulo","tag-saude-e-belez","tag-terra-santa-alimenta-o-corpo","tag-tres-sambas-enredo-campeoes-sobre-natureza","tag-turismo","tag-x-9-paulistana-1997"],"blocksy_meta":[],"spectra_blocks_featured_image_url":{"thumbnail":{"url":"https:\/\/construcaocivil.siriusmarketingedesign.com.br\/wp-content\/uploads\/2019\/02\/SAPUCAI-150x150.jpg","width":150,"height":150},"medium":{"url":"https:\/\/construcaocivil.siriusmarketingedesign.com.br\/wp-content\/uploads\/2019\/02\/SAPUCAI-300x225.jpg","width":300,"height":225},"medium_large":{"url":"https:\/\/construcaocivil.siriusmarketingedesign.com.br\/wp-content\/uploads\/2019\/02\/SAPUCAI-768x576.jpg","width":768,"height":576},"large":{"url":"https:\/\/construcaocivil.siriusmarketingedesign.com.br\/wp-content\/uploads\/2019\/02\/SAPUCAI.jpg","width":922,"height":692},"full":{"url":"https:\/\/construcaocivil.siriusmarketingedesign.com.br\/wp-content\/uploads\/2019\/02\/SAPUCAI.jpg","width":922,"height":692}},"spectra_blocks_author_info":{"display_name":"Jornal da Constru\u00e7\u00e3o Civil","avatar_url":"https:\/\/secure.gravatar.com\/avatar\/973c9774fd44ddaceb026973c4962faa70fc512bc4c9da68e8ebb40fecee6540?s=96&d=mm&r=g","author_link":"https:\/\/construcaocivil.siriusmarketingedesign.com.br\/?author=1","description":"Desde de 2013, levando muitas informa\u00e7\u00f5es, lan\u00e7amentos e produtos de qualidade para toda cadeia produtiva da constru\u00e7\u00e3o. O Futuro da constru\u00e7\u00e3o passa por aqui,"},"uagb_featured_image_src":{"full":["https:\/\/construcaocivil.siriusmarketingedesign.com.br\/wp-content\/uploads\/2019\/02\/SAPUCAI.jpg",922,692,false],"thumbnail":["https:\/\/construcaocivil.siriusmarketingedesign.com.br\/wp-content\/uploads\/2019\/02\/SAPUCAI-150x150.jpg",150,150,true],"medium":["https:\/\/construcaocivil.siriusmarketingedesign.com.br\/wp-content\/uploads\/2019\/02\/SAPUCAI-300x225.jpg",300,225,true],"medium_large":["https:\/\/construcaocivil.siriusmarketingedesign.com.br\/wp-content\/uploads\/2019\/02\/SAPUCAI-768x576.jpg",768,576,true],"large":["https:\/\/construcaocivil.siriusmarketingedesign.com.br\/wp-content\/uploads\/2019\/02\/SAPUCAI.jpg",922,692,false],"1536x1536":["https:\/\/construcaocivil.siriusmarketingedesign.com.br\/wp-content\/uploads\/2019\/02\/SAPUCAI.jpg",922,692,false],"2048x2048":["https:\/\/construcaocivil.siriusmarketingedesign.com.br\/wp-content\/uploads\/2019\/02\/SAPUCAI.jpg",922,692,false]},"uagb_author_info":{"display_name":"Jornal da Constru\u00e7\u00e3o Civil","author_link":"https:\/\/construcaocivil.siriusmarketingedesign.com.br\/?author=1"},"uagb_comment_info":0,"uagb_excerpt":"Fevereiro, 2019 &#8211; Para especialista, assuntos relacionados ao meio ambiente e \u00e0 conserva\u00e7\u00e3o devem estar presentes em agendas pol\u00edticas, culturais e de educa\u00e7\u00e3o. O carnaval n\u00e3o deve ficar de fora A natureza e a conserva\u00e7\u00e3o do meio ambiente sempre foram fontes de inspira\u00e7\u00e3o para v\u00e1rios compositores e carnavalescos. O tema j\u00e1 inspirou sambas de escolas&hellip;","_links":{"self":[{"href":"https:\/\/construcaocivil.siriusmarketingedesign.com.br\/index.php?rest_route=\/wp\/v2\/posts\/11226","targetHints":{"allow":["GET"]}}],"collection":[{"href":"https:\/\/construcaocivil.siriusmarketingedesign.com.br\/index.php?rest_route=\/wp\/v2\/posts"}],"about":[{"href":"https:\/\/construcaocivil.siriusmarketingedesign.com.br\/index.php?rest_route=\/wp\/v2\/types\/post"}],"author":[{"embeddable":true,"href":"https:\/\/construcaocivil.siriusmarketingedesign.com.br\/index.php?rest_route=\/wp\/v2\/users\/1"}],"replies":[{"embeddable":true,"href":"https:\/\/construcaocivil.siriusmarketingedesign.com.br\/index.php?rest_route=%2Fwp%2Fv2%2Fcomments&post=11226"}],"version-history":[{"count":0,"href":"https:\/\/construcaocivil.siriusmarketingedesign.com.br\/index.php?rest_route=\/wp\/v2\/posts\/11226\/revisions"}],"wp:featuredmedia":[{"embeddable":true,"href":"https:\/\/construcaocivil.siriusmarketingedesign.com.br\/index.php?rest_route=\/wp\/v2\/media\/11227"}],"wp:attachment":[{"href":"https:\/\/construcaocivil.siriusmarketingedesign.com.br\/index.php?rest_route=%2Fwp%2Fv2%2Fmedia&parent=11226"}],"wp:term":[{"taxonomy":"category","embeddable":true,"href":"https:\/\/construcaocivil.siriusmarketingedesign.com.br\/index.php?rest_route=%2Fwp%2Fv2%2Fcategories&post=11226"},{"taxonomy":"post_tag","embeddable":true,"href":"https:\/\/construcaocivil.siriusmarketingedesign.com.br\/index.php?rest_route=%2Fwp%2Fv2%2Ftags&post=11226"}],"curies":[{"name":"wp","href":"https:\/\/api.w.org\/{rel}","templated":true}]}}