{"id":11237,"date":"2019-02-27T12:05:58","date_gmt":"2019-02-27T15:05:58","guid":{"rendered":"https:\/\/www.jornaldaconstrucaocivil.com.br\/?p=11237"},"modified":"2019-02-27T12:06:54","modified_gmt":"2019-02-27T15:06:54","slug":"arquitetas-desenvolvem-projeto-totalmente-clean-para-cozinha-com-5m%c2%b2","status":"publish","type":"post","link":"https:\/\/construcaocivil.siriusmarketingedesign.com.br\/?p=11237","title":{"rendered":"Arquitetas desenvolvem projeto totalmente clean para cozinha com 5m\u00b2"},"content":{"rendered":"<p style=\"font-weight: 400; text-align: justify;\"><span style=\"color: #ff0000;\">Fevereiro, 2019<\/span> &#8211; Projetar a \u00e1rea com dimens\u00f5es reduzidas de um ambiente com 5m\u00b2 para um jovem casal que adora cozinhar foi um desafio gratificante para as arquitetas Andreia Hernandes e Pilar Hernandez da AHPH Arquitetura. Um dos pontos chave na cria\u00e7\u00e3o da proposta foi o estudo detalhado da ergonomia de todo o espa\u00e7o.<\/p>\n<p style=\"font-weight: 400; text-align: justify;\">De in\u00edcio, a primeira solicita\u00e7\u00e3o dos moradores foi a de usar Revestimento Metro na finaliza\u00e7\u00e3o do projeto. \u201cEste foi um dos nossos pontos de partida e depois de amadurecer a ideia, optamos por desenvolver um trabalho que fosse totalmente\u00a0<em>clean<\/em>\u00a0em que o branco predominasse, assim, garantimos que eles n\u00e3o enjoar\u00e3o da proposta, pois basta mudar as cores dos acess\u00f3rios para dar uma cara nova ao ambiente\u201d, explica Pilar.<\/p>\n<p style=\"font-weight: 400; text-align: justify;\">Como os moradores passam bastante tempo na cozinha e precisam de espa\u00e7o para apoiar e colocar objetos usados no preparo das refei\u00e7\u00f5es, apenas uma superf\u00edcie n\u00e3o seria o suficiente. Desta forma, para driblar as medidas reduzidas e atender \u00e0s suas necessidades, uma bancada feita de Silestone na cor Branco Absoluto em forma de \u201cU\u201d que se estende por toda a \u00e1rea foi desenvolvida, criando uma ilha na divisa com a sala de estar.<\/p>\n<p style=\"font-weight: 400; text-align: justify;\"><span style=\"color: #ff0000;\"><strong>Estudo da ergonomia<\/strong><\/span><\/p>\n<figure id=\"attachment_11249\" aria-describedby=\"caption-attachment-11249\" style=\"width: 300px\" class=\"wp-caption alignleft\"><img loading=\"lazy\" decoding=\"async\" class=\"size-medium wp-image-11249\" src=\"https:\/\/www.jornaldaconstrucaocivil.com.br\/wp-content\/uploads\/2019\/02\/ARQ-BB-300x200.jpg\" alt=\"\" width=\"300\" height=\"200\" srcset=\"https:\/\/construcaocivil.siriusmarketingedesign.com.br\/wp-content\/uploads\/2019\/02\/ARQ-BB-300x200.jpg 300w, https:\/\/construcaocivil.siriusmarketingedesign.com.br\/wp-content\/uploads\/2019\/02\/ARQ-BB-450x300.jpg 450w, https:\/\/construcaocivil.siriusmarketingedesign.com.br\/wp-content\/uploads\/2019\/02\/ARQ-BB.jpg 567w\" sizes=\"auto, (max-width: 300px) 100vw, 300px\" \/><figcaption id=\"caption-attachment-11249\" class=\"wp-caption-text\">Foto: Gustavo Award<\/figcaption><\/figure>\n<p style=\"font-weight: 400; text-align: justify;\">Depois de um estudo detalhado em rela\u00e7\u00e3o a ergonomia do ambiente, as arquitetas puderam dar in\u00edcio a instala\u00e7\u00e3o dos suportes. \u201cFizemos uma an\u00e1lise bem aprofundada sobre como seriam feitas as aberturas de portas, gavetas e at\u00e9 o posicionamento do\u00a0<em>cooktop<\/em>\u00a0e do forno que ficaram \u201cno fundo do U\u201d, porque \u00e9 o \u00fanico lugar em que os moradores conseguiriam abrir e fechar a pe\u00e7a sem qualquer problema\u201d, afirma Andreia.<\/p>\n<p style=\"font-weight: 400; text-align: justify;\">Outro ponto importante destacado pelas profissionais foi a quest\u00e3o dos arm\u00e1rios usados no projeto. \u201cDepois de examinarmos a profundidade que estes poderiam ter, escolhemos pe\u00e7as brancas com puxadores em perfil que acompanham o topo das portas, todos em linhas horizontais. Al\u00e9m disso, optamos por n\u00e3o os encostar no teto para modernizar o espa\u00e7o e promover a sensa\u00e7\u00e3o de amplitude\u201d, esclarece Andreia.<\/p>\n<p style=\"font-weight: 400; text-align: justify;\">Por fim, como a cozinha \u00e9 um local que exige uma boa quantidade de l\u00famens, placas de\u00a0<em>led<\/em>\u00a0com luz branca foram embutidas no teto, visto que, este tipo de ilumina\u00e7\u00e3o garante o melhor retorno para a \u00e1rea. J\u00e1 sobre a ilha que faz divisa com a sala, foram usados spots de dicroica de\u00a0<em>led<\/em>\u00a0com luz quente para garantir um charme extra.<\/p>\n<p style=\"font-weight: 400; text-align: justify;\">O toque final fica por conta do Revestimento Metro com efeito marmorizado, conforme pedido pelos clientes, que proporciona um movimento suave e d\u00e1 um toque vintage ao espa\u00e7o, trazendo um ar mais moderno que combine com o estilo dos moradores.<\/p>\n<p>Site:\u00a0<span style=\"color: #0000ff;\"><a style=\"color: #0000ff;\" href=\"http:\/\/www.ahpharquitetura.com.br\/\" target=\"_blank\" rel=\"noopener noreferrer\">www.ahpharquitetura.com.br<\/a><\/span><br \/>\n<span style=\"color: #0000ff;\">facebook.com\/ahpharquitetura<\/span><br \/>\n<span style=\"color: #0000ff;\">@ahpharquitetura<\/span><\/p>\n<p>Fonte: Imprensa\/AHPH Arquitetura<\/p>\n","protected":false},"excerpt":{"rendered":"<p>Fevereiro, 2019 &#8211; Projetar a \u00e1rea com dimens\u00f5es reduzidas de um ambiente com 5m\u00b2 para um jovem casal que adora cozinhar foi um desafio gratificante para as arquitetas Andreia Hernandes e Pilar Hernandez da AHPH Arquitetura. Um dos pontos chave na cria\u00e7\u00e3o da proposta foi o estudo detalhado da ergonomia de todo o espa\u00e7o. De [&hellip;]<\/p>\n","protected":false},"author":1,"featured_media":11248,"comment_status":"open","ping_status":"open","sticky":false,"template":"","format":"standard","meta":{"_uag_custom_page_level_css":"","footnotes":""},"categories":[28],"tags":[283,15260,15257,1933,15256,15259,5789,7909,15258,15255,15254,10629,10638,10679],"class_list":["post-11237","post","type-post","status-publish","format-standard","has-post-thumbnail","hentry","category-arquitetura","tag-abc-paulista","tag-ahph-arquitetura","tag-cadeiras-e-mesas","tag-casa-e-decoracao","tag-cozinhas-modernas","tag-ergonomia-do-espaco","tag-home-office","tag-moveis","tag-placas-de-led","tag-projetos-cozinha-com-5m","tag-projetos-de-cozinhas","tag-santo-andre","tag-sao-bernardo-do-campo-sp","tag-sao-paulo-sp"],"blocksy_meta":[],"spectra_blocks_featured_image_url":{"thumbnail":{"url":"https:\/\/construcaocivil.siriusmarketingedesign.com.br\/wp-content\/uploads\/2019\/02\/ARQUITETA-150x150.jpg","width":150,"height":150},"medium":{"url":"https:\/\/construcaocivil.siriusmarketingedesign.com.br\/wp-content\/uploads\/2019\/02\/ARQUITETA-300x200.jpg","width":300,"height":200},"medium_large":{"url":"https:\/\/construcaocivil.siriusmarketingedesign.com.br\/wp-content\/uploads\/2019\/02\/ARQUITETA.jpg","width":567,"height":378},"large":{"url":"https:\/\/construcaocivil.siriusmarketingedesign.com.br\/wp-content\/uploads\/2019\/02\/ARQUITETA.jpg","width":567,"height":378},"full":{"url":"https:\/\/construcaocivil.siriusmarketingedesign.com.br\/wp-content\/uploads\/2019\/02\/ARQUITETA.jpg","width":567,"height":378}},"spectra_blocks_author_info":{"display_name":"Jornal da Constru\u00e7\u00e3o Civil","avatar_url":"https:\/\/secure.gravatar.com\/avatar\/973c9774fd44ddaceb026973c4962faa70fc512bc4c9da68e8ebb40fecee6540?s=96&d=mm&r=g","author_link":"https:\/\/construcaocivil.siriusmarketingedesign.com.br\/?author=1","description":"Desde de 2013, levando muitas informa\u00e7\u00f5es, lan\u00e7amentos e produtos de qualidade para toda cadeia produtiva da constru\u00e7\u00e3o. O Futuro da constru\u00e7\u00e3o passa por aqui,"},"uagb_featured_image_src":{"full":["https:\/\/construcaocivil.siriusmarketingedesign.com.br\/wp-content\/uploads\/2019\/02\/ARQUITETA.jpg",567,378,false],"thumbnail":["https:\/\/construcaocivil.siriusmarketingedesign.com.br\/wp-content\/uploads\/2019\/02\/ARQUITETA-150x150.jpg",150,150,true],"medium":["https:\/\/construcaocivil.siriusmarketingedesign.com.br\/wp-content\/uploads\/2019\/02\/ARQUITETA-300x200.jpg",300,200,true],"medium_large":["https:\/\/construcaocivil.siriusmarketingedesign.com.br\/wp-content\/uploads\/2019\/02\/ARQUITETA.jpg",567,378,false],"large":["https:\/\/construcaocivil.siriusmarketingedesign.com.br\/wp-content\/uploads\/2019\/02\/ARQUITETA.jpg",567,378,false],"1536x1536":["https:\/\/construcaocivil.siriusmarketingedesign.com.br\/wp-content\/uploads\/2019\/02\/ARQUITETA.jpg",567,378,false],"2048x2048":["https:\/\/construcaocivil.siriusmarketingedesign.com.br\/wp-content\/uploads\/2019\/02\/ARQUITETA.jpg",567,378,false]},"uagb_author_info":{"display_name":"Jornal da Constru\u00e7\u00e3o Civil","author_link":"https:\/\/construcaocivil.siriusmarketingedesign.com.br\/?author=1"},"uagb_comment_info":0,"uagb_excerpt":"Fevereiro, 2019 &#8211; Projetar a \u00e1rea com dimens\u00f5es reduzidas de um ambiente com 5m\u00b2 para um jovem casal que adora cozinhar foi um desafio gratificante para as arquitetas Andreia Hernandes e Pilar Hernandez da AHPH Arquitetura. Um dos pontos chave na cria\u00e7\u00e3o da proposta foi o estudo detalhado da ergonomia de todo o espa\u00e7o. De&hellip;","_links":{"self":[{"href":"https:\/\/construcaocivil.siriusmarketingedesign.com.br\/index.php?rest_route=\/wp\/v2\/posts\/11237","targetHints":{"allow":["GET"]}}],"collection":[{"href":"https:\/\/construcaocivil.siriusmarketingedesign.com.br\/index.php?rest_route=\/wp\/v2\/posts"}],"about":[{"href":"https:\/\/construcaocivil.siriusmarketingedesign.com.br\/index.php?rest_route=\/wp\/v2\/types\/post"}],"author":[{"embeddable":true,"href":"https:\/\/construcaocivil.siriusmarketingedesign.com.br\/index.php?rest_route=\/wp\/v2\/users\/1"}],"replies":[{"embeddable":true,"href":"https:\/\/construcaocivil.siriusmarketingedesign.com.br\/index.php?rest_route=%2Fwp%2Fv2%2Fcomments&post=11237"}],"version-history":[{"count":0,"href":"https:\/\/construcaocivil.siriusmarketingedesign.com.br\/index.php?rest_route=\/wp\/v2\/posts\/11237\/revisions"}],"wp:featuredmedia":[{"embeddable":true,"href":"https:\/\/construcaocivil.siriusmarketingedesign.com.br\/index.php?rest_route=\/wp\/v2\/media\/11248"}],"wp:attachment":[{"href":"https:\/\/construcaocivil.siriusmarketingedesign.com.br\/index.php?rest_route=%2Fwp%2Fv2%2Fmedia&parent=11237"}],"wp:term":[{"taxonomy":"category","embeddable":true,"href":"https:\/\/construcaocivil.siriusmarketingedesign.com.br\/index.php?rest_route=%2Fwp%2Fv2%2Fcategories&post=11237"},{"taxonomy":"post_tag","embeddable":true,"href":"https:\/\/construcaocivil.siriusmarketingedesign.com.br\/index.php?rest_route=%2Fwp%2Fv2%2Ftags&post=11237"}],"curies":[{"name":"wp","href":"https:\/\/api.w.org\/{rel}","templated":true}]}}