{"id":11294,"date":"2019-03-13T11:56:01","date_gmt":"2019-03-13T14:56:01","guid":{"rendered":"https:\/\/www.jornaldaconstrucaocivil.com.br\/?p=11294"},"modified":"2019-03-13T11:56:01","modified_gmt":"2019-03-13T14:56:01","slug":"arquitetura-tambem-e-ciencia-projeto-da-nova-estacao-antartica-do-brasil-foi-escolhido-em-concurso-publico-de-arquitetura","status":"publish","type":"post","link":"https:\/\/construcaocivil.siriusmarketingedesign.com.br\/?p=11294","title":{"rendered":"Arquitetura tamb\u00e9m \u00e9 ci\u00eancia: Projeto da nova Esta\u00e7\u00e3o Ant\u00e1rtica do Brasil foi escolhido em Concurso P\u00fablico de Arquitetura"},"content":{"rendered":"<p style=\"text-align: justify;\"><span style=\"color: #993300;\">Mar\u00e7o, 2019<\/span> &#8211; A Esta\u00e7\u00e3o Ant\u00e1rtica Comandante Ferraz, base de pesquisas da Marinha do Brasil na Ant\u00e1rtida, est\u00e1 com sua constru\u00e7\u00e3o conclu\u00edda ap\u00f3s tr\u00eas anos de obras no continente mais extremo do planeta. Trata-se de uma obra de arte da Arquitetura e Engenharia, com estruturas de a\u00e7o de 700 toneladas, formato aerodin\u00e2mico para resistir aos ventos de at\u00e9 200 km\/h e base de palafitas para impedir que a neve acumulada no inverno chegue at\u00e9 o pr\u00e9dio.<\/p>\n<p style=\"text-align: justify;\">Esse projeto come\u00e7ou em 2012, quando a esta\u00e7\u00e3o anterior, localizada na ilha Rei George, foi destru\u00edda em um inc\u00eandio causado durante a troca de combust\u00edvel. Dois militares da Marinha morreram tentando debelar o fogo. Dias ap\u00f3s a trag\u00e9dia, o Governo Federal anunciou a reconstru\u00e7\u00e3o da base, com uma nova Arquitetura que atendesse a todos os requisitos para a realiza\u00e7\u00e3o de pesquisas cient\u00edficas no local.<\/p>\n<p style=\"text-align: justify;\">\n<p style=\"text-align: justify;\">A Marinha contactou ent\u00e3o o Instituto de Arquitetos do Brasil (IAB) sobre a possibilidade de se realizar um Concurso P\u00fablico de Arquitetura para a escolha do projeto. &#8220;Foi um grande desafio para o IAB. Sab\u00edamos da complexidade do tema e dos cuidados exigidos na constru\u00e7\u00e3o&#8221;, afirma o arquiteto e urbanista Luiz Fernando Janot, que coordenou a concorr\u00eancia. &#8220;N\u00e3o eram poucos os condicionantes envolvendo as condi\u00e7\u00f5es clim\u00e1ticas do local, as caracter\u00edsticas geomorfol\u00f3gicas do solo e os aspectos tecnol\u00f3gicos relacionados \u00e0 constru\u00e7\u00e3o.&#8221;<\/p>\n<p style=\"text-align: justify;\"><strong>O CONCURSO<\/strong><\/p>\n<p style=\"text-align: justify;\">Arquitetos, militares e consultores tiveram apenas tr\u00eas meses para montar as regras do concurso, de forma a deixar clara a complexidade que a obra exigia. Os requisitos exigiam, por exemplo, a forma\u00e7\u00e3o de equipes profissionais multidisciplinares para assessorar os arquitetos participantes do concurso.<\/p>\n<p style=\"text-align: justify;\">O edital foi lan\u00e7ado em janeiro de 2013, e recebeu 109 inscri\u00e7\u00f5es, com 74 projetos entregues. O escrit\u00f3rio Est\u00fadio 41, de Curitiba, foi o vencedor da competi\u00e7\u00e3o, levando um pr\u00eamio de R$ 100.000 e mais um contrato de R$ 5 milh\u00f5es para a realiza\u00e7\u00e3o dos Projetos Executivos e Complementares da Esta\u00e7\u00e3o Ant\u00e1rtica.<\/p>\n<p style=\"text-align: justify;\">Misto de alojamento e dormit\u00f3rio, a Esta\u00e7\u00e3o Ant\u00e1rtica conta com infraestrutura pr\u00f3pria de energia, \u00e1gua, esgoto e telecomunica\u00e7\u00f5es, abrigando 18 laborat\u00f3rios no edif\u00edcio principal, sete unidades isoladas, um heliporto e torres de energia e\u00f3lica. Os arquitetos pensaram o edif\u00edcio como se fosse uma vestimenta, um artefato que protege e conforta do frio extremo. Um problema de desempenho tecnol\u00f3gico, mas que deveria levar a est\u00e9tica em considera\u00e7\u00e3o.<\/p>\n<p style=\"text-align: justify;\"><strong>DESAFIOS DO PROJETO<\/strong><\/p>\n<p style=\"text-align: justify;\">\u201cElaboramos o projeto b\u00e1sico para o concurso em 45 dias e o projeto completo em cinco meses. N\u00e3o conseguimos sequer visitar a Ant\u00e1rtica, pois o prazo de elabora\u00e7\u00e3o n\u00e3o coincidiu com o ver\u00e3o\u201d, afirmou o arquiteto Emerson Vidigal, do Est\u00fadio 41. Segundo ele, uma das principais preocupa\u00e7\u00f5es foi investir em energias renov\u00e1veis, com p\u00e1s e\u00f3licas e placas solares que atendem a at\u00e9 25% da necessidade da Esta\u00e7\u00e3o.<\/p>\n<figure id=\"attachment_11296\" aria-describedby=\"caption-attachment-11296\" style=\"width: 300px\" class=\"wp-caption alignleft\"><img loading=\"lazy\" decoding=\"async\" class=\"size-medium wp-image-11296\" src=\"https:\/\/www.jornaldaconstrucaocivil.com.br\/wp-content\/uploads\/2019\/03\/unnamed-1-300x154.jpg\" alt=\"\" width=\"300\" height=\"154\" srcset=\"https:\/\/construcaocivil.siriusmarketingedesign.com.br\/wp-content\/uploads\/2019\/03\/unnamed-1-300x154.jpg 300w, https:\/\/construcaocivil.siriusmarketingedesign.com.br\/wp-content\/uploads\/2019\/03\/unnamed-1-768x395.jpg 768w, https:\/\/construcaocivil.siriusmarketingedesign.com.br\/wp-content\/uploads\/2019\/03\/unnamed-1.jpg 1024w\" sizes=\"auto, (max-width: 300px) 100vw, 300px\" \/><figcaption id=\"caption-attachment-11296\" class=\"wp-caption-text\">Equipe do Est\u00fadio 41 que elaborou o projeto da Esta\u00e7\u00e3o Ant\u00e1rtica. Divulga\u00e7\u00e3o<\/figcaption><\/figure>\n<p style=\"text-align: justify;\">Outra preocupa\u00e7\u00e3o da equipe de arquitetos foi a seguran\u00e7a contra inc\u00eandios, para evitar novas trag\u00e9dias. \u201cFizemos uma m\u00e9dia das normas brasileiras e de alguns pa\u00edses europeus e simplesmente dobramos a precau\u00e7\u00e3o com seguran\u00e7a. Como esse foi um trauma muito grande para a Marinha do Brasil, eles fizeram quest\u00e3o de investimento pesado nesse aspecto&#8221;, afirma Emerson. &#8220;Esse \u00e9 um ponto importante em concursos p\u00fablicos: identificar tamb\u00e9m o sentimento do cliente em rela\u00e7\u00e3o ao projeto\u201d.<\/p>\n<p style=\"text-align: justify;\">Para atender a toda a complexidade do projeto, os arquitetos utilizaram softwares de Modelagem da Informa\u00e7\u00e3o da Constru\u00e7\u00e3o (BIM, na sigla em ingl\u00eas), uma tecnologia que tranfere n\u00e3o s\u00f3 o desenho, mas todas os materiais e especifica\u00e7\u00f5es para o mundo virtual, permitindo uma integra\u00e7\u00e3o maior com a equipe de engenheiros que coordenou a constru\u00e7\u00e3o. \u00a0\u201cO BIM serviu como ferramenta de liga\u00e7\u00e3o entre os arquitetos e os engenheiros do projeto. Obtivemos toda a estrutura em 3D e confrontamos as diferentes concep\u00e7\u00f5es de Arquitetura e de Engenharia&#8221;, diz Emerson.<\/p>\n<p style=\"text-align: justify;\"><strong>MARCO NA REALIZA\u00c7\u00c3O DE CONCURSOS<\/strong><\/p>\n<p style=\"text-align: justify;\">Essa obra possui import\u00e2ncia estrat\u00e9gica e simb\u00f3lica para a Arquitetura do Brasil por diversos motivos. Primeiro, foi um dos projetos que conseguiu mostrar a sociedade as vantagens na realiza\u00e7\u00e3o de Concursos P\u00fablicos de Arquitetura para a escolha de obras p\u00fablicas. Em 2013, eram ainda raras iniciativas desse tipo, mas foram crescendo ao logo dos anos com apoio do CAU\/BR, dos CAU\/UF, IAB, FNA, AsBEA e demais entidades nacionais de arquitetos e urbanistas.<\/p>\n<p style=\"text-align: justify;\">S\u00f3 em 2018, foram realizados pelo menos 14 Concursos P\u00fablicos de Arquitetura em todo o Brasil, incluindo projetos grandes, como a revitaliza\u00e7\u00e3o da orla do Lago Parano\u00e1, em Bras\u00edlia; a revitaliza\u00e7\u00e3o do Eixo Monumental de Maring\u00e1 (PR); a reurbaniza\u00e7\u00e3o da \u00e1rea central do munic\u00edpio de Conde (PB); e a nova sede do CAU\/TO, em Palmas (TO).<\/p>\n<p style=\"text-align: justify;\">O arquiteto e urbanista Luiz Fernando Janot defende que o Concurso P\u00fablico de Arquitetura \u00e9 a forma mais democr\u00e1tica de escolha de projetos e a que melhor contribui para oferecer aos jovens arquitetos uma oportunidade de demonstrar sua\u00a0capacidade profissional. &#8220;Defendo, por princ\u00edpio, que toda obra p\u00fablica deveria ser, obrigatoriamente, objeto de concurso de arquitetura e urbanismo. A meu ver, essa seria mais uma forma de valorizar e difundir a cultura arquitet\u00f4nica nacional e, ao mesmo tempo, valorizar \u00e0 compet\u00eancia dos arquitetos e urbanistas brasileiros&#8221;, afirma.<\/p>\n<p>Mais detalhes acesse\u00a0<span style=\"color: #0000ff;\"><a style=\"color: #0000ff;\" href=\"http:\/\/www.caubr.gov.br\">www.caubr.gov.br<\/a><\/span><\/p>\n<p>Fonte: Imprensa\/CAU-BR<\/p>\n","protected":false},"excerpt":{"rendered":"<p>Mar\u00e7o, 2019 &#8211; A Esta\u00e7\u00e3o Ant\u00e1rtica Comandante Ferraz, base de pesquisas da Marinha do Brasil na Ant\u00e1rtida, est\u00e1 com sua constru\u00e7\u00e3o conclu\u00edda ap\u00f3s tr\u00eas anos de obras no continente mais extremo do planeta. Trata-se de uma obra de arte da Arquitetura e Engenharia, com estruturas de a\u00e7o de 700 toneladas, formato aerodin\u00e2mico para resistir aos [&hellip;]<\/p>\n","protected":false},"author":1,"featured_media":11295,"comment_status":"open","ping_status":"open","sticky":false,"template":"","format":"standard","meta":{"_uag_custom_page_level_css":"","footnotes":""},"categories":[28],"tags":[909,15330,15338,1394,15333,1574,2015,15336,15334,15328,15331,15335,15337,5833,15332,15329,15339,15327],"class_list":["post-11294","post","type-post","status-publish","format-standard","has-post-thumbnail","hentry","category-arquitetura","tag-arquitetos-e-urbanistas","tag-arquitetura-e-engenharia","tag-asbea","tag-bim","tag-bim-na-construcao-da-estacao-antartica-do-brasil","tag-brasilia-df","tag-cau-br","tag-cau-uf","tag-ciencia-e-arquitetura-juntos","tag-estacao-antartica-comandante-ferraz","tag-estruturas-de-aco","tag-estudio-41","tag-fna","tag-iab","tag-ilha-rei-george","tag-marinha-br","tag-palmas-to","tag-projeto-da-nova-estacao-antartica-do-brasil"],"blocksy_meta":[],"spectra_blocks_featured_image_url":{"thumbnail":{"url":"https:\/\/construcaocivil.siriusmarketingedesign.com.br\/wp-content\/uploads\/2019\/03\/unnamed-150x150.jpg","width":150,"height":150},"medium":{"url":"https:\/\/construcaocivil.siriusmarketingedesign.com.br\/wp-content\/uploads\/2019\/03\/unnamed-300x168.jpg","width":300,"height":168},"medium_large":{"url":"https:\/\/construcaocivil.siriusmarketingedesign.com.br\/wp-content\/uploads\/2019\/03\/unnamed-768x430.jpg","width":768,"height":430},"large":{"url":"https:\/\/construcaocivil.siriusmarketingedesign.com.br\/wp-content\/uploads\/2019\/03\/unnamed.jpg","width":960,"height":538},"full":{"url":"https:\/\/construcaocivil.siriusmarketingedesign.com.br\/wp-content\/uploads\/2019\/03\/unnamed.jpg","width":960,"height":538}},"spectra_blocks_author_info":{"display_name":"Jornal da Constru\u00e7\u00e3o Civil","avatar_url":"https:\/\/secure.gravatar.com\/avatar\/973c9774fd44ddaceb026973c4962faa70fc512bc4c9da68e8ebb40fecee6540?s=96&d=mm&r=g","author_link":"https:\/\/construcaocivil.siriusmarketingedesign.com.br\/?author=1","description":"Desde de 2013, levando muitas informa\u00e7\u00f5es, lan\u00e7amentos e produtos de qualidade para toda cadeia produtiva da constru\u00e7\u00e3o. O Futuro da constru\u00e7\u00e3o passa por aqui,"},"uagb_featured_image_src":{"full":["https:\/\/construcaocivil.siriusmarketingedesign.com.br\/wp-content\/uploads\/2019\/03\/unnamed.jpg",960,538,false],"thumbnail":["https:\/\/construcaocivil.siriusmarketingedesign.com.br\/wp-content\/uploads\/2019\/03\/unnamed-150x150.jpg",150,150,true],"medium":["https:\/\/construcaocivil.siriusmarketingedesign.com.br\/wp-content\/uploads\/2019\/03\/unnamed-300x168.jpg",300,168,true],"medium_large":["https:\/\/construcaocivil.siriusmarketingedesign.com.br\/wp-content\/uploads\/2019\/03\/unnamed-768x430.jpg",768,430,true],"large":["https:\/\/construcaocivil.siriusmarketingedesign.com.br\/wp-content\/uploads\/2019\/03\/unnamed.jpg",960,538,false],"1536x1536":["https:\/\/construcaocivil.siriusmarketingedesign.com.br\/wp-content\/uploads\/2019\/03\/unnamed.jpg",960,538,false],"2048x2048":["https:\/\/construcaocivil.siriusmarketingedesign.com.br\/wp-content\/uploads\/2019\/03\/unnamed.jpg",960,538,false]},"uagb_author_info":{"display_name":"Jornal da Constru\u00e7\u00e3o Civil","author_link":"https:\/\/construcaocivil.siriusmarketingedesign.com.br\/?author=1"},"uagb_comment_info":0,"uagb_excerpt":"Mar\u00e7o, 2019 &#8211; A Esta\u00e7\u00e3o Ant\u00e1rtica Comandante Ferraz, base de pesquisas da Marinha do Brasil na Ant\u00e1rtida, est\u00e1 com sua constru\u00e7\u00e3o conclu\u00edda ap\u00f3s tr\u00eas anos de obras no continente mais extremo do planeta. Trata-se de uma obra de arte da Arquitetura e Engenharia, com estruturas de a\u00e7o de 700 toneladas, formato aerodin\u00e2mico para resistir aos&hellip;","_links":{"self":[{"href":"https:\/\/construcaocivil.siriusmarketingedesign.com.br\/index.php?rest_route=\/wp\/v2\/posts\/11294","targetHints":{"allow":["GET"]}}],"collection":[{"href":"https:\/\/construcaocivil.siriusmarketingedesign.com.br\/index.php?rest_route=\/wp\/v2\/posts"}],"about":[{"href":"https:\/\/construcaocivil.siriusmarketingedesign.com.br\/index.php?rest_route=\/wp\/v2\/types\/post"}],"author":[{"embeddable":true,"href":"https:\/\/construcaocivil.siriusmarketingedesign.com.br\/index.php?rest_route=\/wp\/v2\/users\/1"}],"replies":[{"embeddable":true,"href":"https:\/\/construcaocivil.siriusmarketingedesign.com.br\/index.php?rest_route=%2Fwp%2Fv2%2Fcomments&post=11294"}],"version-history":[{"count":0,"href":"https:\/\/construcaocivil.siriusmarketingedesign.com.br\/index.php?rest_route=\/wp\/v2\/posts\/11294\/revisions"}],"wp:featuredmedia":[{"embeddable":true,"href":"https:\/\/construcaocivil.siriusmarketingedesign.com.br\/index.php?rest_route=\/wp\/v2\/media\/11295"}],"wp:attachment":[{"href":"https:\/\/construcaocivil.siriusmarketingedesign.com.br\/index.php?rest_route=%2Fwp%2Fv2%2Fmedia&parent=11294"}],"wp:term":[{"taxonomy":"category","embeddable":true,"href":"https:\/\/construcaocivil.siriusmarketingedesign.com.br\/index.php?rest_route=%2Fwp%2Fv2%2Fcategories&post=11294"},{"taxonomy":"post_tag","embeddable":true,"href":"https:\/\/construcaocivil.siriusmarketingedesign.com.br\/index.php?rest_route=%2Fwp%2Fv2%2Ftags&post=11294"}],"curies":[{"name":"wp","href":"https:\/\/api.w.org\/{rel}","templated":true}]}}