{"id":11302,"date":"2019-03-13T12:31:28","date_gmt":"2019-03-13T15:31:28","guid":{"rendered":"https:\/\/www.jornaldaconstrucaocivil.com.br\/?p=11302"},"modified":"2019-03-13T12:31:28","modified_gmt":"2019-03-13T15:31:28","slug":"conleste-apresenta-oficialmente-i-ita-gas-oil-2019-no-palacio-guanabara","status":"publish","type":"post","link":"https:\/\/construcaocivil.siriusmarketingedesign.com.br\/?p=11302","title":{"rendered":"CONLESTE apresenta oficialmente I Ita Gas &#038; Oil 2019 no Pal\u00e1cio Guanabara"},"content":{"rendered":"<p style=\"text-align: justify;\"><span style=\"color: #993300;\">Mar\u00e7o, 2019<\/span> &#8211; No dia 18 de mar\u00e7o, no Pal\u00e1cio Guanabara, os Prefeitos que fazem parte do Conleste \u2013 Cons\u00f3rcio Intermunicipal de Desenvolvimento do Leste Fluminense \u2013 participar\u00e3o da apresenta\u00e7\u00e3o oficial do <strong>I Ita Gas &amp; Oil.<\/strong> O evento previsto para os dias 24 e 25 de julho, na cidade de Itabora\u00ed, tamb\u00e9m ser\u00e1 apresentado, neste mesmo encontro, \u00e0s institui\u00e7\u00f5es Sebrae, Firjan, Petrobras e aos EPCs da Petrobras sediados na Regi\u00e3o Leste Fluminense .<\/p>\n<p style=\"text-align: justify;\">O <strong>I<\/strong> <strong>Ita Gas &amp; Oil<\/strong> fomentar\u00e1 discuss\u00f5es sobre a ind\u00fastria de \u00f3leo e g\u00e1s, trar\u00e1 palestras relacionadas ao tema, bem como beneficiar\u00e1 o ambiente de neg\u00f3cios para os prestadores de servi\u00e7o e fornecedores que atuam no setor. Outra atividade prevista no cronograma do evento \u00e9 a visita ao Polo Industrial, localizado em Itabora\u00ed.<\/p>\n<p style=\"text-align: justify;\">O Conleste \u00e9 um dos apoiadores institucionais do I Ita Gas &amp; Oil, organizado pela Rede Petro Rio. A participa\u00e7\u00e3o da institui\u00e7\u00e3o neste evento ser\u00e1 de extrema import\u00e2ncia para aprimorar as estrat\u00e9gias de desenvolvimento econ\u00f4mico no setor de g\u00e1s e \u00f3leo para os 15 (quinze) munic\u00edpios do leste do Estado que fazem parte do cons\u00f3rcio.<\/p>\n<p style=\"text-align: justify;\">Quer saber mais sobre a atua\u00e7\u00e3o do<span style=\"color: #993300;\"> Conleste?<\/span><\/p>\n<p style=\"text-align: justify;\">Acesse <span style=\"color: #0000ff;\"><a style=\"color: #0000ff;\" href=\"http:\/\/www.conleste.com.br\">www.conleste.com.br<\/a><\/span> ou acompanhe pelo perfil do Facebook, <span style=\"color: #0000ff;\">@conlesterj.<\/span><\/p>\n<p>Fonte: Imprensa\/CONLESTE<\/p>\n","protected":false},"excerpt":{"rendered":"<p>Mar\u00e7o, 2019 &#8211; No dia 18 de mar\u00e7o, no Pal\u00e1cio Guanabara, os Prefeitos que fazem parte do Conleste \u2013 Cons\u00f3rcio Intermunicipal de Desenvolvimento do Leste Fluminense \u2013 participar\u00e3o da apresenta\u00e7\u00e3o oficial do I Ita Gas &amp; Oil. O evento previsto para os dias 24 e 25 de julho, na cidade de Itabora\u00ed, tamb\u00e9m ser\u00e1 apresentado, [&hellip;]<\/p>\n","protected":false},"author":1,"featured_media":11303,"comment_status":"open","ping_status":"open","sticky":false,"template":"","format":"standard","meta":{"_uag_custom_page_level_css":"","footnotes":""},"categories":[27],"tags":[15348,15346,15349,5096,15345,15351,6420,7291,15347,15350,8859,15352,10645,10721],"class_list":["post-11302","post","type-post","status-publish","format-standard","has-post-thumbnail","hentry","category-acontece","tag-cadeia-produtiva-industria-de-oleo-e-gas","tag-conleste","tag-conleste-consorcio-intermunicipal-de-desenvolvimento-do-leste-fluminense","tag-firjan","tag-i-ita-gas-oi","tag-investimentos-e-desenvolvimento-economicos-na-regiao-leste-rj","tag-itaborai","tag-marica","tag-oportunidades-com-setor-de-oleo-e-gas-no-brasil","tag-palacio-guanabara-rj","tag-petrobras","tag-refinarias-e-derivados","tag-sao-goncalo-rj","tag-sebrae"],"blocksy_meta":[],"spectra_blocks_featured_image_url":{"thumbnail":{"url":"https:\/\/construcaocivil.siriusmarketingedesign.com.br\/wp-content\/uploads\/2019\/03\/COMPERJ-150x150.jpg","width":150,"height":150},"medium":{"url":"https:\/\/construcaocivil.siriusmarketingedesign.com.br\/wp-content\/uploads\/2019\/03\/COMPERJ-300x206.jpg","width":300,"height":206},"medium_large":{"url":"https:\/\/construcaocivil.siriusmarketingedesign.com.br\/wp-content\/uploads\/2019\/03\/COMPERJ.jpg","width":554,"height":380},"large":{"url":"https:\/\/construcaocivil.siriusmarketingedesign.com.br\/wp-content\/uploads\/2019\/03\/COMPERJ.jpg","width":554,"height":380},"full":{"url":"https:\/\/construcaocivil.siriusmarketingedesign.com.br\/wp-content\/uploads\/2019\/03\/COMPERJ.jpg","width":554,"height":380}},"spectra_blocks_author_info":{"display_name":"Jornal da Constru\u00e7\u00e3o Civil","avatar_url":"https:\/\/secure.gravatar.com\/avatar\/973c9774fd44ddaceb026973c4962faa70fc512bc4c9da68e8ebb40fecee6540?s=96&d=mm&r=g","author_link":"https:\/\/construcaocivil.siriusmarketingedesign.com.br\/?author=1","description":"Desde de 2013, levando muitas informa\u00e7\u00f5es, lan\u00e7amentos e produtos de qualidade para toda cadeia produtiva da constru\u00e7\u00e3o. O Futuro da constru\u00e7\u00e3o passa por aqui,"},"uagb_featured_image_src":{"full":["https:\/\/construcaocivil.siriusmarketingedesign.com.br\/wp-content\/uploads\/2019\/03\/COMPERJ.jpg",554,380,false],"thumbnail":["https:\/\/construcaocivil.siriusmarketingedesign.com.br\/wp-content\/uploads\/2019\/03\/COMPERJ-150x150.jpg",150,150,true],"medium":["https:\/\/construcaocivil.siriusmarketingedesign.com.br\/wp-content\/uploads\/2019\/03\/COMPERJ-300x206.jpg",300,206,true],"medium_large":["https:\/\/construcaocivil.siriusmarketingedesign.com.br\/wp-content\/uploads\/2019\/03\/COMPERJ.jpg",554,380,false],"large":["https:\/\/construcaocivil.siriusmarketingedesign.com.br\/wp-content\/uploads\/2019\/03\/COMPERJ.jpg",554,380,false],"1536x1536":["https:\/\/construcaocivil.siriusmarketingedesign.com.br\/wp-content\/uploads\/2019\/03\/COMPERJ.jpg",554,380,false],"2048x2048":["https:\/\/construcaocivil.siriusmarketingedesign.com.br\/wp-content\/uploads\/2019\/03\/COMPERJ.jpg",554,380,false]},"uagb_author_info":{"display_name":"Jornal da Constru\u00e7\u00e3o Civil","author_link":"https:\/\/construcaocivil.siriusmarketingedesign.com.br\/?author=1"},"uagb_comment_info":0,"uagb_excerpt":"Mar\u00e7o, 2019 &#8211; No dia 18 de mar\u00e7o, no Pal\u00e1cio Guanabara, os Prefeitos que fazem parte do Conleste \u2013 Cons\u00f3rcio Intermunicipal de Desenvolvimento do Leste Fluminense \u2013 participar\u00e3o da apresenta\u00e7\u00e3o oficial do I Ita Gas &amp; Oil. O evento previsto para os dias 24 e 25 de julho, na cidade de Itabora\u00ed, tamb\u00e9m ser\u00e1 apresentado,&hellip;","_links":{"self":[{"href":"https:\/\/construcaocivil.siriusmarketingedesign.com.br\/index.php?rest_route=\/wp\/v2\/posts\/11302","targetHints":{"allow":["GET"]}}],"collection":[{"href":"https:\/\/construcaocivil.siriusmarketingedesign.com.br\/index.php?rest_route=\/wp\/v2\/posts"}],"about":[{"href":"https:\/\/construcaocivil.siriusmarketingedesign.com.br\/index.php?rest_route=\/wp\/v2\/types\/post"}],"author":[{"embeddable":true,"href":"https:\/\/construcaocivil.siriusmarketingedesign.com.br\/index.php?rest_route=\/wp\/v2\/users\/1"}],"replies":[{"embeddable":true,"href":"https:\/\/construcaocivil.siriusmarketingedesign.com.br\/index.php?rest_route=%2Fwp%2Fv2%2Fcomments&post=11302"}],"version-history":[{"count":0,"href":"https:\/\/construcaocivil.siriusmarketingedesign.com.br\/index.php?rest_route=\/wp\/v2\/posts\/11302\/revisions"}],"wp:featuredmedia":[{"embeddable":true,"href":"https:\/\/construcaocivil.siriusmarketingedesign.com.br\/index.php?rest_route=\/wp\/v2\/media\/11303"}],"wp:attachment":[{"href":"https:\/\/construcaocivil.siriusmarketingedesign.com.br\/index.php?rest_route=%2Fwp%2Fv2%2Fmedia&parent=11302"}],"wp:term":[{"taxonomy":"category","embeddable":true,"href":"https:\/\/construcaocivil.siriusmarketingedesign.com.br\/index.php?rest_route=%2Fwp%2Fv2%2Fcategories&post=11302"},{"taxonomy":"post_tag","embeddable":true,"href":"https:\/\/construcaocivil.siriusmarketingedesign.com.br\/index.php?rest_route=%2Fwp%2Fv2%2Ftags&post=11302"}],"curies":[{"name":"wp","href":"https:\/\/api.w.org\/{rel}","templated":true}]}}