{"id":11361,"date":"2019-03-21T11:15:11","date_gmt":"2019-03-21T14:15:11","guid":{"rendered":"https:\/\/www.jornaldaconstrucaocivil.com.br\/?p=11361"},"modified":"2019-03-21T11:15:47","modified_gmt":"2019-03-21T14:15:47","slug":"o-futuro-da-construcao-civil-em-debate","status":"publish","type":"post","link":"https:\/\/construcaocivil.siriusmarketingedesign.com.br\/?p=11361","title":{"rendered":"O futuro da Constru\u00e7\u00e3o Civil em debate"},"content":{"rendered":"<p style=\"font-weight: 400;\"><em>Semin\u00e1rio promovido pelo Seconci-Rio e CBIC discute a quest\u00e3o da sustentabilidade sob diversas perspectivas<\/em><\/p>\n<p style=\"font-weight: 400; text-align: justify;\"><span style=\"color: #993300;\">Mar\u00e7o, 2019<\/span> &#8211; No pr\u00f3ximo dia <strong>27\/03<\/strong>, quarta-feira, o Servi\u00e7o Social da Ind\u00fastria da Constru\u00e7\u00e3o Civil do Estado do Rio de Janeiro (<strong>Seconci-Rio<\/strong>) e a CBIC (C\u00e2mara Brasileira da Ind\u00fastria da Constru\u00e7\u00e3o)\u00a0estar\u00e3o promovendo o semin\u00e1rio\u00a0<strong><em>&#8220;O Futuro da Constru\u00e7\u00e3o e o Avan\u00e7o da Agenda de Sustentabilidade&#8221;<\/em><\/strong>\u00a0pelas \u00f3ticas do construtor, do investidor e do empreendendor. O encontro reunir\u00e1 especialistas e autoridades no audit\u00f3rio do Sinduscon-Rio (Rua do Senado, 213 \u2013 Centro) com o objetivo de discutir a import\u00e2ncia dos ODS e do Pacto Global para a economia brasileira e criar diretrizes para implementa\u00e7\u00e3o dos mesmos na estrat\u00e9gia dos neg\u00f3cios.<\/p>\n<p style=\"font-weight: 400;\">Est\u00e3o confirmadas as presen\u00e7as de\u00a0<strong>Claudio Martins<\/strong>, Superintendente da Caixa Econ\u00f4mica Federal; \u00a0<strong>Thais Moraes<\/strong>, Especialista em Sustentabilidade pela MRV;\u00a0<strong>Kalil Farran<\/strong>, Diretor do Instituto Camargo Correa e\u00a0<strong>Barbara Dunin<\/strong>, Assessora de Governan\u00e7a da Agenda 2030 do Pacto Global, entre outros. Destinado a empres\u00e1rios, empreendedores, investidores e profissionais da constru\u00e7\u00e3o civil, o semin\u00e1rio conta com o apoio do SESI, do Sinduscon-Rio e da Caixa Econ\u00f4mica Federal.\u00a0\u00a0<em>&#8220;Nosso objetivo \u00e9 apresentar de forma clara e pr\u00e1tica como as construtoras podem inserir a sustentabilidade em suas agendas etrat\u00e9gicas. Atrav\u00e9s de estudos de casos vamos analisar quais os ODS que impactam mais no setor e como podemos fazer para mitigar esses impactos&#8221;\u00a0<\/em>\u2013 explica\u00a0<strong>Ana Claudia Gomes<\/strong>, Presidente da CRS\/CBIC, que tamb\u00e9m estar\u00e1 presente ao evento.<\/p>\n<p style=\"font-weight: 400;\">Temas como &#8220;As ODS na Cadeia de Valor da Constru\u00e7\u00e3o Civil&#8221; e &#8220;Desenvolvimento Comunit\u00e1rio Como Estrat\u00e9gia Empresarial&#8221; ser\u00e3o abordados de forma clara e direta. Haver\u00e1 ainda a apresenta\u00e7\u00e3o de uma pesquisa elaborada pela CBIC sobre as boas pr\u00e1ticas do setor. O semin\u00e1rio ter\u00e1\u00a0<strong>entrada franca<\/strong>\u00a0e \u00e9 aberto ao p\u00fablico.<\/p>\n<p>As inscri\u00e7\u00f5es dever\u00e3o ser feitas atrav\u00e9s do link\u00a0<span style=\"color: #0000ff;\"><a style=\"color: #0000ff;\" href=\"https:\/\/docs.google.com\/forms\/d\/e\/1FAIpQLSeUzvm9u70HxLksiLfXPZdl1h-jNs79qrb10LXJfoDhXt1N5g\/viewform\" target=\"_blank\" rel=\"noopener noreferrer\">https:\/\/docs.google.com\/forms\/d\/e\/1FAIpQLSeUzvm9u70HxLksiLfXPZdl1h-jNs79qrb10LXJfoDhXt1N5g\/viewform<\/a>\u00a0<\/span>ou pelo telefone: 2101-2555 Setor de Eventos<\/p>\n<p style=\"font-weight: 400;\"><span style=\"color: #0000ff;\"><u>SERVI\u00c7O:<\/u><\/span><\/p>\n<p style=\"font-weight: 400;\"><span style=\"color: #0000ff;\">Semin\u00e1rio\u00a0<strong><em>&#8220;O Futuro da Constru\u00e7\u00e3o e o Avan\u00e7o da Agenda de Sustentabilidade&#8221;<\/em><\/strong><\/span><\/p>\n<p style=\"font-weight: 400;\"><span style=\"color: #0000ff;\"><strong>Local:<\/strong>\u00a0Audit\u00f3rio do Sinduscon-RJ (Rua do Senado, 213 \u2013 Centro)<\/span><\/p>\n<p style=\"font-weight: 400;\"><span style=\"color: #0000ff;\"><strong>Data:<\/strong>\u00a027\/03\/2019, quarta-feira<\/span><\/p>\n<p style=\"font-weight: 400;\"><span style=\"color: #0000ff;\"><strong>Hor\u00e1rio:<\/strong>\u00a0Das 09h30h \u00e0s 16:30h<\/span><\/p>\n<p>Fonte: Imprensa\/ SECONCI &#8211; RIO<\/p>\n<p style=\"font-weight: 400;\">\n","protected":false},"excerpt":{"rendered":"<p>Semin\u00e1rio promovido pelo Seconci-Rio e CBIC discute a quest\u00e3o da sustentabilidade sob diversas perspectivas Mar\u00e7o, 2019 &#8211; No pr\u00f3ximo dia 27\/03, quarta-feira, o Servi\u00e7o Social da Ind\u00fastria da Constru\u00e7\u00e3o Civil do Estado do Rio de Janeiro (Seconci-Rio) e a CBIC (C\u00e2mara Brasileira da Ind\u00fastria da Constru\u00e7\u00e3o)\u00a0estar\u00e3o promovendo o semin\u00e1rio\u00a0&#8220;O Futuro da Constru\u00e7\u00e3o e o Avan\u00e7o [&hellip;]<\/p>\n","protected":false},"author":1,"featured_media":11362,"comment_status":"open","ping_status":"open","sticky":false,"template":"","format":"standard","meta":{"_uag_custom_page_level_css":"","footnotes":""},"categories":[27],"tags":[2029,15428,15430,15432,10375,15434],"class_list":["post-11361","post","type-post","status-publish","format-standard","has-post-thumbnail","hentry","category-acontece","tag-cbic","tag-debate-sobre-futuro-da-construcao-civil","tag-normas-regulatorias","tag-pacto-ods","tag-rio-de-janeiro","tag-sustentabilidade-na-construcao"],"blocksy_meta":[],"spectra_blocks_featured_image_url":{"thumbnail":{"url":"https:\/\/construcaocivil.siriusmarketingedesign.com.br\/wp-content\/uploads\/2019\/03\/SECONCI-RIO-150x150.png","width":150,"height":150},"medium":{"url":"https:\/\/construcaocivil.siriusmarketingedesign.com.br\/wp-content\/uploads\/2019\/03\/SECONCI-RIO-300x300.png","width":300,"height":300},"medium_large":{"url":"https:\/\/construcaocivil.siriusmarketingedesign.com.br\/wp-content\/uploads\/2019\/03\/SECONCI-RIO-768x768.png","width":768,"height":768},"large":{"url":"https:\/\/construcaocivil.siriusmarketingedesign.com.br\/wp-content\/uploads\/2019\/03\/SECONCI-RIO.png","width":827,"height":827},"full":{"url":"https:\/\/construcaocivil.siriusmarketingedesign.com.br\/wp-content\/uploads\/2019\/03\/SECONCI-RIO.png","width":827,"height":827}},"spectra_blocks_author_info":{"display_name":"Jornal da Constru\u00e7\u00e3o Civil","avatar_url":"https:\/\/secure.gravatar.com\/avatar\/973c9774fd44ddaceb026973c4962faa70fc512bc4c9da68e8ebb40fecee6540?s=96&d=mm&r=g","author_link":"https:\/\/construcaocivil.siriusmarketingedesign.com.br\/?author=1","description":"Desde de 2013, levando muitas informa\u00e7\u00f5es, lan\u00e7amentos e produtos de qualidade para toda cadeia produtiva da constru\u00e7\u00e3o. O Futuro da constru\u00e7\u00e3o passa por aqui,"},"uagb_featured_image_src":{"full":["https:\/\/construcaocivil.siriusmarketingedesign.com.br\/wp-content\/uploads\/2019\/03\/SECONCI-RIO.png",827,827,false],"thumbnail":["https:\/\/construcaocivil.siriusmarketingedesign.com.br\/wp-content\/uploads\/2019\/03\/SECONCI-RIO-150x150.png",150,150,true],"medium":["https:\/\/construcaocivil.siriusmarketingedesign.com.br\/wp-content\/uploads\/2019\/03\/SECONCI-RIO-300x300.png",300,300,true],"medium_large":["https:\/\/construcaocivil.siriusmarketingedesign.com.br\/wp-content\/uploads\/2019\/03\/SECONCI-RIO-768x768.png",768,768,true],"large":["https:\/\/construcaocivil.siriusmarketingedesign.com.br\/wp-content\/uploads\/2019\/03\/SECONCI-RIO.png",827,827,false],"1536x1536":["https:\/\/construcaocivil.siriusmarketingedesign.com.br\/wp-content\/uploads\/2019\/03\/SECONCI-RIO.png",827,827,false],"2048x2048":["https:\/\/construcaocivil.siriusmarketingedesign.com.br\/wp-content\/uploads\/2019\/03\/SECONCI-RIO.png",827,827,false]},"uagb_author_info":{"display_name":"Jornal da Constru\u00e7\u00e3o Civil","author_link":"https:\/\/construcaocivil.siriusmarketingedesign.com.br\/?author=1"},"uagb_comment_info":0,"uagb_excerpt":"Semin\u00e1rio promovido pelo Seconci-Rio e CBIC discute a quest\u00e3o da sustentabilidade sob diversas perspectivas Mar\u00e7o, 2019 &#8211; No pr\u00f3ximo dia 27\/03, quarta-feira, o Servi\u00e7o Social da Ind\u00fastria da Constru\u00e7\u00e3o Civil do Estado do Rio de Janeiro (Seconci-Rio) e a CBIC (C\u00e2mara Brasileira da Ind\u00fastria da Constru\u00e7\u00e3o)\u00a0estar\u00e3o promovendo o semin\u00e1rio\u00a0&#8220;O Futuro da Constru\u00e7\u00e3o e o Avan\u00e7o&hellip;","_links":{"self":[{"href":"https:\/\/construcaocivil.siriusmarketingedesign.com.br\/index.php?rest_route=\/wp\/v2\/posts\/11361","targetHints":{"allow":["GET"]}}],"collection":[{"href":"https:\/\/construcaocivil.siriusmarketingedesign.com.br\/index.php?rest_route=\/wp\/v2\/posts"}],"about":[{"href":"https:\/\/construcaocivil.siriusmarketingedesign.com.br\/index.php?rest_route=\/wp\/v2\/types\/post"}],"author":[{"embeddable":true,"href":"https:\/\/construcaocivil.siriusmarketingedesign.com.br\/index.php?rest_route=\/wp\/v2\/users\/1"}],"replies":[{"embeddable":true,"href":"https:\/\/construcaocivil.siriusmarketingedesign.com.br\/index.php?rest_route=%2Fwp%2Fv2%2Fcomments&post=11361"}],"version-history":[{"count":0,"href":"https:\/\/construcaocivil.siriusmarketingedesign.com.br\/index.php?rest_route=\/wp\/v2\/posts\/11361\/revisions"}],"wp:featuredmedia":[{"embeddable":true,"href":"https:\/\/construcaocivil.siriusmarketingedesign.com.br\/index.php?rest_route=\/wp\/v2\/media\/11362"}],"wp:attachment":[{"href":"https:\/\/construcaocivil.siriusmarketingedesign.com.br\/index.php?rest_route=%2Fwp%2Fv2%2Fmedia&parent=11361"}],"wp:term":[{"taxonomy":"category","embeddable":true,"href":"https:\/\/construcaocivil.siriusmarketingedesign.com.br\/index.php?rest_route=%2Fwp%2Fv2%2Fcategories&post=11361"},{"taxonomy":"post_tag","embeddable":true,"href":"https:\/\/construcaocivil.siriusmarketingedesign.com.br\/index.php?rest_route=%2Fwp%2Fv2%2Ftags&post=11361"}],"curies":[{"name":"wp","href":"https:\/\/api.w.org\/{rel}","templated":true}]}}