{"id":11366,"date":"2019-03-23T12:46:55","date_gmt":"2019-03-23T15:46:55","guid":{"rendered":"https:\/\/www.jornaldaconstrucaocivil.com.br\/?p=11366"},"modified":"2019-04-01T12:15:58","modified_gmt":"2019-04-01T15:15:58","slug":"agua-ninguem-fica-para-tras","status":"publish","type":"post","link":"https:\/\/construcaocivil.siriusmarketingedesign.com.br\/?p=11366","title":{"rendered":"\u00c1gua: ningu\u00e9m fica para tr\u00e1s"},"content":{"rendered":"\n<p dir=\"ltr\"><span style=\"color: #0000ff;\"><em>Por Luciano Zanella e Wolney Castilho<\/em><\/span><\/p>\n<p dir=\"ltr\" style=\"text-align: justify;\"><span id=\"m_4508429540337756114docs-internal-guid-e33affee-7fff-cd42-a5a6-c9fc0e506f8e\"><span style=\"color: #993300;\">Mar\u00e7o, 2019<\/span> &#8211; Um recurso t\u00e3o presente na vida cotidiana que, muitas vezes, s\u00f3 notamos sua import\u00e2ncia quando falta: \u00e9 assim que muitos de n\u00f3s tratamos a \u00e1gua pot\u00e1vel.<\/span><\/p>\n<p dir=\"ltr\" style=\"text-align: justify;\"><span id=\"m_4508429540337756114docs-internal-guid-e33affee-7fff-cd42-a5a6-c9fc0e506f8e\">O tema selecionado pela ONU para reflex\u00e3o no pr\u00f3ximo 22 de mar\u00e7o, Dia Internacional da \u00c1gua &#8211; Water for all: living no one behind (\u2018\u00c1gua para todos: n\u00e3o deixando ningu\u00e9m para tr\u00e1s\u2019, em tradu\u00e7\u00e3o livre) &#8211; nos lembra algo interessante: o ato quase m\u00e1gico da \u00e1gua surgindo de uma torneira, ao qual estamos acostumados, n\u00e3o \u00e9 uma realidade para consider\u00e1vel parte da popula\u00e7\u00e3o mundial.<\/span><\/p>\n<p dir=\"ltr\" style=\"text-align: justify;\"><span id=\"m_4508429540337756114docs-internal-guid-e33affee-7fff-cd42-a5a6-c9fc0e506f8e\">Se a falta de \u00e1gua pot\u00e1vel parece um fato muito distante, basta relembrar o ocorrido em diversas regi\u00f5es do estado de S\u00e3o Paulo num passado recente, em 2014 e 2015, quando um per\u00edodo prolongado de estiagem levou o abastecimento de muitas cidades a n\u00edveis cr\u00edticos de escassez. Nessa \u00e9poca, para muitos de n\u00f3s, o simples ato de lavar roupas ou tomar um banho tornou-se um desafio di\u00e1rio.<\/span><\/p>\n<p dir=\"ltr\" style=\"text-align: justify;\"><span id=\"m_4508429540337756114docs-internal-guid-e33affee-7fff-cd42-a5a6-c9fc0e506f8e\">Situa\u00e7\u00e3o muito comum em outras \u00e1reas do pa\u00eds. Dados do Plano Nacional do Saneamento de 2013 mostram que no Brasil, em 2010, apenas 60% da popula\u00e7\u00e3o contava com abastecimento adequado. Do restante, 64 milh\u00f5es (33,9%) de brasileiros contavam com abastecimento prec\u00e1rio e cerca de 13 milh\u00f5es (6,8%) de pessoas, sequer com isso.<\/span><\/p>\n<p dir=\"ltr\" style=\"text-align: justify;\"><span id=\"m_4508429540337756114docs-internal-guid-e33affee-7fff-cd42-a5a6-c9fc0e506f8e\">O caso mais emblem\u00e1tico em territ\u00f3rio nacional \u00e9 o do semi\u00e1rido, que enfrenta per\u00edodos de estiagem frequentes e problemas referentes \u00e0 qualidade das \u00e1guas nas fontes, muitas delas inadequadas ao consumo humano. Mas h\u00e1 outras regi\u00f5es em que o acesso \u00e0 \u00e1gua pot\u00e1vel tamb\u00e9m n\u00e3o \u00e9 f\u00e1cil: muitas das comunidades ribeirinhas da regi\u00e3o amaz\u00f4nica, povoados constru\u00eddos praticamente sobre os grandes rios e igarap\u00e9s, n\u00e3o tem acesso a ela. Nesse caso, o fator limitante n\u00e3o \u00e9 a falta do recurso, mas a qualidade da \u00e1gua dispon\u00edvel, muitas vezes impr\u00f3pria para consumo devido a contaminantes.<\/span><\/p>\n<p dir=\"ltr\" style=\"text-align: justify;\"><span id=\"m_4508429540337756114docs-internal-guid-e33affee-7fff-cd42-a5a6-c9fc0e506f8e\">E n\u00e3o \u00e9 s\u00f3 em regi\u00f5es distantes que isso acontece. Nas zonas rurais de muitos munic\u00edpios ou at\u00e9 em alguns nichos espec\u00edficas dentro de \u00e1reas urbanas, inclusive na regi\u00e3o Sudeste, por uma s\u00e9rie de motivos diferentes, muitas vezes o acesso \u00e0 \u00e1gua \u00e9 prec\u00e1rio, limitado ou inexistente.<\/span><\/p>\n<p dir=\"ltr\" style=\"text-align: justify;\"><span id=\"m_4508429540337756114docs-internal-guid-e33affee-7fff-cd42-a5a6-c9fc0e506f8e\">Uma vez que n\u00e3o existe solu\u00e7\u00e3o que possa ser aplicada de modo amplo e indiscriminado, \u00e9 preciso analisar cada situa\u00e7\u00e3o. Solu\u00e7\u00f5es simples, implementadas com os cuidados t\u00e9cnicos necess\u00e1rios, muitas vezes podem ser as mais adequadas. O aproveitamento de \u00e1guas de chuva, como forma de permitir o abastecimento mais seguro em locais onde o acesso \u00e0 \u00e1gua pot\u00e1vel \u00e9 problem\u00e1tico, \u00e9 um exemplo. Intensamente adotado na regi\u00e3o semi\u00e1rida brasileira, tamb\u00e9m foi uma das solu\u00e7\u00f5es complementares de abastecimento mais utilizadas durante o per\u00edodo de escassez h\u00eddrica pela qual a regi\u00e3o Sudeste passou entre 2013 e 2015.<\/span><\/p>\n<p dir=\"ltr\" style=\"text-align: justify;\"><span id=\"m_4508429540337756114docs-internal-guid-e33affee-7fff-cd42-a5a6-c9fc0e506f8e\">Por outro lado, solu\u00e7\u00f5es mais complexas exigem o manejo integrado de \u00e1guas urbanas, abordando todo o seu ciclo e estabelecendo alternativas para que as \u00e1guas sejam utilizadas de forma eficiente. Desenvolvimento, avalia\u00e7\u00e3o e uso de equipamentos sanit\u00e1rios economizadores, estrutura\u00e7\u00e3o de programas de uso eficiente de \u00e1gua e acompanhamento de consumo, uso de fontes alternativas como forma de abastecimento complementar e at\u00e9 mesmo o manejo das \u00e1guas de drenagem urbana, al\u00e9m do correto tratamento dos esgotos gerados para evitar a contamina\u00e7\u00e3o de mananciais, podem fazer parte de programas mais complexos para locais onde existe o abastecimento de \u00e1gua pot\u00e1vel, mas a disponibilidade h\u00eddrica torna-se cr\u00edtica para guarnecer a popula\u00e7\u00e3o existente. \u00c9 o caso de um bom n\u00famero de regi\u00f5es metropolitanas brasileiras.<\/span><\/p>\n<p dir=\"ltr\" style=\"text-align: justify;\">N\u00e3o deixar ningu\u00e9m para tr\u00e1s significa garantir a disponibilidade e o manejo sustent\u00e1vel da \u00e1gua para todos, como estabelece o Objetivo 6 do Desenvolvimento Sustent\u00e1vel da agenda 2030 da ONU, da qual o Brasil \u00e9 um dos pa\u00edses signat\u00e1rios. Significa olhar para esses locais e buscar alternativas efetivas para garantir o acesso \u00e0 \u00e1gua, sempre empregando tecnologias adequadas.<\/p>\n<p dir=\"ltr\">L<span style=\"color: #0000ff;\"><em>uciano Zanella e Wolney Castilho, s\u00e3o Pesquisadores do Laborat\u00f3rio de Instala\u00e7\u00f5es Prediais e Saneamento do IPT.<\/em><\/span><\/p>\n<p dir=\"ltr\">Acesse o site <strong><a href=\"http:\/\/www.ipt.br\">www.ipt.br<\/a><\/strong><\/p>\n<p dir=\"ltr\" style=\"text-align: justify;\">\u00a0<\/p>\n","protected":false},"excerpt":{"rendered":"","protected":false},"author":1,"featured_media":11367,"comment_status":"open","ping_status":"open","sticky":false,"template":"","format":"standard","meta":{"_uag_custom_page_level_css":"","footnotes":""},"categories":[37],"tags":[15439,564,15556,6395,15436,15555,15554,15557,10679,15435,15553],"class_list":["post-11366","post","type-post","status-publish","format-standard","has-post-thumbnail","hentry","category-sustentabilidade","tag-agua-da-chuva-captar-para-uso-humano","tag-agua-potavel","tag-investimentos-na-infraestrutura-e-economia","tag-ipt","tag-onu-solucoes-paa-captar-agua","tag-populacao-sem-agua","tag-programa-de-agua","tag-reservas-de-agua-no-brasil","tag-sao-paulo-sp","tag-semiarido","tag-universalizacao-da-agua"],"blocksy_meta":[],"spectra_blocks_featured_image_url":{"thumbnail":{"url":"https:\/\/construcaocivil.siriusmarketingedesign.com.br\/wp-content\/uploads\/2019\/03\/IPT-ARQUIVO-CAPTAR-\u00c1GUA-DA-CHUVA-1-800x445-150x150.jpg","width":150,"height":150},"medium":{"url":"https:\/\/construcaocivil.siriusmarketingedesign.com.br\/wp-content\/uploads\/2019\/03\/IPT-ARQUIVO-CAPTAR-\u00c1GUA-DA-CHUVA-1-800x445-300x167.jpg","width":300,"height":167},"medium_large":{"url":"https:\/\/construcaocivil.siriusmarketingedesign.com.br\/wp-content\/uploads\/2019\/03\/IPT-ARQUIVO-CAPTAR-\u00c1GUA-DA-CHUVA-1-800x445-768x427.jpg","width":768,"height":427},"large":{"url":"https:\/\/construcaocivil.siriusmarketingedesign.com.br\/wp-content\/uploads\/2019\/03\/IPT-ARQUIVO-CAPTAR-\u00c1GUA-DA-CHUVA-1-800x445.jpg","width":800,"height":445},"full":{"url":"https:\/\/construcaocivil.siriusmarketingedesign.com.br\/wp-content\/uploads\/2019\/03\/IPT-ARQUIVO-CAPTAR-\u00c1GUA-DA-CHUVA-1-800x445.jpg","width":800,"height":445}},"spectra_blocks_author_info":{"display_name":"Jornal da Constru\u00e7\u00e3o Civil","avatar_url":"https:\/\/secure.gravatar.com\/avatar\/973c9774fd44ddaceb026973c4962faa70fc512bc4c9da68e8ebb40fecee6540?s=96&d=mm&r=g","author_link":"https:\/\/construcaocivil.siriusmarketingedesign.com.br\/?author=1","description":"Desde de 2013, levando muitas informa\u00e7\u00f5es, lan\u00e7amentos e produtos de qualidade para toda cadeia produtiva da constru\u00e7\u00e3o. O Futuro da constru\u00e7\u00e3o passa por aqui,"},"uagb_featured_image_src":{"full":["https:\/\/construcaocivil.siriusmarketingedesign.com.br\/wp-content\/uploads\/2019\/03\/IPT-ARQUIVO-CAPTAR-\u00c1GUA-DA-CHUVA-1-800x445.jpg",800,445,false],"thumbnail":["https:\/\/construcaocivil.siriusmarketingedesign.com.br\/wp-content\/uploads\/2019\/03\/IPT-ARQUIVO-CAPTAR-\u00c1GUA-DA-CHUVA-1-800x445-150x150.jpg",150,150,true],"medium":["https:\/\/construcaocivil.siriusmarketingedesign.com.br\/wp-content\/uploads\/2019\/03\/IPT-ARQUIVO-CAPTAR-\u00c1GUA-DA-CHUVA-1-800x445-300x167.jpg",300,167,true],"medium_large":["https:\/\/construcaocivil.siriusmarketingedesign.com.br\/wp-content\/uploads\/2019\/03\/IPT-ARQUIVO-CAPTAR-\u00c1GUA-DA-CHUVA-1-800x445-768x427.jpg",768,427,true],"large":["https:\/\/construcaocivil.siriusmarketingedesign.com.br\/wp-content\/uploads\/2019\/03\/IPT-ARQUIVO-CAPTAR-\u00c1GUA-DA-CHUVA-1-800x445.jpg",800,445,false],"1536x1536":["https:\/\/construcaocivil.siriusmarketingedesign.com.br\/wp-content\/uploads\/2019\/03\/IPT-ARQUIVO-CAPTAR-\u00c1GUA-DA-CHUVA-1-800x445.jpg",800,445,false],"2048x2048":["https:\/\/construcaocivil.siriusmarketingedesign.com.br\/wp-content\/uploads\/2019\/03\/IPT-ARQUIVO-CAPTAR-\u00c1GUA-DA-CHUVA-1-800x445.jpg",800,445,false]},"uagb_author_info":{"display_name":"Jornal da Constru\u00e7\u00e3o Civil","author_link":"https:\/\/construcaocivil.siriusmarketingedesign.com.br\/?author=1"},"uagb_comment_info":0,"uagb_excerpt":null,"_links":{"self":[{"href":"https:\/\/construcaocivil.siriusmarketingedesign.com.br\/index.php?rest_route=\/wp\/v2\/posts\/11366","targetHints":{"allow":["GET"]}}],"collection":[{"href":"https:\/\/construcaocivil.siriusmarketingedesign.com.br\/index.php?rest_route=\/wp\/v2\/posts"}],"about":[{"href":"https:\/\/construcaocivil.siriusmarketingedesign.com.br\/index.php?rest_route=\/wp\/v2\/types\/post"}],"author":[{"embeddable":true,"href":"https:\/\/construcaocivil.siriusmarketingedesign.com.br\/index.php?rest_route=\/wp\/v2\/users\/1"}],"replies":[{"embeddable":true,"href":"https:\/\/construcaocivil.siriusmarketingedesign.com.br\/index.php?rest_route=%2Fwp%2Fv2%2Fcomments&post=11366"}],"version-history":[{"count":0,"href":"https:\/\/construcaocivil.siriusmarketingedesign.com.br\/index.php?rest_route=\/wp\/v2\/posts\/11366\/revisions"}],"wp:featuredmedia":[{"embeddable":true,"href":"https:\/\/construcaocivil.siriusmarketingedesign.com.br\/index.php?rest_route=\/wp\/v2\/media\/11367"}],"wp:attachment":[{"href":"https:\/\/construcaocivil.siriusmarketingedesign.com.br\/index.php?rest_route=%2Fwp%2Fv2%2Fmedia&parent=11366"}],"wp:term":[{"taxonomy":"category","embeddable":true,"href":"https:\/\/construcaocivil.siriusmarketingedesign.com.br\/index.php?rest_route=%2Fwp%2Fv2%2Fcategories&post=11366"},{"taxonomy":"post_tag","embeddable":true,"href":"https:\/\/construcaocivil.siriusmarketingedesign.com.br\/index.php?rest_route=%2Fwp%2Fv2%2Ftags&post=11366"}],"curies":[{"name":"wp","href":"https:\/\/api.w.org\/{rel}","templated":true}]}}