{"id":11374,"date":"2019-03-26T10:28:09","date_gmt":"2019-03-26T13:28:09","guid":{"rendered":"https:\/\/www.jornaldaconstrucaocivil.com.br\/?p=11374"},"modified":"2019-03-26T12:55:18","modified_gmt":"2019-03-26T15:55:18","slug":"construcoes-verdes-ao-redor-do-mundo-podem-ajudar-a-proteger-a-amazonia","status":"publish","type":"post","link":"https:\/\/construcaocivil.siriusmarketingedesign.com.br\/?p=11374","title":{"rendered":"Constru\u00e7\u00f5es verdes ao redor do mundo podem ajudar a proteger a Amaz\u00f4nia"},"content":{"rendered":"\n<p style=\"font-weight: 400; text-align: justify;\"><em>Certifica\u00e7\u00e3o LEED de edifica\u00e7\u00f5es sustent\u00e1veis em qualquer lugar do mundo poder\u00e3o beneficiar mais de 9 mil fam\u00edlias amazonenses e ajudar a preserva\u00e7\u00e3o da floresta amaz\u00f4nica<\/em><\/p>\n<p style=\"font-weight: 400; text-align: justify;\">Mar\u00e7o, 2019 &#8211;\u00a0 Empreendimentos imobili\u00e1rios de qualquer parte do mundo poder\u00e3o apoiar o financiamento de projetos sustent\u00e1veis na Amaz\u00f4nia e receber a certifica\u00e7\u00e3o LEED, um reconhecimento internacional para constru\u00e7\u00f5es comprometidas com o meio ambiente. A a\u00e7\u00e3o in\u00e9dita \u00e9 fruto de uma parceria entre o Green Building Council Brasil (GBC Brasil), ONG respons\u00e1vel pela Certifica\u00e7\u00e3o LEED no pa\u00eds, e a Funda\u00e7\u00e3o Amazonas Sustent\u00e1vel (FAS), e deve beneficiar 9 mil fam\u00edlias moradoras de 16 Unidades de Conserva\u00e7\u00e3o (UC) do Estado do Amazonas e 580 comunidades\/localidades tradicionais do interior do Estado.<\/p>\n<p style=\"font-weight: 400; text-align: justify;\">O apoio para a conserva\u00e7\u00e3o da Amaz\u00f4nia se d\u00e1 por meio de uma doa\u00e7\u00e3o para a FAS, proporcional \u00e0 \u00e1rea do edif\u00edcio em certifica\u00e7\u00e3o, que pode variar de US$ 0.05 por m\u00b2 anuais para edif\u00edcios j\u00e1 existentes a US$ 4.00 por m\u00b2 para novos edif\u00edcios. Em troca, a constru\u00e7\u00e3o recebe um ponto na certifica\u00e7\u00e3o de \u201cedifica\u00e7\u00f5es verdes\u201d LEED, que pode eventualmente significar o credenciamento da edifica\u00e7\u00e3o \u00e0 certifica\u00e7\u00e3o, que \u00e9 dividida nas categorias B\u00e1sico, Prata, Ouro ou Platina, conforme a pontua\u00e7\u00e3o alcan\u00e7ada (de 40 pontos, n\u00edvel certificado comum, a 110 pontos, n\u00edvel Platina).<\/p>\n<p style=\"font-weight: 400; text-align: justify;\">Essas doa\u00e7\u00f5es s\u00e3o totalmente destinadas a atividades concretas de conserva\u00e7\u00e3o ambiental e desenvolvimento sustent\u00e1vel de comunidades ribeirinhas Unidades de Conserva\u00e7\u00e3o estaduais do Amazonas. Este territ\u00f3rio soma 10,9 milh\u00f5es de hectares (equivalente \u00e0 \u00e1rea de Portugal).<\/p>\n<p style=\"font-weight: 400; text-align: justify;\">Vale ressaltar que independentemente de certifica\u00e7\u00e3o LEED, empresas ou cidad\u00e3os podem contribuir com a FAS atrav\u00e9s do site\u00a0<span style=\"color: #0000ff;\"><a style=\"color: #0000ff;\" href=\"http:\/\/www.fas-amazonas.org\/\">www.fas-amazonas.org<\/a>.<\/span><\/p>\n<p style=\"font-weight: 400; text-align: justify;\">Segundo Felipe Faria, diretor executivo do GBC Brasil, a contribui\u00e7\u00e3o do movimento de green building comprova a sua relev\u00e2ncia e, hoje, por meio da ferramenta de certifica\u00e7\u00e3o LEED ou GBC CASA &amp; CONDOM\u00cdNIO destinada ao setor residencial, \u00e9 inserida uma op\u00e7\u00e3o para a restaura\u00e7\u00e3o e preserva\u00e7\u00e3o do habitat natural, que inclui investimentos na floresta Amaz\u00f4nica, a partir dos projetos dirigidos pela FAS.<\/p>\n<p style=\"font-weight: 400; text-align: justify;\">\u201cHoje, temos mais de 100 mil edifica\u00e7\u00f5es buscando a certifica\u00e7\u00e3o LEED em 167 pa\u00edses e \u00e9 de suma import\u00e2ncia relacionar esse trabalho nas cidades com a preserva\u00e7\u00e3o das florestas e das popula\u00e7\u00f5es que residem em \u00e1reas que carecem de servi\u00e7os p\u00fablicos especiais\u201d, afirma o executivo. E completa: \u201cesta iniciativa demonstra que sustentabilidade n\u00e3o possui fronteiras e que todos podem contribuir com a preserva\u00e7\u00e3o e restaura\u00e7\u00e3o de um dos maiores bens da humanidade, a floresta Amaz\u00f4nica.\u201d\u00a0\u00a0<\/p>\n<p style=\"font-weight: 400; text-align: justify;\">\u00a0O superintendente geral da FAS, Virg\u00edlio Viana explica que a entidade tem se destacado no cen\u00e1rio nacional e internacional, com nove anos de experi\u00eancia na implementa\u00e7\u00e3o de programas pioneiros de gera\u00e7\u00e3o de renda, melhoria de qualidade vida e empoderamento comunit\u00e1rio.<\/p>\n<p style=\"font-weight: 400; text-align: justify;\">\u201cEsta parceria com o GBC representa uma oportunidade hist\u00f3rica de conectar um setor que \u00e9 respons\u00e1vel por uma parcela importante das emiss\u00f5es de gases de efeito estufa com a redu\u00e7\u00e3o do desmatamento na Amaz\u00f4nia. Esta \u00e9 uma pr\u00e1tica que deveria ser adotada de uma maneira mais ampla, por diferentes setores e o fato de termos desenvolvido um mecanismo para o setor de constru\u00e7\u00e3o tem um simbolismo hist\u00f3rico muito relevante. Esperamos que se torne um instrumento exitoso tanto para os que constroem quanto para o que lutam para a conserva\u00e7\u00e3o da floresta da Amaz\u00f4nia.\u201d, afirma Viana.<\/p>\n<p>Fonte: Imprensa\/ GBC Brasil<\/p>\n","protected":false},"excerpt":{"rendered":"","protected":false},"author":1,"featured_media":11377,"comment_status":"open","ping_status":"open","sticky":false,"template":"","format":"standard","meta":{"_uag_custom_page_level_css":"","footnotes":""},"categories":[30],"tags":[15476,15461,15478,2917,15477,15467,5362,15464,15465,14662,10679,11646],"class_list":["post-11374","post","type-post","status-publish","format-standard","has-post-thumbnail","hentry","category-imoveis","tag-9-mil-familias-beneficiadas-leed","tag-certificacao-leed-de-edificacoes","tag-congresso-brasileiro-de-construcoes-sustentaveis","tag-construcoes-sustentaveis","tag-edificacoes-e-casas-leed","tag-fas","tag-gbc-brasil","tag-impacto-ambiental-reducao-de-residuos","tag-leed-edificacoes-verdes","tag-regiao-amazonica","tag-sao-paulo-sp","tag-telhado-verde"],"blocksy_meta":[],"spectra_blocks_featured_image_url":{"thumbnail":{"url":"https:\/\/construcaocivil.siriusmarketingedesign.com.br\/wp-content\/uploads\/2019\/03\/CASA-VERDE-telhados-verde-blog-da-arquitetura-1-600x400-150x150.jpg","width":150,"height":150},"medium":{"url":"https:\/\/construcaocivil.siriusmarketingedesign.com.br\/wp-content\/uploads\/2019\/03\/CASA-VERDE-telhados-verde-blog-da-arquitetura-1-600x400-300x200.jpg","width":300,"height":200},"medium_large":{"url":"https:\/\/construcaocivil.siriusmarketingedesign.com.br\/wp-content\/uploads\/2019\/03\/CASA-VERDE-telhados-verde-blog-da-arquitetura-1-600x400.jpg","width":600,"height":400},"large":{"url":"https:\/\/construcaocivil.siriusmarketingedesign.com.br\/wp-content\/uploads\/2019\/03\/CASA-VERDE-telhados-verde-blog-da-arquitetura-1-600x400.jpg","width":600,"height":400},"full":{"url":"https:\/\/construcaocivil.siriusmarketingedesign.com.br\/wp-content\/uploads\/2019\/03\/CASA-VERDE-telhados-verde-blog-da-arquitetura-1-600x400.jpg","width":600,"height":400}},"spectra_blocks_author_info":{"display_name":"Jornal da Constru\u00e7\u00e3o Civil","avatar_url":"https:\/\/secure.gravatar.com\/avatar\/973c9774fd44ddaceb026973c4962faa70fc512bc4c9da68e8ebb40fecee6540?s=96&d=mm&r=g","author_link":"https:\/\/construcaocivil.siriusmarketingedesign.com.br\/?author=1","description":"Desde de 2013, levando muitas informa\u00e7\u00f5es, lan\u00e7amentos e produtos de qualidade para toda cadeia produtiva da constru\u00e7\u00e3o. O Futuro da constru\u00e7\u00e3o passa por aqui,"},"uagb_featured_image_src":{"full":["https:\/\/construcaocivil.siriusmarketingedesign.com.br\/wp-content\/uploads\/2019\/03\/CASA-VERDE-telhados-verde-blog-da-arquitetura-1-600x400.jpg",600,400,false],"thumbnail":["https:\/\/construcaocivil.siriusmarketingedesign.com.br\/wp-content\/uploads\/2019\/03\/CASA-VERDE-telhados-verde-blog-da-arquitetura-1-600x400-150x150.jpg",150,150,true],"medium":["https:\/\/construcaocivil.siriusmarketingedesign.com.br\/wp-content\/uploads\/2019\/03\/CASA-VERDE-telhados-verde-blog-da-arquitetura-1-600x400-300x200.jpg",300,200,true],"medium_large":["https:\/\/construcaocivil.siriusmarketingedesign.com.br\/wp-content\/uploads\/2019\/03\/CASA-VERDE-telhados-verde-blog-da-arquitetura-1-600x400.jpg",600,400,false],"large":["https:\/\/construcaocivil.siriusmarketingedesign.com.br\/wp-content\/uploads\/2019\/03\/CASA-VERDE-telhados-verde-blog-da-arquitetura-1-600x400.jpg",600,400,false],"1536x1536":["https:\/\/construcaocivil.siriusmarketingedesign.com.br\/wp-content\/uploads\/2019\/03\/CASA-VERDE-telhados-verde-blog-da-arquitetura-1-600x400.jpg",600,400,false],"2048x2048":["https:\/\/construcaocivil.siriusmarketingedesign.com.br\/wp-content\/uploads\/2019\/03\/CASA-VERDE-telhados-verde-blog-da-arquitetura-1-600x400.jpg",600,400,false]},"uagb_author_info":{"display_name":"Jornal da Constru\u00e7\u00e3o Civil","author_link":"https:\/\/construcaocivil.siriusmarketingedesign.com.br\/?author=1"},"uagb_comment_info":0,"uagb_excerpt":null,"_links":{"self":[{"href":"https:\/\/construcaocivil.siriusmarketingedesign.com.br\/index.php?rest_route=\/wp\/v2\/posts\/11374","targetHints":{"allow":["GET"]}}],"collection":[{"href":"https:\/\/construcaocivil.siriusmarketingedesign.com.br\/index.php?rest_route=\/wp\/v2\/posts"}],"about":[{"href":"https:\/\/construcaocivil.siriusmarketingedesign.com.br\/index.php?rest_route=\/wp\/v2\/types\/post"}],"author":[{"embeddable":true,"href":"https:\/\/construcaocivil.siriusmarketingedesign.com.br\/index.php?rest_route=\/wp\/v2\/users\/1"}],"replies":[{"embeddable":true,"href":"https:\/\/construcaocivil.siriusmarketingedesign.com.br\/index.php?rest_route=%2Fwp%2Fv2%2Fcomments&post=11374"}],"version-history":[{"count":0,"href":"https:\/\/construcaocivil.siriusmarketingedesign.com.br\/index.php?rest_route=\/wp\/v2\/posts\/11374\/revisions"}],"wp:featuredmedia":[{"embeddable":true,"href":"https:\/\/construcaocivil.siriusmarketingedesign.com.br\/index.php?rest_route=\/wp\/v2\/media\/11377"}],"wp:attachment":[{"href":"https:\/\/construcaocivil.siriusmarketingedesign.com.br\/index.php?rest_route=%2Fwp%2Fv2%2Fmedia&parent=11374"}],"wp:term":[{"taxonomy":"category","embeddable":true,"href":"https:\/\/construcaocivil.siriusmarketingedesign.com.br\/index.php?rest_route=%2Fwp%2Fv2%2Fcategories&post=11374"},{"taxonomy":"post_tag","embeddable":true,"href":"https:\/\/construcaocivil.siriusmarketingedesign.com.br\/index.php?rest_route=%2Fwp%2Fv2%2Ftags&post=11374"}],"curies":[{"name":"wp","href":"https:\/\/api.w.org\/{rel}","templated":true}]}}