{"id":1138,"date":"2016-03-22T20:48:54","date_gmt":"2016-03-22T20:48:54","guid":{"rendered":"http:\/\/www.jornaldaconstrucaocivil.com.br\/?p=1138"},"modified":"2016-03-22T20:48:54","modified_gmt":"2016-03-22T20:48:54","slug":"butzke-participa-da-55a-edicao-do-salao-internacional-do-movel-de-milao","status":"publish","type":"post","link":"https:\/\/construcaocivil.siriusmarketingedesign.com.br\/?p=1138","title":{"rendered":"Butzke participa da 55\u00aa edi\u00e7\u00e3o do Sal\u00e3o Internacional do M\u00f3vel de Mil\u00e3o"},"content":{"rendered":"<p><strong><span style=\"color: #000080;\">Pelo segundo ano consecutivo, marca brasileira apresenta o melhor do design nacional<\/span><\/strong><\/p>\n<p><span style=\"color: #000000;\"><span style=\"color: #000080;\">Butzke<\/span>, primeira empresa do pa\u00eds especializada em m\u00f3veis de madeira certificada voltados para o lazer, \u00e1reas externas e internas, apresenta o melhor do design nacional. Por meio do <span style=\"color: #800000;\">projeto Brazilian Furniture<\/span>, conv\u00eanio entre <span style=\"color: #800000;\">Abim\u00f3vel \u2013 Associa\u00e7\u00e3o Brasileira das Ind\u00fastrias de Mobili\u00e1rio<\/span>, e a <span style=\"color: #800000;\">Apex-Brasil<\/span> \u2013 <span style=\"color: #800000;\">Ag\u00eancia Brasileira de Promo\u00e7\u00e3o de Exporta\u00e7\u00f5es e Investimentos<\/span>, o lan\u00e7amento acontece na pr\u00f3xima edi\u00e7\u00e3o do Sal\u00e3o Internacional do M\u00f3vel de Mil\u00e3o que, em sua 55\u00aa edi\u00e7\u00e3o, ser\u00e1 entre os dias 12 e 17 de abril, na Quartiere Fiera Milano, Rho, em Mil\u00e3o, It\u00e1lia. Essa \u00e9 a segunda participa\u00e7\u00e3o da Butzke no evento.<\/span><\/p>\n<figure id=\"attachment_1139\" aria-describedby=\"caption-attachment-1139\" style=\"width: 306px\" class=\"wp-caption alignleft\"><a href=\"http:\/\/www.jornaldaconstrucaocivil.com.br\/wp-content\/uploads\/2016\/03\/Sof\u00e1.jpg\"><img loading=\"lazy\" decoding=\"async\" class=\"wp-image-1139\" src=\"http:\/\/www.jornaldaconstrucaocivil.com.br\/wp-content\/uploads\/2016\/03\/Sof\u00e1-300x103.jpg\" alt=\"Sof\u00e1\" width=\"306\" height=\"105\" \/><\/a><figcaption id=\"caption-attachment-1139\" class=\"wp-caption-text\"><span style=\"color: #000080;\">Sof\u00e1 Mucuri 3 lugares \u2013 Designer Zanini de Zanine Material: madeira Cumaru 100% certificada<\/span><\/figcaption><\/figure>\n<p><span style=\"color: #000000;\">Com um estande de 60 m\u00b2, a Butzke apresenta lan\u00e7amentos exclusivos de designers brasileiros, como Arthur Casas, Paulo Alves, RosaPinc e Zanini de Zanine. Os produtos s\u00e3o todos desenvolvidos em madeira nativa e 100% certificada FSC.<\/span><\/p>\n<p><span style=\"color: #000000;\">A marca, reconhecida no mercado internacional, j\u00e1 exporta para o Estados Unidos, M\u00e9xico, Angola, Argentina, Chile, Uruguai, Peru, Guatemala, Costa Rica, Guiana Francesa e Col\u00f4mbia. Com a participa\u00e7\u00e3o no Sal\u00e3o Internacional do M\u00f3vel de Mil\u00e3o, a fabricante pretende disseminar ainda mais o caracter\u00edstico design brasileiro.<\/span><\/p>\n","protected":false},"excerpt":{"rendered":"<p>Pelo segundo ano consecutivo, marca brasileira apresenta o melhor do design nacional Butzke, primeira empresa do pa\u00eds especializada em m\u00f3veis de madeira certificada voltados para o lazer, \u00e1reas externas e internas, apresenta o melhor do design nacional. Por meio do projeto Brazilian Furniture, conv\u00eanio entre Abim\u00f3vel \u2013 Associa\u00e7\u00e3o Brasileira das Ind\u00fastrias de Mobili\u00e1rio, e a [&hellip;]<\/p>\n","protected":false},"author":1,"featured_media":0,"comment_status":"open","ping_status":"open","sticky":false,"template":"","format":"standard","meta":{"_uag_custom_page_level_css":"","footnotes":""},"categories":[28],"tags":[],"class_list":["post-1138","post","type-post","status-publish","format-standard","hentry","category-arquitetura"],"blocksy_meta":[],"spectra_blocks_featured_image_url":null,"spectra_blocks_author_info":{"display_name":"Jornal da Constru\u00e7\u00e3o Civil","avatar_url":"https:\/\/secure.gravatar.com\/avatar\/973c9774fd44ddaceb026973c4962faa70fc512bc4c9da68e8ebb40fecee6540?s=96&d=mm&r=g","author_link":"https:\/\/construcaocivil.siriusmarketingedesign.com.br\/?author=1","description":"Desde de 2013, levando muitas informa\u00e7\u00f5es, lan\u00e7amentos e produtos de qualidade para toda cadeia produtiva da constru\u00e7\u00e3o. O Futuro da constru\u00e7\u00e3o passa por aqui,"},"uagb_featured_image_src":{"full":false,"thumbnail":false,"medium":false,"medium_large":false,"large":false,"1536x1536":false,"2048x2048":false},"uagb_author_info":{"display_name":"Jornal da Constru\u00e7\u00e3o Civil","author_link":"https:\/\/construcaocivil.siriusmarketingedesign.com.br\/?author=1"},"uagb_comment_info":0,"uagb_excerpt":"Pelo segundo ano consecutivo, marca brasileira apresenta o melhor do design nacional Butzke, primeira empresa do pa\u00eds especializada em m\u00f3veis de madeira certificada voltados para o lazer, \u00e1reas externas e internas, apresenta o melhor do design nacional. Por meio do projeto Brazilian Furniture, conv\u00eanio entre Abim\u00f3vel \u2013 Associa\u00e7\u00e3o Brasileira das Ind\u00fastrias de Mobili\u00e1rio, e a&hellip;","_links":{"self":[{"href":"https:\/\/construcaocivil.siriusmarketingedesign.com.br\/index.php?rest_route=\/wp\/v2\/posts\/1138","targetHints":{"allow":["GET"]}}],"collection":[{"href":"https:\/\/construcaocivil.siriusmarketingedesign.com.br\/index.php?rest_route=\/wp\/v2\/posts"}],"about":[{"href":"https:\/\/construcaocivil.siriusmarketingedesign.com.br\/index.php?rest_route=\/wp\/v2\/types\/post"}],"author":[{"embeddable":true,"href":"https:\/\/construcaocivil.siriusmarketingedesign.com.br\/index.php?rest_route=\/wp\/v2\/users\/1"}],"replies":[{"embeddable":true,"href":"https:\/\/construcaocivil.siriusmarketingedesign.com.br\/index.php?rest_route=%2Fwp%2Fv2%2Fcomments&post=1138"}],"version-history":[{"count":0,"href":"https:\/\/construcaocivil.siriusmarketingedesign.com.br\/index.php?rest_route=\/wp\/v2\/posts\/1138\/revisions"}],"wp:attachment":[{"href":"https:\/\/construcaocivil.siriusmarketingedesign.com.br\/index.php?rest_route=%2Fwp%2Fv2%2Fmedia&parent=1138"}],"wp:term":[{"taxonomy":"category","embeddable":true,"href":"https:\/\/construcaocivil.siriusmarketingedesign.com.br\/index.php?rest_route=%2Fwp%2Fv2%2Fcategories&post=1138"},{"taxonomy":"post_tag","embeddable":true,"href":"https:\/\/construcaocivil.siriusmarketingedesign.com.br\/index.php?rest_route=%2Fwp%2Fv2%2Ftags&post=1138"}],"curies":[{"name":"wp","href":"https:\/\/api.w.org\/{rel}","templated":true}]}}