{"id":11383,"date":"2019-03-26T13:19:44","date_gmt":"2019-03-26T16:19:44","guid":{"rendered":"https:\/\/www.jornaldaconstrucaocivil.com.br\/?p=11383"},"modified":"2019-03-26T13:27:26","modified_gmt":"2019-03-26T16:27:26","slug":"combate-a-violencia-contra-mulher-e-tema-de-projeto-de-lei-em-resende","status":"publish","type":"post","link":"https:\/\/construcaocivil.siriusmarketingedesign.com.br\/?p=11383","title":{"rendered":"Combate \u00e0 viol\u00eancia contra mulher \u00e9 tema de Projeto de Lei em Resende"},"content":{"rendered":"\n<p class=\"gmail-Standard\" align=\"center\"><b><i><u>Uma das propostas pro\u00edbe condenados pela<\/u><\/i><\/b><\/p>\n<p class=\"gmail-Standard\" align=\"center\"><b><i><u>\u00a0Lei Maria de Penha de serem nomeados CCs<\/u><\/i><\/b><\/p>\n<p style=\"font-weight: 400; text-align: justify;\"><span style=\"color: #993300;\">Mar\u00e7o, 2019<\/span> &#8211; A vereadora Soraia Balieiro apresentou, na C\u00e2mara de Resende, dois projetos de Lei como a\u00e7\u00e3o afirmativa de combate \u00e0 viol\u00eancia contra mulher em Resende. O primeiro deles, n\u00ba 013\/19, aplica ao munic\u00edpio uma legisla\u00e7\u00e3o em vigor em \u00e2mbito estadual que pro\u00edbe a nomea\u00e7\u00e3o para Cargos em Comiss\u00e3o (CCs) de pessoas que tenham sido condenadas pela Lei Federal n\u00ba. 11.340 (Lei Maria da Penha). J\u00e1 segundo, n\u00ba 014\/19, institui a &#8220;Semana Municipal de Conscientiza\u00e7\u00e3o e Combate ao Feminic\u00eddio e Viol\u00eancia contra a Mulher&#8221;.<\/p>\n<p style=\"font-weight: 400; text-align: justify;\">&#8211; Os n\u00fameros de viol\u00eancia contra a mulher crescem a todo momento e devemos buscar formas de frear essa cultura do machismo e opress\u00e3o as mulheres. Por isso, estamos lutando para que Resende tenha a\u00e7\u00f5es afirmativas neste sentido. Os dois projetos de lei vem de encontro a essa nova realidade que devemos passar a seguir, conscientizando e n\u00e3o dando espa\u00e7o para quem comete viol\u00eancia contra mulher \u2013 comenta a vereadora Soraia, destacando que os dois projetos foram lidos \u00faltima semana.<\/p>\n<p style=\"font-weight: 400; text-align: justify;\">Conforme explica a vereadora, o projeto de Lei n\u00ba. 013\/19, tem como meta trazer para o munic\u00edpio uma legisla\u00e7\u00e3o sancionada pelo governador Wilson Witzel (PSC), em vigor desde o come\u00e7o deste m\u00eas. A proposta pro\u00edbe a nomea\u00e7\u00e3o, no \u00e2mbito da Administra\u00e7\u00e3o P\u00fablica direta e indireta, bem como no Poder Legislativo, para todos os cargos em comiss\u00e3o de livre nomea\u00e7\u00e3o e exonera\u00e7\u00e3o, de pessoas que tiverem sido condenadas nas condi\u00e7\u00f5es previstas na Lei Federal n\u00ba. 11.340 de 07 de agosto de 2006 \u2013 Lei Maria da Penha.<\/p>\n<p style=\"font-weight: 400; text-align: justify;\">&#8211; Nos \u00faltimos 15 anos, a viol\u00eancia contra a mulher passou a fazer parte do debate p\u00fablico como pr\u00e1tica que n\u00e3o deve ser tolerada ou legitimada, e acredito que a aplica\u00e7\u00e3o desta Lei ser\u00e1 exemplo para quem se sente impune as pr\u00e1ticas de viol\u00eancia contra mulher \u2013 comenta Soraia Balieiro.<\/p>\n<p style=\"font-weight: 400; text-align: justify;\">J\u00e1 o projeto de Lei n\u00ba 014\/19, trata sobre a &#8220;Semana Municipal de Conscientiza\u00e7\u00e3o e Combate ao Feminic\u00eddio e Viol\u00eancia contra a Mulher&#8221;, a ser realizada, anualmente, na semana do dia 01 e 07 do m\u00eas de agosto (data em que se celebra a Lei Maria da Penha). Conforme ressalta a vereadora Soraia, a proposta tem como objetivo conscientizar a popula\u00e7\u00e3o sobre os direitos humanos das mulheres, combater o feminic\u00eddio e outros tipos de viol\u00eancias contra a mulher.<\/p>\n<p style=\"font-weight: 400; text-align: justify;\">&#8211; Nossa cidade n\u00e3o est\u00e1 imune as pr\u00e1ticas criminosas praticadas contra mulheres, por isso a import\u00e2ncia da implementa\u00e7\u00e3o de uma Semana onde se discuta, se informe sobre os direitos das mulheres e as puni\u00e7\u00f5es da Lei. Para tal, devemos estimular a conscientiza\u00e7\u00e3o de todos, come\u00e7ando pelas escolas e envolvendo todo munic\u00edpio numa grande mobiliza\u00e7\u00e3o \u2013 explica Soraia.\u00a0<\/p>\n<p>Fonte: Imprensa\/Vereadora Soraira Baleiro(PSB)<\/p>\n<p style=\"font-weight: 400; text-align: justify;\">\u00a0<\/p>\n","protected":false},"excerpt":{"rendered":"","protected":false},"author":1,"featured_media":11384,"comment_status":"open","ping_status":"open","sticky":false,"template":"","format":"standard","meta":{"_uag_custom_page_level_css":"","footnotes":""},"categories":[27],"tags":[15489,15487,15488,15486,15490,15484,10215,15491,15485,11441],"class_list":["post-11383","post","type-post","status-publish","format-standard","has-post-thumbnail","hentry","category-acontece","tag-camara-de-resende-rj","tag-feminicidio","tag-lei-federal-no-11-340-lei-maria-da-penha","tag-lei-maria-de-penha","tag-projeto-de-lei-no-013-19","tag-projeto-de-lei-visa-combater-violencia-contra-mulheres","tag-resende-rj","tag-semana-municipal-de-conscientizacao-e-combate-ao-feminicidio-e-violencia-contra-a-mulher","tag-soraia-balieiro-psb","tag-sul-fluminense"],"blocksy_meta":[],"spectra_blocks_featured_image_url":{"thumbnail":{"url":"https:\/\/construcaocivil.siriusmarketingedesign.com.br\/wp-content\/uploads\/2019\/03\/Vereadora-Soraia-Balieiro-apresenta-projetos-voltados-ao-combate-\u00e0-Viol\u00eancia-Contra-Mulher-Divulga\u00e7\u00e3o-150x150.jpg","width":150,"height":150},"medium":{"url":"https:\/\/construcaocivil.siriusmarketingedesign.com.br\/wp-content\/uploads\/2019\/03\/Vereadora-Soraia-Balieiro-apresenta-projetos-voltados-ao-combate-\u00e0-Viol\u00eancia-Contra-Mulher-Divulga\u00e7\u00e3o-300x225.jpg","width":300,"height":225},"medium_large":{"url":"https:\/\/construcaocivil.siriusmarketingedesign.com.br\/wp-content\/uploads\/2019\/03\/Vereadora-Soraia-Balieiro-apresenta-projetos-voltados-ao-combate-\u00e0-Viol\u00eancia-Contra-Mulher-Divulga\u00e7\u00e3o-768x576.jpg","width":768,"height":576},"large":{"url":"https:\/\/construcaocivil.siriusmarketingedesign.com.br\/wp-content\/uploads\/2019\/03\/Vereadora-Soraia-Balieiro-apresenta-projetos-voltados-ao-combate-\u00e0-Viol\u00eancia-Contra-Mulher-Divulga\u00e7\u00e3o-1024x768.jpg","width":1024,"height":768},"full":{"url":"https:\/\/construcaocivil.siriusmarketingedesign.com.br\/wp-content\/uploads\/2019\/03\/Vereadora-Soraia-Balieiro-apresenta-projetos-voltados-ao-combate-\u00e0-Viol\u00eancia-Contra-Mulher-Divulga\u00e7\u00e3o.jpg","width":1633,"height":1225}},"spectra_blocks_author_info":{"display_name":"Jornal da Constru\u00e7\u00e3o Civil","avatar_url":"https:\/\/secure.gravatar.com\/avatar\/973c9774fd44ddaceb026973c4962faa70fc512bc4c9da68e8ebb40fecee6540?s=96&d=mm&r=g","author_link":"https:\/\/construcaocivil.siriusmarketingedesign.com.br\/?author=1","description":"Desde de 2013, levando muitas informa\u00e7\u00f5es, lan\u00e7amentos e produtos de qualidade para toda cadeia produtiva da constru\u00e7\u00e3o. O Futuro da constru\u00e7\u00e3o passa por aqui,"},"uagb_featured_image_src":{"full":["https:\/\/construcaocivil.siriusmarketingedesign.com.br\/wp-content\/uploads\/2019\/03\/Vereadora-Soraia-Balieiro-apresenta-projetos-voltados-ao-combate-\u00e0-Viol\u00eancia-Contra-Mulher-Divulga\u00e7\u00e3o.jpg",1633,1225,false],"thumbnail":["https:\/\/construcaocivil.siriusmarketingedesign.com.br\/wp-content\/uploads\/2019\/03\/Vereadora-Soraia-Balieiro-apresenta-projetos-voltados-ao-combate-\u00e0-Viol\u00eancia-Contra-Mulher-Divulga\u00e7\u00e3o-150x150.jpg",150,150,true],"medium":["https:\/\/construcaocivil.siriusmarketingedesign.com.br\/wp-content\/uploads\/2019\/03\/Vereadora-Soraia-Balieiro-apresenta-projetos-voltados-ao-combate-\u00e0-Viol\u00eancia-Contra-Mulher-Divulga\u00e7\u00e3o-300x225.jpg",300,225,true],"medium_large":["https:\/\/construcaocivil.siriusmarketingedesign.com.br\/wp-content\/uploads\/2019\/03\/Vereadora-Soraia-Balieiro-apresenta-projetos-voltados-ao-combate-\u00e0-Viol\u00eancia-Contra-Mulher-Divulga\u00e7\u00e3o-768x576.jpg",768,576,true],"large":["https:\/\/construcaocivil.siriusmarketingedesign.com.br\/wp-content\/uploads\/2019\/03\/Vereadora-Soraia-Balieiro-apresenta-projetos-voltados-ao-combate-\u00e0-Viol\u00eancia-Contra-Mulher-Divulga\u00e7\u00e3o-1024x768.jpg",1024,768,true],"1536x1536":["https:\/\/construcaocivil.siriusmarketingedesign.com.br\/wp-content\/uploads\/2019\/03\/Vereadora-Soraia-Balieiro-apresenta-projetos-voltados-ao-combate-\u00e0-Viol\u00eancia-Contra-Mulher-Divulga\u00e7\u00e3o.jpg",1536,1152,false],"2048x2048":["https:\/\/construcaocivil.siriusmarketingedesign.com.br\/wp-content\/uploads\/2019\/03\/Vereadora-Soraia-Balieiro-apresenta-projetos-voltados-ao-combate-\u00e0-Viol\u00eancia-Contra-Mulher-Divulga\u00e7\u00e3o.jpg",1633,1225,false]},"uagb_author_info":{"display_name":"Jornal da Constru\u00e7\u00e3o Civil","author_link":"https:\/\/construcaocivil.siriusmarketingedesign.com.br\/?author=1"},"uagb_comment_info":0,"uagb_excerpt":null,"_links":{"self":[{"href":"https:\/\/construcaocivil.siriusmarketingedesign.com.br\/index.php?rest_route=\/wp\/v2\/posts\/11383","targetHints":{"allow":["GET"]}}],"collection":[{"href":"https:\/\/construcaocivil.siriusmarketingedesign.com.br\/index.php?rest_route=\/wp\/v2\/posts"}],"about":[{"href":"https:\/\/construcaocivil.siriusmarketingedesign.com.br\/index.php?rest_route=\/wp\/v2\/types\/post"}],"author":[{"embeddable":true,"href":"https:\/\/construcaocivil.siriusmarketingedesign.com.br\/index.php?rest_route=\/wp\/v2\/users\/1"}],"replies":[{"embeddable":true,"href":"https:\/\/construcaocivil.siriusmarketingedesign.com.br\/index.php?rest_route=%2Fwp%2Fv2%2Fcomments&post=11383"}],"version-history":[{"count":0,"href":"https:\/\/construcaocivil.siriusmarketingedesign.com.br\/index.php?rest_route=\/wp\/v2\/posts\/11383\/revisions"}],"wp:featuredmedia":[{"embeddable":true,"href":"https:\/\/construcaocivil.siriusmarketingedesign.com.br\/index.php?rest_route=\/wp\/v2\/media\/11384"}],"wp:attachment":[{"href":"https:\/\/construcaocivil.siriusmarketingedesign.com.br\/index.php?rest_route=%2Fwp%2Fv2%2Fmedia&parent=11383"}],"wp:term":[{"taxonomy":"category","embeddable":true,"href":"https:\/\/construcaocivil.siriusmarketingedesign.com.br\/index.php?rest_route=%2Fwp%2Fv2%2Fcategories&post=11383"},{"taxonomy":"post_tag","embeddable":true,"href":"https:\/\/construcaocivil.siriusmarketingedesign.com.br\/index.php?rest_route=%2Fwp%2Fv2%2Ftags&post=11383"}],"curies":[{"name":"wp","href":"https:\/\/api.w.org\/{rel}","templated":true}]}}