{"id":11404,"date":"2019-03-29T12:24:53","date_gmt":"2019-03-29T15:24:53","guid":{"rendered":"https:\/\/www.jornaldaconstrucaocivil.com.br\/?p=11404"},"modified":"2019-03-29T12:31:21","modified_gmt":"2019-03-29T15:31:21","slug":"patrimonio-cultural-concrejato-entrega-obra-de-novo-memorial-em-guaratingueta-sp","status":"publish","type":"post","link":"https:\/\/construcaocivil.siriusmarketingedesign.com.br\/?p=11404","title":{"rendered":"Patrim\u00f4nio cultural: Concrejato entrega obra de novo Memorial em Guaratinguet\u00e1-SP"},"content":{"rendered":"\n<p style=\"font-weight: 400; text-align: justify;\"><span style=\"color: #000080;\"><em>Memorial Filhas de Maria Auxiliadora do Brasil \u00e9 aberto \u00e0 visita\u00e7\u00e3o ap\u00f3s reforma da Casa do Pur\u00edssimo Cora\u00e7\u00e3o de Maria, fundada na d\u00e9cada de 1940<\/em><\/span><\/p>\n<p style=\"font-weight: 400; text-align: justify;\"><span style=\"color: #993300;\">Mar\u00e7o, 2019<\/span> &#8211; A Concrejato Engenharia \u2013 l\u00edder no mercado de recupera\u00e7\u00e3o de estruturas e pioneira na combina\u00e7\u00e3o de servi\u00e7os de retrofit e de restauro do patrim\u00f4nio hist\u00f3rico e arquitet\u00f4nico \u2013 acaba de finalizar a obra de uma edifica\u00e7\u00e3o hist\u00f3rica transformada em memorial na cidade de Guaratinguet\u00e1, no Estado de S\u00e3o Paulo. Foi inaugurado, em cerim\u00f4nia neste s\u00e1bado (23\/03), o Memorial Filhas de Maria Auxiliadora do Brasil, antiga Casa do Pur\u00edssimo Cora\u00e7\u00e3o de Maria, que foi fundada em 1944 e faz parte do circuito cultural e religioso do Vale do Para\u00edba.<\/p>\n<p style=\"font-weight: 400; text-align: justify;\">A reforma das \u00e1reas externa e interna foi entregue ap\u00f3s um ano de trabalho, que consistiu na revitaliza\u00e7\u00e3o, moderniza\u00e7\u00e3o e adapta\u00e7\u00e3o do local com salas de exposi\u00e7\u00e3o para acolher a estrutura e o material do novo museu.<\/p>\n<figure id=\"attachment_11408\" aria-describedby=\"caption-attachment-11408\" style=\"width: 284px\" class=\"wp-caption alignleft\"><img loading=\"lazy\" decoding=\"async\" class=\" wp-image-11408\" src=\"https:\/\/www.jornaldaconstrucaocivil.com.br\/wp-content\/uploads\/2019\/03\/AB-OK-Memorial-Filhas-de-Maria-Auxiliadora-do-Brasil_Guaratingueta_3-300x201.jpg\" alt=\"\" width=\"284\" height=\"190\" srcset=\"https:\/\/construcaocivil.siriusmarketingedesign.com.br\/wp-content\/uploads\/2019\/03\/AB-OK-Memorial-Filhas-de-Maria-Auxiliadora-do-Brasil_Guaratingueta_3-300x201.jpg 300w, https:\/\/construcaocivil.siriusmarketingedesign.com.br\/wp-content\/uploads\/2019\/03\/AB-OK-Memorial-Filhas-de-Maria-Auxiliadora-do-Brasil_Guaratingueta_3.jpg 450w\" sizes=\"auto, (max-width: 284px) 100vw, 284px\" \/><figcaption id=\"caption-attachment-11408\" class=\"wp-caption-text\">Visitantes no Memorial Filhas de Maria Auxiliadora do Brasil_Guaratinguet\u00e1-SP. Divulga\u00e7\u00e3o<\/figcaption><\/figure>\n<p style=\"font-weight: 400; text-align: justify;\">&#8220;Do lado externo, fizemos o restauro e a pintura da fachada, al\u00e9m da renova\u00e7\u00e3o do p\u00e1tio interno inserindo pisos intertravados com o bras\u00e3o da irmandade. Internamente, a obra incluiu a adequa\u00e7\u00e3o e moderniza\u00e7\u00e3o das instala\u00e7\u00f5es el\u00e9tricas, climatiza\u00e7\u00e3o com instala\u00e7\u00e3o de ar condicionado e nova acessibilidade do pr\u00e9dio. A ala direita do t\u00e9rreo foi transformada no espa\u00e7o de visita\u00e7\u00e3o do memorial e as salas de reuni\u00e3o e de escrit\u00f3rios foram transferidas para o segundo andar, sendo necess\u00e1ria toda adequa\u00e7\u00e3o das instala\u00e7\u00f5es prediais, incluindo a implanta\u00e7\u00e3o de um elevador. Foi um trabalho minucioso com a preocupa\u00e7\u00e3o de preservar a hist\u00f3ria da casa. Conseguimos manter, por exemplo, as portas originais de madeira com mais de quatro metros de altura&#8221;, conta a arquiteta Fernanda Lapo, da Concrejato Engenharia.\u00a0<\/p>\n<p style=\"font-weight: 400; text-align: justify;\">Pertencente \u00e0 Inspetoria Santa Catarina de Sena, a casa foi fundada pelo Monsenhor Jo\u00e3o Filippo e funcionou inicialmente como um orfanato para meninas. Mais recentemente, vem recebendo um trabalho educativo com crian\u00e7as e adolescentes. No p\u00e1tio de entrada, est\u00e1 localizada ainda a Gruta dedicada \u00e0 Nossa Senhora de Lourdes. Aberto ao p\u00fablico, o novo memorial conta a hist\u00f3ria da chegada das irm\u00e3s salesianas ao Brasil e a cronologia das primeiras casas fundadas, al\u00e9m de apresentar fotos, pinturas, objetos e documentos de \u00e9poca.<\/p>\n<p style=\"font-weight: 400; text-align: justify;\">O projeto de arquitetura foi elaborado pela arquiteta Regina Sasso, a execu\u00e7\u00e3o dos projetos complementares foi de responsabilidade da Concrejato Engenharia, a implanta\u00e7\u00e3o do memorial foi projetada e executada pela Base 7 Projetos Culturais e a ilumina\u00e7\u00e3o, de responsabilidade da Mingrone Ilumina\u00e7\u00e3o.<\/p>\n<p style=\"font-weight: 400; text-align: justify;\">&#8220;O trabalho conjunto das equipes trouxe um Memorial inovador com tecnologias e interatividade&#8221;, afirma Maria Aparecida Soukef Nasser, diretora de Opera\u00e7\u00f5es da Concrejato Engenharia.<\/p>\n<p>Fonte: imprensa\/Concrejato Engenharia\u00a0<\/p>\n","protected":false},"excerpt":{"rendered":"","protected":false},"author":1,"featured_media":11405,"comment_status":"open","ping_status":"open","sticky":false,"template":"","format":"standard","meta":{"_uag_custom_page_level_css":"","footnotes":""},"categories":[37],"tags":[15526,15520,15521,15522,15523,15519,15524],"class_list":["post-11404","post","type-post","status-publish","format-standard","has-post-thumbnail","hentry","category-sustentabilidade","tag-centro-historico-e-imaterial","tag-guaratingueta-sp","tag-memorial-filhas-de-maria-auxiliadora-do-brasil","tag-mercado-de-recuperacao-de-estruturas","tag-museu-nacional-rj","tag-patrimonio-historico-e-cultural","tag-vale-do-paraiba-sp"],"blocksy_meta":[],"spectra_blocks_featured_image_url":{"thumbnail":{"url":"https:\/\/construcaocivil.siriusmarketingedesign.com.br\/wp-content\/uploads\/2019\/03\/AA-Memorial-Filhas-de-Maria-Auxiliadora-do-Brasil_Guaratingueta_1-150x150.jpg","width":150,"height":150},"medium":{"url":"https:\/\/construcaocivil.siriusmarketingedesign.com.br\/wp-content\/uploads\/2019\/03\/AA-Memorial-Filhas-de-Maria-Auxiliadora-do-Brasil_Guaratingueta_1-240x300.jpg","width":240,"height":300},"medium_large":{"url":"https:\/\/construcaocivil.siriusmarketingedesign.com.br\/wp-content\/uploads\/2019\/03\/AA-Memorial-Filhas-de-Maria-Auxiliadora-do-Brasil_Guaratingueta_1.jpg","width":389,"height":486},"large":{"url":"https:\/\/construcaocivil.siriusmarketingedesign.com.br\/wp-content\/uploads\/2019\/03\/AA-Memorial-Filhas-de-Maria-Auxiliadora-do-Brasil_Guaratingueta_1.jpg","width":389,"height":486},"full":{"url":"https:\/\/construcaocivil.siriusmarketingedesign.com.br\/wp-content\/uploads\/2019\/03\/AA-Memorial-Filhas-de-Maria-Auxiliadora-do-Brasil_Guaratingueta_1.jpg","width":389,"height":486}},"spectra_blocks_author_info":{"display_name":"Jornal da Constru\u00e7\u00e3o Civil","avatar_url":"https:\/\/secure.gravatar.com\/avatar\/973c9774fd44ddaceb026973c4962faa70fc512bc4c9da68e8ebb40fecee6540?s=96&d=mm&r=g","author_link":"https:\/\/construcaocivil.siriusmarketingedesign.com.br\/?author=1","description":"Desde de 2013, levando muitas informa\u00e7\u00f5es, lan\u00e7amentos e produtos de qualidade para toda cadeia produtiva da constru\u00e7\u00e3o. O Futuro da constru\u00e7\u00e3o passa por aqui,"},"uagb_featured_image_src":{"full":["https:\/\/construcaocivil.siriusmarketingedesign.com.br\/wp-content\/uploads\/2019\/03\/AA-Memorial-Filhas-de-Maria-Auxiliadora-do-Brasil_Guaratingueta_1.jpg",389,486,false],"thumbnail":["https:\/\/construcaocivil.siriusmarketingedesign.com.br\/wp-content\/uploads\/2019\/03\/AA-Memorial-Filhas-de-Maria-Auxiliadora-do-Brasil_Guaratingueta_1-150x150.jpg",150,150,true],"medium":["https:\/\/construcaocivil.siriusmarketingedesign.com.br\/wp-content\/uploads\/2019\/03\/AA-Memorial-Filhas-de-Maria-Auxiliadora-do-Brasil_Guaratingueta_1-240x300.jpg",240,300,true],"medium_large":["https:\/\/construcaocivil.siriusmarketingedesign.com.br\/wp-content\/uploads\/2019\/03\/AA-Memorial-Filhas-de-Maria-Auxiliadora-do-Brasil_Guaratingueta_1.jpg",389,486,false],"large":["https:\/\/construcaocivil.siriusmarketingedesign.com.br\/wp-content\/uploads\/2019\/03\/AA-Memorial-Filhas-de-Maria-Auxiliadora-do-Brasil_Guaratingueta_1.jpg",389,486,false],"1536x1536":["https:\/\/construcaocivil.siriusmarketingedesign.com.br\/wp-content\/uploads\/2019\/03\/AA-Memorial-Filhas-de-Maria-Auxiliadora-do-Brasil_Guaratingueta_1.jpg",389,486,false],"2048x2048":["https:\/\/construcaocivil.siriusmarketingedesign.com.br\/wp-content\/uploads\/2019\/03\/AA-Memorial-Filhas-de-Maria-Auxiliadora-do-Brasil_Guaratingueta_1.jpg",389,486,false]},"uagb_author_info":{"display_name":"Jornal da Constru\u00e7\u00e3o Civil","author_link":"https:\/\/construcaocivil.siriusmarketingedesign.com.br\/?author=1"},"uagb_comment_info":0,"uagb_excerpt":null,"_links":{"self":[{"href":"https:\/\/construcaocivil.siriusmarketingedesign.com.br\/index.php?rest_route=\/wp\/v2\/posts\/11404","targetHints":{"allow":["GET"]}}],"collection":[{"href":"https:\/\/construcaocivil.siriusmarketingedesign.com.br\/index.php?rest_route=\/wp\/v2\/posts"}],"about":[{"href":"https:\/\/construcaocivil.siriusmarketingedesign.com.br\/index.php?rest_route=\/wp\/v2\/types\/post"}],"author":[{"embeddable":true,"href":"https:\/\/construcaocivil.siriusmarketingedesign.com.br\/index.php?rest_route=\/wp\/v2\/users\/1"}],"replies":[{"embeddable":true,"href":"https:\/\/construcaocivil.siriusmarketingedesign.com.br\/index.php?rest_route=%2Fwp%2Fv2%2Fcomments&post=11404"}],"version-history":[{"count":0,"href":"https:\/\/construcaocivil.siriusmarketingedesign.com.br\/index.php?rest_route=\/wp\/v2\/posts\/11404\/revisions"}],"wp:featuredmedia":[{"embeddable":true,"href":"https:\/\/construcaocivil.siriusmarketingedesign.com.br\/index.php?rest_route=\/wp\/v2\/media\/11405"}],"wp:attachment":[{"href":"https:\/\/construcaocivil.siriusmarketingedesign.com.br\/index.php?rest_route=%2Fwp%2Fv2%2Fmedia&parent=11404"}],"wp:term":[{"taxonomy":"category","embeddable":true,"href":"https:\/\/construcaocivil.siriusmarketingedesign.com.br\/index.php?rest_route=%2Fwp%2Fv2%2Fcategories&post=11404"},{"taxonomy":"post_tag","embeddable":true,"href":"https:\/\/construcaocivil.siriusmarketingedesign.com.br\/index.php?rest_route=%2Fwp%2Fv2%2Ftags&post=11404"}],"curies":[{"name":"wp","href":"https:\/\/api.w.org\/{rel}","templated":true}]}}