{"id":1141,"date":"2016-03-23T16:59:19","date_gmt":"2016-03-23T16:59:19","guid":{"rendered":"http:\/\/www.jornaldaconstrucaocivil.com.br\/?p=1141"},"modified":"2016-03-23T16:59:19","modified_gmt":"2016-03-23T16:59:19","slug":"ergodesign-funcionalidade-e-estetica-na-arquitetura-corporativa","status":"publish","type":"post","link":"https:\/\/construcaocivil.siriusmarketingedesign.com.br\/?p=1141","title":{"rendered":"Ergodesign: funcionalidade e est\u00e9tica na arquitetura corporativa"},"content":{"rendered":"<p><span style=\"color: #0000ff;\">Hoje em dia tornou-se muito comum aliar <strong>funcionalidade e est\u00e9tica na arquitetura corporativa<\/strong>. A cria\u00e7\u00e3o de ambientes corporativos cada vez mais atraentes e confort\u00e1veis est\u00e1 diretamente ligado a busca pelo aumento da produtividade, sendo comprovadamente maior em ambientes de trabalho agrad\u00e1veis.<\/span><\/p>\n<p><span style=\"color: #000000;\">Segundo a arquiteta Sonia Acciaris, s\u00f3cia da Casa 3 Arquitetura, foi pensando nesse alinhamento entre funcionalidade e est\u00e9tica surgiu o<span style=\"color: #0000ff;\"> ergodesign<\/span>, que busca acabar com qualquer barreira existente que ainda exista entre esses dois campos. \u201cA palavra <span style=\"color: #0000ff;\">ergodesign<\/span> \u00e9 pouco conhecida, mas sua aplica\u00e7\u00e3o \u00e9 fundamental para a arquitetura corporativa e a cria\u00e7\u00e3o de ambientes de trabalho cada vez mais adaptados\u201d, comenta a arquiteta.<\/span><\/p>\n<figure id=\"attachment_1142\" aria-describedby=\"caption-attachment-1142\" style=\"width: 300px\" class=\"wp-caption alignleft\"><a href=\"http:\/\/www.jornaldaconstrucaocivil.com.br\/wp-content\/uploads\/2016\/03\/Arquitetura.jpg\"><img loading=\"lazy\" decoding=\"async\" class=\"wp-image-1142 size-medium\" src=\"http:\/\/www.jornaldaconstrucaocivil.com.br\/wp-content\/uploads\/2016\/03\/Arquitetura-300x200.jpg\" alt=\"Arquitetura\" width=\"300\" height=\"200\" \/><\/a><figcaption id=\"caption-attachment-1142\" class=\"wp-caption-text\"><span style=\"color: #ff0000;\">Fonte: Casa 3 Arquitetura.<\/span><\/figcaption><\/figure>\n<p><span style=\"color: #000000;\">Muitas empresas que buscam crescimento est\u00e3o modernizando seus escrit\u00f3rios e aplicando os princ\u00edpios do <span style=\"color: #0000ff;\">ergodesign<\/span>. Essas modifica\u00e7\u00f5es e reformas no ambiente de trabalho tornam o profissional mais entusiasmado e motivado a acompanhar essa moderniza\u00e7\u00e3o. \u201cAl\u00e9m disso, ter uma esta\u00e7\u00e3o de trabalho pensada na atividade\u00a0 de cada funcion\u00e1rio importante, tendo em vista o tempo cada pessoa passa desenvolvendo suas fun\u00e7\u00f5es. Tendo um local adequado para trabalhar, torna-se f\u00e1cil ser mais produtivo\u201d, afirma Sonia.<\/span><\/p>\n<p><span style=\"color: #000000;\">O primeiro passo na dire\u00e7\u00e3o de obter ambientes funcionais \u00e9 compreender as necessidades de seus funcion\u00e1rios e suas atividades, atrav\u00e9s de um projeto de arquitetura corporativa personalizado. O arquiteto respons\u00e1vel pelo projeto poder\u00e1, junto \u00e0 empresa, analisar e diagnosticar todas as mudan\u00e7as necess\u00e1rias para tornar o local n\u00e3o s\u00f3 mais atraente como tamb\u00e9m funcional.<\/span><\/p>\n<p><span style=\"color: #000000;\">\u201c\u00c9 importante que as empresas entendam que aplicar o <span style=\"color: #0000ff;\">ergodesign<\/span> em seus ambientes de trabalho n\u00e3o \u00e9 um gasto extra, mas um investimento que d\u00e1 \u00f3timos resultados\u201d, afirma Sonia. \u201cUm ambiente confort\u00e1vel n\u00e3o satisfaz somente os funcion\u00e1rios, mas impacta positivamente os clientes, gerando ainda mais lucros\u201d, finaliza.<\/span><\/p>\n<p><span style=\"color: #800000;\">Sonia Acciaris<\/span><\/p>\n<p><span style=\"color: #800000;\">Casa 3 Arquitetura<\/span><\/p>\n<p><span style=\"color: #800000;\">Tel.: (21) 3325-1891<\/span><\/p>\n","protected":false},"excerpt":{"rendered":"<p>Hoje em dia tornou-se muito comum aliar funcionalidade e est\u00e9tica na arquitetura corporativa. A cria\u00e7\u00e3o de ambientes corporativos cada vez mais atraentes e confort\u00e1veis est\u00e1 diretamente ligado a busca pelo aumento da produtividade, sendo comprovadamente maior em ambientes de trabalho agrad\u00e1veis. Segundo a arquiteta Sonia Acciaris, s\u00f3cia da Casa 3 Arquitetura, foi pensando nesse alinhamento [&hellip;]<\/p>\n","protected":false},"author":1,"featured_media":1142,"comment_status":"open","ping_status":"open","sticky":false,"template":"","format":"standard","meta":{"_uag_custom_page_level_css":"","footnotes":""},"categories":[28],"tags":[1903,3177,4437,4490,11370],"class_list":["post-1141","post","type-post","status-publish","format-standard","has-post-thumbnail","hentry","category-arquitetura","tag-casa-3-arquitetura","tag-criacao-de-ambientes-corporativos","tag-ergodesing","tag-escritorios","tag-sonia-acciaris"],"blocksy_meta":[],"spectra_blocks_featured_image_url":[],"spectra_blocks_author_info":{"display_name":"Jornal da Constru\u00e7\u00e3o Civil","avatar_url":"https:\/\/secure.gravatar.com\/avatar\/973c9774fd44ddaceb026973c4962faa70fc512bc4c9da68e8ebb40fecee6540?s=96&d=mm&r=g","author_link":"https:\/\/construcaocivil.siriusmarketingedesign.com.br\/?author=1","description":"Desde de 2013, levando muitas informa\u00e7\u00f5es, lan\u00e7amentos e produtos de qualidade para toda cadeia produtiva da constru\u00e7\u00e3o. O Futuro da constru\u00e7\u00e3o passa por aqui,"},"uagb_featured_image_src":{"full":false,"thumbnail":false,"medium":false,"medium_large":false,"large":false,"1536x1536":false,"2048x2048":false},"uagb_author_info":{"display_name":"Jornal da Constru\u00e7\u00e3o Civil","author_link":"https:\/\/construcaocivil.siriusmarketingedesign.com.br\/?author=1"},"uagb_comment_info":0,"uagb_excerpt":"Hoje em dia tornou-se muito comum aliar funcionalidade e est\u00e9tica na arquitetura corporativa. A cria\u00e7\u00e3o de ambientes corporativos cada vez mais atraentes e confort\u00e1veis est\u00e1 diretamente ligado a busca pelo aumento da produtividade, sendo comprovadamente maior em ambientes de trabalho agrad\u00e1veis. Segundo a arquiteta Sonia Acciaris, s\u00f3cia da Casa 3 Arquitetura, foi pensando nesse alinhamento&hellip;","_links":{"self":[{"href":"https:\/\/construcaocivil.siriusmarketingedesign.com.br\/index.php?rest_route=\/wp\/v2\/posts\/1141","targetHints":{"allow":["GET"]}}],"collection":[{"href":"https:\/\/construcaocivil.siriusmarketingedesign.com.br\/index.php?rest_route=\/wp\/v2\/posts"}],"about":[{"href":"https:\/\/construcaocivil.siriusmarketingedesign.com.br\/index.php?rest_route=\/wp\/v2\/types\/post"}],"author":[{"embeddable":true,"href":"https:\/\/construcaocivil.siriusmarketingedesign.com.br\/index.php?rest_route=\/wp\/v2\/users\/1"}],"replies":[{"embeddable":true,"href":"https:\/\/construcaocivil.siriusmarketingedesign.com.br\/index.php?rest_route=%2Fwp%2Fv2%2Fcomments&post=1141"}],"version-history":[{"count":0,"href":"https:\/\/construcaocivil.siriusmarketingedesign.com.br\/index.php?rest_route=\/wp\/v2\/posts\/1141\/revisions"}],"wp:attachment":[{"href":"https:\/\/construcaocivil.siriusmarketingedesign.com.br\/index.php?rest_route=%2Fwp%2Fv2%2Fmedia&parent=1141"}],"wp:term":[{"taxonomy":"category","embeddable":true,"href":"https:\/\/construcaocivil.siriusmarketingedesign.com.br\/index.php?rest_route=%2Fwp%2Fv2%2Fcategories&post=1141"},{"taxonomy":"post_tag","embeddable":true,"href":"https:\/\/construcaocivil.siriusmarketingedesign.com.br\/index.php?rest_route=%2Fwp%2Fv2%2Ftags&post=1141"}],"curies":[{"name":"wp","href":"https:\/\/api.w.org\/{rel}","templated":true}]}}