{"id":11414,"date":"2019-03-30T12:39:36","date_gmt":"2019-03-30T15:39:36","guid":{"rendered":"https:\/\/www.jornaldaconstrucaocivil.com.br\/?p=11414"},"modified":"2019-03-30T12:48:57","modified_gmt":"2019-03-30T15:48:57","slug":"primeiro-aberto-nacional-de-arquitetura-abre-votacao-popular","status":"publish","type":"post","link":"https:\/\/construcaocivil.siriusmarketingedesign.com.br\/?p=11414","title":{"rendered":"Primeiro aberto nacional de arquitetura abre vota\u00e7\u00e3o popular"},"content":{"rendered":"\n<p style=\"text-align: justify;\" align=\"center\"><strong><i>Promovido pela curitibana Weefor, o pioneiro\u00a0<a name=\"_Hlk4505450\"><\/a>Weefor Arq teve 204 projetos inscritos de 16 estados brasileiros<\/i><\/strong><\/p>\n<p style=\"text-align: justify;\"><b>Curitiba, mar\u00e7o, 2019 &#8211; A<\/b>\u00a0incorporadora curitibana Weefor surpreendeu o mercado imobili\u00e1rio com o lan\u00e7amento do primeiro aberto nacional de arquitetura: o Weefor Arq. O concurso tem por objetivo selecionar um projeto arquitet\u00f4nico para o primeiro empreendimento residencial da empresa na cidade de Curitiba, diversificando a arquitetura e oxigenando o mercado com uma solu\u00e7\u00e3o at\u00e9 ent\u00e3o utilizada somente em obras p\u00fablicas.<\/p>\n<figure id=\"attachment_11415\" aria-describedby=\"caption-attachment-11415\" style=\"width: 300px\" class=\"wp-caption alignleft\"><img loading=\"lazy\" decoding=\"async\" class=\"wp-image-11415 size-medium\" src=\"https:\/\/www.jornaldaconstrucaocivil.com.br\/wp-content\/uploads\/2019\/03\/Pedro-Wada-Fernando-Mungioli-Maria-Eug\u00eania-Fornea-Lua-Nitsche-e-Keiro-Yamawaki.-300x225.jpg\" alt=\"\" width=\"300\" height=\"225\" srcset=\"https:\/\/construcaocivil.siriusmarketingedesign.com.br\/wp-content\/uploads\/2019\/03\/Pedro-Wada-Fernando-Mungioli-Maria-Eug\u00eania-Fornea-Lua-Nitsche-e-Keiro-Yamawaki.-300x225.jpg 300w, https:\/\/construcaocivil.siriusmarketingedesign.com.br\/wp-content\/uploads\/2019\/03\/Pedro-Wada-Fernando-Mungioli-Maria-Eug\u00eania-Fornea-Lua-Nitsche-e-Keiro-Yamawaki.-768x576.jpg 768w, https:\/\/construcaocivil.siriusmarketingedesign.com.br\/wp-content\/uploads\/2019\/03\/Pedro-Wada-Fernando-Mungioli-Maria-Eug\u00eania-Fornea-Lua-Nitsche-e-Keiro-Yamawaki.-1024x768.jpg 1024w, https:\/\/construcaocivil.siriusmarketingedesign.com.br\/wp-content\/uploads\/2019\/03\/Pedro-Wada-Fernando-Mungioli-Maria-Eug\u00eania-Fornea-Lua-Nitsche-e-Keiro-Yamawaki.-86x64.jpg 86w, https:\/\/construcaocivil.siriusmarketingedesign.com.br\/wp-content\/uploads\/2019\/03\/Pedro-Wada-Fernando-Mungioli-Maria-Eug\u00eania-Fornea-Lua-Nitsche-e-Keiro-Yamawaki..jpg 1067w\" sizes=\"auto, (max-width: 300px) 100vw, 300px\" \/><figcaption id=\"caption-attachment-11415\" class=\"wp-caption-text\"><span style=\"color: #0000ff;\">Pedro Wada, Fernando Mungioli, Maria Eug\u00eania Fornea, Lua Nitsche e Keiro Yamawaki. &#8211; jurados do 1\u00ba Weefor Arq. Divulga\u00e7\u00e3o<\/span><\/figcaption><\/figure>\n<p style=\"text-align: justify;\">Promovido em parceria com a Associa\u00e7\u00e3o Brasileira dos Escrit\u00f3rios de Arquitetura do Paran\u00e1 (AsBEA\/PR), o Weefor Arq envolveu arquitetos e urbanistas formalmente cadastrados como respons\u00e1veis t\u00e9cnicos de sociedades com objeto social de presta\u00e7\u00e3o de servi\u00e7os de arquitetura e urbanismo. Os interessados tiveram pouco mais de 3 meses para desenvolver um anteprojeto de arquitetura para um edif\u00edcio residencial, com \u00e1rea de aproximadamente 5.250 m\u00b2, que ser\u00e1 implantado em um terreno de 1.383,60 m\u00b2, localizado na esquina da Rua Par\u00e1 com a Rua Mato Grosso, no bairro da \u00c1gua Verde, um dos mais tradicionais da capital paranaense.\u00a0 O empreendimento ter\u00e1 no m\u00ednimo 51 unidades \u2014 metade com \u00e1rea privativa entre 50 m\u00b2 e 55 m\u00b2 e metade entre 70 m\u00b2 e 75 m\u00b2.<\/p>\n<figure id=\"attachment_11416\" aria-describedby=\"caption-attachment-11416\" style=\"width: 300px\" class=\"wp-caption alignright\"><img loading=\"lazy\" decoding=\"async\" class=\"size-medium wp-image-11416\" src=\"https:\/\/www.jornaldaconstrucaocivil.com.br\/wp-content\/uploads\/2019\/03\/CC-Concurso_-300x200.jpg\" alt=\"\" width=\"300\" height=\"200\" srcset=\"https:\/\/construcaocivil.siriusmarketingedesign.com.br\/wp-content\/uploads\/2019\/03\/CC-Concurso_-300x200.jpg 300w, https:\/\/construcaocivil.siriusmarketingedesign.com.br\/wp-content\/uploads\/2019\/03\/CC-Concurso_-768x512.jpg 768w, https:\/\/construcaocivil.siriusmarketingedesign.com.br\/wp-content\/uploads\/2019\/03\/CC-Concurso_-1024x683.jpg 1024w, https:\/\/construcaocivil.siriusmarketingedesign.com.br\/wp-content\/uploads\/2019\/03\/CC-Concurso_-450x300.jpg 450w, https:\/\/construcaocivil.siriusmarketingedesign.com.br\/wp-content\/uploads\/2019\/03\/CC-Concurso_.jpg 1814w\" sizes=\"auto, (max-width: 300px) 100vw, 300px\" \/><figcaption id=\"caption-attachment-11416\" class=\"wp-caption-text\"><span style=\"color: #0000ff;\">Concurso Weefor Arq. Divulga\u00e7\u00e3o<\/span><\/figcaption><\/figure>\n<p style=\"text-align: justify;\">Com o processo de inscri\u00e7\u00e3o e encaminhamento de projetos encerrado no \u00faltimo dia 17 de mar\u00e7o, o Weefor Arq recebeu 204 inscritos, oriundos de 16 estados brasileiros: S\u00e3o Paulo, Paran\u00e1, Minas Gerais, Santa Catarina, Rio Grande do Sul, Rio de Janeiro, Distrito Federal, Cear\u00e1, Goi\u00e1s, Bahia, Amazonas, Sergipe, Maranh\u00e3o, Esp\u00edrito Santo, Mato Grosso do Sul e Rio Grande do Norte. Desses, 146 foram homologados e 90 projetos foram entregues no prazo. Ap\u00f3s uma an\u00e1lise preliminar, 87 projetos seguiram todas as normas do concurso e agora ser\u00e3o julgados pelo j\u00fari especializado. Ser\u00e3o escolhidas \u00e0s cegas as tr\u00eas melhores propostas, e uma ser\u00e1 declarada vencedora. O arquiteto respons\u00e1vel pelo trabalho ser\u00e1 contratado para o desenvolvimento do projeto legal do empreendimento, com in\u00edcio da constru\u00e7\u00e3o previsto para o ano de 2020.<\/p>\n<p style=\"text-align: justify;\">Al\u00e9m da categoria principal, o Weefor Arq acaba de abrir a vota\u00e7\u00e3o na internet (<a href=\"http:\/\/www.weefor.arq.br\/votacaopublica\/\" target=\"_blank\" rel=\"noopener noreferrer\"><span style=\"color: #0000ff;\">www.weefor.arq.br\/votacaopublica<\/span>\/<\/a>), na qual o p\u00fablico consegue escolher seu projeto favorito, que ser\u00e1 contemplado na categoria Vota\u00e7\u00e3o P\u00fablica. O projeto escolhido vai receber R$ 2 mil. O resultado final do Weefor Arq, com os vencedores de cada categoria, ser\u00e1 divulgado no pr\u00f3ximo dia 13 de abril.<\/p>\n<p style=\"text-align: justify;\">Para conhecer todos os detalhes do Weefor Arq e votar em seu projeto favorito, acesse o site <span style=\"color: #0000ff;\"><a style=\"color: #0000ff;\" href=\"http:\/\/www.weefor.arq.br\/votacaopublica\/\" target=\"_blank\" rel=\"noopener noreferrer\">www.weefor.arq.br\/votacaopublica\/<\/a>.<\/span><\/p>\n<p>Fonte: Imprensa\/Weefor Arq<\/p>\n","protected":false},"excerpt":{"rendered":"","protected":false},"author":1,"featured_media":11417,"comment_status":"open","ping_status":"open","sticky":false,"template":"","format":"standard","meta":{"_uag_custom_page_level_css":"","footnotes":""},"categories":[28],"tags":[15539,15535,3269,4131,15537,15541,15530,7563,15538,15540,15536],"class_list":["post-11414","post","type-post","status-publish","format-standard","has-post-thumbnail","hentry","category-arquitetura","tag-bairro-agua-verde-curitiba","tag-concurso-para-profissionais-de-arquitetura","tag-curitiba-pr","tag-empreendimento-residencial","tag-escritorios-de-arq-de-todo-brasil","tag-espaco-moderno-e-eficiente","tag-incorporadora-weefor","tag-mercado-imobiliario","tag-premiacao-para-o-vencedor","tag-tendencias-da-arquitetura","tag-votacao-na-internet-aberta"],"blocksy_meta":[],"spectra_blocks_featured_image_url":{"thumbnail":{"url":"https:\/\/construcaocivil.siriusmarketingedesign.com.br\/wp-content\/uploads\/2019\/03\/Weefor-Arq_2-150x150.jpg","width":150,"height":150},"medium":{"url":"https:\/\/construcaocivil.siriusmarketingedesign.com.br\/wp-content\/uploads\/2019\/03\/Weefor-Arq_2-300x170.jpg","width":300,"height":170},"medium_large":{"url":"https:\/\/construcaocivil.siriusmarketingedesign.com.br\/wp-content\/uploads\/2019\/03\/Weefor-Arq_2-768x435.jpg","width":768,"height":435},"large":{"url":"https:\/\/construcaocivil.siriusmarketingedesign.com.br\/wp-content\/uploads\/2019\/03\/Weefor-Arq_2-1024x580.jpg","width":1024,"height":580},"full":{"url":"https:\/\/construcaocivil.siriusmarketingedesign.com.br\/wp-content\/uploads\/2019\/03\/Weefor-Arq_2.jpg","width":1274,"height":722}},"spectra_blocks_author_info":{"display_name":"Jornal da Constru\u00e7\u00e3o Civil","avatar_url":"https:\/\/secure.gravatar.com\/avatar\/973c9774fd44ddaceb026973c4962faa70fc512bc4c9da68e8ebb40fecee6540?s=96&d=mm&r=g","author_link":"https:\/\/construcaocivil.siriusmarketingedesign.com.br\/?author=1","description":"Desde de 2013, levando muitas informa\u00e7\u00f5es, lan\u00e7amentos e produtos de qualidade para toda cadeia produtiva da constru\u00e7\u00e3o. O Futuro da constru\u00e7\u00e3o passa por aqui,"},"uagb_featured_image_src":{"full":["https:\/\/construcaocivil.siriusmarketingedesign.com.br\/wp-content\/uploads\/2019\/03\/Weefor-Arq_2.jpg",1274,722,false],"thumbnail":["https:\/\/construcaocivil.siriusmarketingedesign.com.br\/wp-content\/uploads\/2019\/03\/Weefor-Arq_2-150x150.jpg",150,150,true],"medium":["https:\/\/construcaocivil.siriusmarketingedesign.com.br\/wp-content\/uploads\/2019\/03\/Weefor-Arq_2-300x170.jpg",300,170,true],"medium_large":["https:\/\/construcaocivil.siriusmarketingedesign.com.br\/wp-content\/uploads\/2019\/03\/Weefor-Arq_2-768x435.jpg",768,435,true],"large":["https:\/\/construcaocivil.siriusmarketingedesign.com.br\/wp-content\/uploads\/2019\/03\/Weefor-Arq_2-1024x580.jpg",1024,580,true],"1536x1536":["https:\/\/construcaocivil.siriusmarketingedesign.com.br\/wp-content\/uploads\/2019\/03\/Weefor-Arq_2.jpg",1274,722,false],"2048x2048":["https:\/\/construcaocivil.siriusmarketingedesign.com.br\/wp-content\/uploads\/2019\/03\/Weefor-Arq_2.jpg",1274,722,false]},"uagb_author_info":{"display_name":"Jornal da Constru\u00e7\u00e3o Civil","author_link":"https:\/\/construcaocivil.siriusmarketingedesign.com.br\/?author=1"},"uagb_comment_info":0,"uagb_excerpt":null,"_links":{"self":[{"href":"https:\/\/construcaocivil.siriusmarketingedesign.com.br\/index.php?rest_route=\/wp\/v2\/posts\/11414","targetHints":{"allow":["GET"]}}],"collection":[{"href":"https:\/\/construcaocivil.siriusmarketingedesign.com.br\/index.php?rest_route=\/wp\/v2\/posts"}],"about":[{"href":"https:\/\/construcaocivil.siriusmarketingedesign.com.br\/index.php?rest_route=\/wp\/v2\/types\/post"}],"author":[{"embeddable":true,"href":"https:\/\/construcaocivil.siriusmarketingedesign.com.br\/index.php?rest_route=\/wp\/v2\/users\/1"}],"replies":[{"embeddable":true,"href":"https:\/\/construcaocivil.siriusmarketingedesign.com.br\/index.php?rest_route=%2Fwp%2Fv2%2Fcomments&post=11414"}],"version-history":[{"count":0,"href":"https:\/\/construcaocivil.siriusmarketingedesign.com.br\/index.php?rest_route=\/wp\/v2\/posts\/11414\/revisions"}],"wp:featuredmedia":[{"embeddable":true,"href":"https:\/\/construcaocivil.siriusmarketingedesign.com.br\/index.php?rest_route=\/wp\/v2\/media\/11417"}],"wp:attachment":[{"href":"https:\/\/construcaocivil.siriusmarketingedesign.com.br\/index.php?rest_route=%2Fwp%2Fv2%2Fmedia&parent=11414"}],"wp:term":[{"taxonomy":"category","embeddable":true,"href":"https:\/\/construcaocivil.siriusmarketingedesign.com.br\/index.php?rest_route=%2Fwp%2Fv2%2Fcategories&post=11414"},{"taxonomy":"post_tag","embeddable":true,"href":"https:\/\/construcaocivil.siriusmarketingedesign.com.br\/index.php?rest_route=%2Fwp%2Fv2%2Ftags&post=11414"}],"curies":[{"name":"wp","href":"https:\/\/api.w.org\/{rel}","templated":true}]}}