{"id":11437,"date":"2019-04-04T11:18:53","date_gmt":"2019-04-04T14:18:53","guid":{"rendered":"https:\/\/www.jornaldaconstrucaocivil.com.br\/?p=11437"},"modified":"2019-04-04T11:30:22","modified_gmt":"2019-04-04T14:30:22","slug":"forum-de-agricultura-reune-11-secretarios-de-municipios-do-conleste-e-representantes-do-governo-do-estado","status":"publish","type":"post","link":"https:\/\/construcaocivil.siriusmarketingedesign.com.br\/?p=11437","title":{"rendered":"F\u00f3rum de Agricultura re\u00fane 11 secret\u00e1rios de Munic\u00edpios do Conleste e representantes do Governo do Estado."},"content":{"rendered":"\n<p style=\"text-align: justify;\"><span style=\"color: #993300;\">Abril, 2019<\/span> &#8211; Na quarta-feira(03), o Cons\u00f3rcio Intermunicipal de Desenvolvimento da Regi\u00e3o Leste Fluminense (Conleste) reuniu, no audit\u00f3rio do Col\u00e9gio Adventista da Cidade de Itabora\u00ed, diversas Autoridades Municipais e Estaduais para discutir pautas sobre a agricultura da regi\u00e3o e do Estado do Rio de Janeiro.<\/p>\n<p style=\"text-align: justify;\">Para compor a mesa do evento, tivemos a presen\u00e7a do Diretor Geral do Conleste, Jo\u00e3o Leal; e do Secret\u00e1rio Municipal de Agricultura de Itabora\u00ed, Renato Machado. Al\u00e9m desses, estiveram presentes, representando o Governo do Estado, o Assessor do Gabinete da Secretaria de Desenvolvimento Econ\u00f4mico e Gera\u00e7\u00e3o de Emprego e Renda (SEDEGER), Thiago Santana; o Subsecret\u00e1rio de Infraestrutura e Ambiente Negocial, Celso Marcon; o Subsecret\u00e1rio de Agricultura, Ramon de Paula Neves; e o Superintendente de Ind\u00fastria e Agroneg\u00f3cio, Felipe C\u00e1ceres.<\/p>\n<figure id=\"attachment_11440\" aria-describedby=\"caption-attachment-11440\" style=\"width: 290px\" class=\"wp-caption alignleft\"><img loading=\"lazy\" decoding=\"async\" class=\" wp-image-11440\" src=\"https:\/\/www.jornaldaconstrucaocivil.com.br\/wp-content\/uploads\/2019\/04\/AGRICULTURA-II-300x200.jpg\" alt=\"\" width=\"290\" height=\"193\" srcset=\"https:\/\/construcaocivil.siriusmarketingedesign.com.br\/wp-content\/uploads\/2019\/04\/AGRICULTURA-II-300x200.jpg 300w, https:\/\/construcaocivil.siriusmarketingedesign.com.br\/wp-content\/uploads\/2019\/04\/AGRICULTURA-II-768x512.jpg 768w, https:\/\/construcaocivil.siriusmarketingedesign.com.br\/wp-content\/uploads\/2019\/04\/AGRICULTURA-II.jpg 1024w, https:\/\/construcaocivil.siriusmarketingedesign.com.br\/wp-content\/uploads\/2019\/04\/AGRICULTURA-II-450x300.jpg 450w\" sizes=\"auto, (max-width: 290px) 100vw, 290px\" \/><figcaption id=\"caption-attachment-11440\" class=\"wp-caption-text\">Mesa da F\u00f3rum de Agricultura composta por Autoridades Municipais e Estaduais.<\/figcaption><\/figure>\n<p style=\"text-align: justify;\">Na plateia, representando e integrando as suas respectivas cidades de atua\u00e7\u00e3o, estiveram presentes os Secret\u00e1rios Municipais de Agricultura de Casimiro de Abreu, Cachoeiras de Macacu, Mag\u00e9, Maric\u00e1, Nova Friburgo, Rio Bonito, S\u00e3o Gon\u00e7alo, Silva Jardim, Tangu\u00e1 e Teres\u00f3polis.<\/p>\n<p style=\"text-align: justify;\">As principais pautas discutidas no encontro foram a Agricultura Familiar, a Agricultura Urbana e Periurbana, a necessidade da moderniza\u00e7\u00e3o tecnol\u00f3gica na Agricultura e as a\u00e7\u00f5es de investimento do Banco do Brasil para o agroneg\u00f3cio por meio do Plano Safra 2018\/2019.<\/p>\n<p style=\"text-align: justify;\"><strong>A agricultura familiar \u00e9 de extrema import\u00e2ncia para a regi\u00e3o Leste Fluminense e faz parte do Projeto Agricultura Solid\u00e1ria, criado pelo Conleste, e apresentado pelo Diretor Geral Jo\u00e3o Leal, neste evento.<\/strong><\/p>\n<p style=\"text-align: justify;\">O projeto foi Inspirado na Lei n\u00ba 11.947, de 16 de junho de 2009, que determina que no m\u00ednimo 30% do valor repassado aos Estados, Munic\u00edpios e Distrito Federal pelo Fundo Nacional de Desenvolvimento da Educa\u00e7\u00e3o (FNDE) para o Programa Nacional de Alimenta\u00e7\u00e3o Escolar (PNAE) deve ser utilizado obrigatoriamente na compra de g\u00eaneros aliment\u00edcios provenientes da agricultura familiar.<\/p>\n<p style=\"text-align: justify;\"><strong>O principal objetivo do Projeto Agricultura Solid\u00e1ria \u00e9 conectar a agricultura familiar dos munic\u00edpios do Conleste com a alimenta\u00e7\u00e3o escolar, atrav\u00e9s de iniciativas de compras p\u00fablicas sustent\u00e1veis que dinamizam a economia local e garantem o fornecimento de uma alimenta\u00e7\u00e3o mais saud\u00e1vel e adequada.<\/strong><\/p>\n<p style=\"text-align: justify;\">Al\u00e9m disso, o Projeto pretende criar mecanismo de gest\u00e3o para a compra direta do agricultor familiar cadastrado com dispensa de licita\u00e7\u00e3o, para facilitar democratiza\u00e7\u00e3o e descentraliza\u00e7\u00e3o das comprar p\u00fablicas.<\/p>\n<p style=\"text-align: justify;\">O Subsecret\u00e1rio de Agricultura do Governo do Estado, Ramon de Paula Neves, afirmou em seu discurso que existe uma demanda expressiva de consumo da produ\u00e7\u00e3o agr\u00edcola na regi\u00e3o do Conleste, assim como em todo o Estado. Disse ainda, que a meta do atual Governo Estadual \u00e9 fazer com que a Agricultura do Estado do Rio de Janeiro chegue a 10% do PIB.<\/p>\n<p style=\"text-align: justify;\">O evento foi rico em troca de informa\u00e7\u00f5es e experi\u00eancias entre as autoridades presentes. A Diretoria de Planejamento e Projetos do Conleste, conduzida pelo William Marins, est\u00e1 mapeando a produ\u00e7\u00e3o e as especificidades de cada munic\u00edpio do Cons\u00f3rcio para facilitar o aquecimento da economia local atrav\u00e9s da venda intermunicipal dos diferentes alimentos produzidos pelos agricultores. Afinal, como afirmou o Subsecret\u00e1rio de Infraestrutura e Ambiente Negocial, Celson Marcon, em seu discurso, \u201cn\u00e3o existe outro caminho sen\u00e3o a sociedade organizada\u201d.<\/p>\n<p>Fonte: Imprensa\/Conleste\u00a0<\/p>\n","protected":false},"excerpt":{"rendered":"","protected":false},"author":1,"featured_media":11438,"comment_status":"open","ping_status":"open","sticky":false,"template":"","format":"standard","meta":{"_uag_custom_page_level_css":"","footnotes":""},"categories":[27],"tags":[529,15597,532,15605,15346,15599,15595,15601,15598,15600,6421,7291,15602,15603,15604],"class_list":["post-11437","post","type-post","status-publish","format-standard","has-post-thumbnail","hentry","category-acontece","tag-agricultura","tag-agricultura-e-geracao-de-empregos","tag-agricultura-familiar","tag-alimentacao-organica","tag-conleste","tag-consorcio-intermunicipal-de-desenvolvimento-da-regiao-leste-fluminense-conleste","tag-forum-de-agricultura","tag-fruticultura","tag-governo-do-estado-do-rio-de-janeiro","tag-hortalicas","tag-itaborai-rj","tag-marica","tag-projeto-agricultura-solidaria","tag-rio-bonito-rj","tag-silva-jardim"],"blocksy_meta":[],"spectra_blocks_featured_image_url":{"thumbnail":{"url":"https:\/\/construcaocivil.siriusmarketingedesign.com.br\/wp-content\/uploads\/2019\/04\/AGRICULTURA-150x150.jpg","width":150,"height":150},"medium":{"url":"https:\/\/construcaocivil.siriusmarketingedesign.com.br\/wp-content\/uploads\/2019\/04\/AGRICULTURA-300x183.jpg","width":300,"height":183},"medium_large":{"url":"https:\/\/construcaocivil.siriusmarketingedesign.com.br\/wp-content\/uploads\/2019\/04\/AGRICULTURA-768x470.jpg","width":768,"height":470},"large":{"url":"https:\/\/construcaocivil.siriusmarketingedesign.com.br\/wp-content\/uploads\/2019\/04\/AGRICULTURA-1024x626.jpg","width":1024,"height":626},"full":{"url":"https:\/\/construcaocivil.siriusmarketingedesign.com.br\/wp-content\/uploads\/2019\/04\/AGRICULTURA.jpg","width":1024,"height":626}},"spectra_blocks_author_info":{"display_name":"Jornal da Constru\u00e7\u00e3o Civil","avatar_url":"https:\/\/secure.gravatar.com\/avatar\/973c9774fd44ddaceb026973c4962faa70fc512bc4c9da68e8ebb40fecee6540?s=96&d=mm&r=g","author_link":"https:\/\/construcaocivil.siriusmarketingedesign.com.br\/?author=1","description":"Desde de 2013, levando muitas informa\u00e7\u00f5es, lan\u00e7amentos e produtos de qualidade para toda cadeia produtiva da constru\u00e7\u00e3o. O Futuro da constru\u00e7\u00e3o passa por aqui,"},"uagb_featured_image_src":{"full":["https:\/\/construcaocivil.siriusmarketingedesign.com.br\/wp-content\/uploads\/2019\/04\/AGRICULTURA.jpg",1024,626,false],"thumbnail":["https:\/\/construcaocivil.siriusmarketingedesign.com.br\/wp-content\/uploads\/2019\/04\/AGRICULTURA-150x150.jpg",150,150,true],"medium":["https:\/\/construcaocivil.siriusmarketingedesign.com.br\/wp-content\/uploads\/2019\/04\/AGRICULTURA-300x183.jpg",300,183,true],"medium_large":["https:\/\/construcaocivil.siriusmarketingedesign.com.br\/wp-content\/uploads\/2019\/04\/AGRICULTURA-768x470.jpg",768,470,true],"large":["https:\/\/construcaocivil.siriusmarketingedesign.com.br\/wp-content\/uploads\/2019\/04\/AGRICULTURA-1024x626.jpg",1024,626,true],"1536x1536":["https:\/\/construcaocivil.siriusmarketingedesign.com.br\/wp-content\/uploads\/2019\/04\/AGRICULTURA.jpg",1024,626,false],"2048x2048":["https:\/\/construcaocivil.siriusmarketingedesign.com.br\/wp-content\/uploads\/2019\/04\/AGRICULTURA.jpg",1024,626,false]},"uagb_author_info":{"display_name":"Jornal da Constru\u00e7\u00e3o Civil","author_link":"https:\/\/construcaocivil.siriusmarketingedesign.com.br\/?author=1"},"uagb_comment_info":0,"uagb_excerpt":null,"_links":{"self":[{"href":"https:\/\/construcaocivil.siriusmarketingedesign.com.br\/index.php?rest_route=\/wp\/v2\/posts\/11437","targetHints":{"allow":["GET"]}}],"collection":[{"href":"https:\/\/construcaocivil.siriusmarketingedesign.com.br\/index.php?rest_route=\/wp\/v2\/posts"}],"about":[{"href":"https:\/\/construcaocivil.siriusmarketingedesign.com.br\/index.php?rest_route=\/wp\/v2\/types\/post"}],"author":[{"embeddable":true,"href":"https:\/\/construcaocivil.siriusmarketingedesign.com.br\/index.php?rest_route=\/wp\/v2\/users\/1"}],"replies":[{"embeddable":true,"href":"https:\/\/construcaocivil.siriusmarketingedesign.com.br\/index.php?rest_route=%2Fwp%2Fv2%2Fcomments&post=11437"}],"version-history":[{"count":0,"href":"https:\/\/construcaocivil.siriusmarketingedesign.com.br\/index.php?rest_route=\/wp\/v2\/posts\/11437\/revisions"}],"wp:featuredmedia":[{"embeddable":true,"href":"https:\/\/construcaocivil.siriusmarketingedesign.com.br\/index.php?rest_route=\/wp\/v2\/media\/11438"}],"wp:attachment":[{"href":"https:\/\/construcaocivil.siriusmarketingedesign.com.br\/index.php?rest_route=%2Fwp%2Fv2%2Fmedia&parent=11437"}],"wp:term":[{"taxonomy":"category","embeddable":true,"href":"https:\/\/construcaocivil.siriusmarketingedesign.com.br\/index.php?rest_route=%2Fwp%2Fv2%2Fcategories&post=11437"},{"taxonomy":"post_tag","embeddable":true,"href":"https:\/\/construcaocivil.siriusmarketingedesign.com.br\/index.php?rest_route=%2Fwp%2Fv2%2Ftags&post=11437"}],"curies":[{"name":"wp","href":"https:\/\/api.w.org\/{rel}","templated":true}]}}