{"id":11450,"date":"2019-04-05T12:14:44","date_gmt":"2019-04-05T15:14:44","guid":{"rendered":"https:\/\/www.jornaldaconstrucaocivil.com.br\/?p=11450"},"modified":"2019-04-05T12:25:07","modified_gmt":"2019-04-05T15:25:07","slug":"sobratema-leva-missao-empresarial-para-visitar-a-bauma-2019","status":"publish","type":"post","link":"https:\/\/construcaocivil.siriusmarketingedesign.com.br\/?p=11450","title":{"rendered":"Sobratema leva Miss\u00e3o Empresarial para visitar a bauma 2019"},"content":{"rendered":"\n<p style=\"text-align: justify;\"><span style=\"color: #993300;\">Abril, 2019<\/span> &#8211; A Associa\u00e7\u00e3o Brasileira de Tecnologia para Constru\u00e7\u00e3o e Minera\u00e7\u00e3o (Sobratema), em parceria com a TRANSLINE Viagens e Turismo, leva empres\u00e1rios brasileiros para visitar a bauma 2019, maior feira mundial na \u00e1rea de m\u00e1quinas, equipamentos e tecnologia para constru\u00e7\u00e3o e minera\u00e7\u00e3o, que tem in\u00edcio na pr\u00f3xima semana, no dia 8 de abril.<\/p>\n<p style=\"text-align: justify;\">O evento, realizado em Munique, na Alemanha, contar\u00e1 com 614 mil m\u00b2 de \u00e1rea de exposi\u00e7\u00e3o e 3.700 expositores vindos de 60 pa\u00edses. A expectativa \u00e9 receber, at\u00e9 o dia 14 de abril, 600 mil visitantes de mais de 200 na\u00e7\u00f5es.<\/p>\n<p style=\"text-align: justify;\">A Miss\u00e3o Empresarial da Sobratema oferece uma oportunidade para que os empres\u00e1rios, engenheiros e profissionais da \u00e1rea da constru\u00e7\u00e3o e minera\u00e7\u00e3o no Brasil conhe\u00e7am as novidades, lan\u00e7amentos e tend\u00eancias no setor de equipamentos, al\u00e9m de possibilitar a chance de networking com profissionais do mundo inteiro e de neg\u00f3cios com companhias internacionais.<\/p>\n<p style=\"text-align: justify;\">A entidade contar\u00e1 ainda com um estande no Hall B6-412, onde destacar\u00e1 a BW Expo e Summit 2019 \u2013 3\u00aa Biosphere World, \u00fanico evento multidisciplinar do mercado focado em tecnologias direcionadas \u00e0 sustentabilidade do meio ambiente, que ocorrer\u00e1 em novembro, no S\u00e3o Paulo Expo, em S\u00e3o Paulo.<\/p>\n<p style=\"text-align: justify;\">A BW 2019 ter\u00e1 um formato inovador, composto por uma exposi\u00e7\u00e3o com empresas que fornecem tecnologias na forma de equipamentos, produtos e servi\u00e7os voltados para a redu\u00e7\u00e3o do impacto ambiental e com empresas l\u00edderes na ado\u00e7\u00e3o desses conceitos para apresentarem seus \u201ccases\u201d, a fim de influenciar e apontar caminhos para outras companhias; por uma inova\u00e7\u00e3o expositiva, por meio da constru\u00e7\u00e3o de ambientes l\u00fadicos para que o visitante possa compreender os diversos aspectos que envolvem o tema e um ambiente de debates e discuss\u00e3o, onde especialistas e t\u00e9cnicos trar\u00e3o os assuntos mais relevantes para que haja um maior desenvolvimento e evolu\u00e7\u00e3o da sustentabilidade do meio ambiente no pa\u00eds.<\/p>\n<p>Fonte: Imprensa\/Sobratema\u00a0<\/p>\n","protected":false},"excerpt":{"rendered":"","protected":false},"author":1,"featured_media":11451,"comment_status":"open","ping_status":"open","sticky":false,"template":"","format":"standard","meta":{"_uag_custom_page_level_css":"","footnotes":""},"categories":[27],"tags":[15627,14320,15629,15628,14514,14152,10455,10679,12623,15626],"class_list":["post-11450","post","type-post","status-publish","format-standard","has-post-thumbnail","hentry","category-acontece","tag-alemanha-munique","tag-bauma-2019","tag-bw-2019","tag-construtores-e-fabricantes-de-equipamentos","tag-maquinas-para-construcao-e-mineracao","tag-messe-munchen","tag-rodada-de-negocios","tag-sao-paulo-sp","tag-sobratema","tag-sobratema-missao-empresarial-brasileira"],"blocksy_meta":[],"spectra_blocks_featured_image_url":{"thumbnail":{"url":"https:\/\/construcaocivil.siriusmarketingedesign.com.br\/wp-content\/uploads\/2019\/04\/BB-bauma16_panorama-photo-blue-hour-150x150.jpg","width":150,"height":150},"medium":{"url":"https:\/\/construcaocivil.siriusmarketingedesign.com.br\/wp-content\/uploads\/2019\/04\/BB-bauma16_panorama-photo-blue-hour-300x138.jpg","width":300,"height":138},"medium_large":{"url":"https:\/\/construcaocivil.siriusmarketingedesign.com.br\/wp-content\/uploads\/2019\/04\/BB-bauma16_panorama-photo-blue-hour-768x353.jpg","width":768,"height":353},"large":{"url":"https:\/\/construcaocivil.siriusmarketingedesign.com.br\/wp-content\/uploads\/2019\/04\/BB-bauma16_panorama-photo-blue-hour-1024x471.jpg","width":1024,"height":471},"full":{"url":"https:\/\/construcaocivil.siriusmarketingedesign.com.br\/wp-content\/uploads\/2019\/04\/BB-bauma16_panorama-photo-blue-hour.jpg","width":1028,"height":473}},"spectra_blocks_author_info":{"display_name":"Jornal da Constru\u00e7\u00e3o Civil","avatar_url":"https:\/\/secure.gravatar.com\/avatar\/973c9774fd44ddaceb026973c4962faa70fc512bc4c9da68e8ebb40fecee6540?s=96&d=mm&r=g","author_link":"https:\/\/construcaocivil.siriusmarketingedesign.com.br\/?author=1","description":"Desde de 2013, levando muitas informa\u00e7\u00f5es, lan\u00e7amentos e produtos de qualidade para toda cadeia produtiva da constru\u00e7\u00e3o. O Futuro da constru\u00e7\u00e3o passa por aqui,"},"uagb_featured_image_src":{"full":["https:\/\/construcaocivil.siriusmarketingedesign.com.br\/wp-content\/uploads\/2019\/04\/BB-bauma16_panorama-photo-blue-hour.jpg",1028,473,false],"thumbnail":["https:\/\/construcaocivil.siriusmarketingedesign.com.br\/wp-content\/uploads\/2019\/04\/BB-bauma16_panorama-photo-blue-hour-150x150.jpg",150,150,true],"medium":["https:\/\/construcaocivil.siriusmarketingedesign.com.br\/wp-content\/uploads\/2019\/04\/BB-bauma16_panorama-photo-blue-hour-300x138.jpg",300,138,true],"medium_large":["https:\/\/construcaocivil.siriusmarketingedesign.com.br\/wp-content\/uploads\/2019\/04\/BB-bauma16_panorama-photo-blue-hour-768x353.jpg",768,353,true],"large":["https:\/\/construcaocivil.siriusmarketingedesign.com.br\/wp-content\/uploads\/2019\/04\/BB-bauma16_panorama-photo-blue-hour-1024x471.jpg",1024,471,true],"1536x1536":["https:\/\/construcaocivil.siriusmarketingedesign.com.br\/wp-content\/uploads\/2019\/04\/BB-bauma16_panorama-photo-blue-hour.jpg",1028,473,false],"2048x2048":["https:\/\/construcaocivil.siriusmarketingedesign.com.br\/wp-content\/uploads\/2019\/04\/BB-bauma16_panorama-photo-blue-hour.jpg",1028,473,false]},"uagb_author_info":{"display_name":"Jornal da Constru\u00e7\u00e3o Civil","author_link":"https:\/\/construcaocivil.siriusmarketingedesign.com.br\/?author=1"},"uagb_comment_info":0,"uagb_excerpt":null,"_links":{"self":[{"href":"https:\/\/construcaocivil.siriusmarketingedesign.com.br\/index.php?rest_route=\/wp\/v2\/posts\/11450","targetHints":{"allow":["GET"]}}],"collection":[{"href":"https:\/\/construcaocivil.siriusmarketingedesign.com.br\/index.php?rest_route=\/wp\/v2\/posts"}],"about":[{"href":"https:\/\/construcaocivil.siriusmarketingedesign.com.br\/index.php?rest_route=\/wp\/v2\/types\/post"}],"author":[{"embeddable":true,"href":"https:\/\/construcaocivil.siriusmarketingedesign.com.br\/index.php?rest_route=\/wp\/v2\/users\/1"}],"replies":[{"embeddable":true,"href":"https:\/\/construcaocivil.siriusmarketingedesign.com.br\/index.php?rest_route=%2Fwp%2Fv2%2Fcomments&post=11450"}],"version-history":[{"count":0,"href":"https:\/\/construcaocivil.siriusmarketingedesign.com.br\/index.php?rest_route=\/wp\/v2\/posts\/11450\/revisions"}],"wp:featuredmedia":[{"embeddable":true,"href":"https:\/\/construcaocivil.siriusmarketingedesign.com.br\/index.php?rest_route=\/wp\/v2\/media\/11451"}],"wp:attachment":[{"href":"https:\/\/construcaocivil.siriusmarketingedesign.com.br\/index.php?rest_route=%2Fwp%2Fv2%2Fmedia&parent=11450"}],"wp:term":[{"taxonomy":"category","embeddable":true,"href":"https:\/\/construcaocivil.siriusmarketingedesign.com.br\/index.php?rest_route=%2Fwp%2Fv2%2Fcategories&post=11450"},{"taxonomy":"post_tag","embeddable":true,"href":"https:\/\/construcaocivil.siriusmarketingedesign.com.br\/index.php?rest_route=%2Fwp%2Fv2%2Ftags&post=11450"}],"curies":[{"name":"wp","href":"https:\/\/api.w.org\/{rel}","templated":true}]}}